{"id":6657,"date":"2026-01-18T08:00:00","date_gmt":"2026-01-18T07:00:00","guid":{"rendered":"https:\/\/www.kunstberatung.de\/newsletter\/?p=6657"},"modified":"2026-01-20T09:15:09","modified_gmt":"2026-01-20T08:15:09","slug":"eva-muellers-visionary-sunday-post-828-perspektiven","status":"publish","type":"post","link":"https:\/\/www.kunstberatung.de\/newsletter\/blog\/eva-muellers-visionary-sunday-post-828-perspektiven\/","title":{"rendered":"eva muellers visionary sunday post 828 &#8211; perspektiven"},"content":{"rendered":"\n<h2 class=\"wp-block-heading\">Perspektiven &#8211; durchschauen<br>Eine kleine Stilkunde<\/h2>\n\n\n\n<p>\u201eFlachware\u201c nennt man sie in der Kunstszene etwas ironisch und despektierlich, die zweidimensionalen Gem\u00e4lde. Wie auch soll es auf einer Fl\u00e4che gelingen, allein mit den Dimensionen von H\u00f6he und Breite die dreidimensionale Welt darzustellen?<\/p>\n\n\n\n<p>In der Fr\u00fchzeit griff man zu einigen Tricks. Religi\u00f6s oder weltlich bedeutendere Figuren wurden gr\u00f6sser dargestellt, hintereinander oder verk\u00fcrzt. Mit wachsender Entfernung f\u00e4rbte man den Hintergrund \u2013 wie in der Natur zu beobachten &#8211; bl\u00e4ulicher und heller, um so eine gewisse Tiefenwirkung zu erreichen.<\/p>\n\n\n\n<h3 class=\"wp-block-heading\">Die Entdeckung der Perspektive<\/h3>\n\n\n\n<p>Eine wirklich wissenschaftliche Entdeckung r\u00e4umlicher Perspektiven (lat. Durchschauen) gelang Filippo Brunelleschi. Der ber\u00fchmte Baumeister, Bildhauer, K\u00fcnstler seiner Zeit, Planer des Petersdoms. Weil alles in unserer N\u00e4he auf der Netzhaut gr\u00f6sser dargestellt wirkt, als weiter entfernte Dinge oder Landschaften, muss dies geometrisch exakt nachgebildet werden. Masaccio setzte dieses Wissen als erster in seinem Fresko der \u201eMaria mit Engeln und Heiligen\u201c von 1422 in der Kirche Santa Maria Novella in Florenz um.<\/p>\n\n\n\n<p>Zuerst musste der Fluchtpunkt bestimmt werden, von dem aus sich die geometrischen Linien immer mehr vergr\u00f6sserten. Liegt er in der Mitte, sprechen wir von Zentralperspektive. Wird er sehr hoch gew\u00e4hlt, von Luftperspektive. Die Kavaliersperspektive bezieht sich auf die Augenh\u00f6he aus Sicht eines Reiters, als frontale Aufsicht ohne Fluchtpunkt. Es gibt auch die Froschperspektive, Ein- oder Zweipunktperspektive und und und\u2026<\/p>\n\n\n\n<p>Interessanterweise entstehen in der zeitgen\u00f6ssischen Kunst Gem\u00e4lde, die sich ganz bewusst perspektivischen Regeln widersetzen (was davon zu unterscheiden ist, wenn es aus Unverm\u00f6gen geschieht). Weil damit unser nat\u00fcrliches Sehen irritiert wird, eine andere Wirkung entsteht, Bedeutungen verschoben werden \u2013 \u00e4hnlich wie in der Volkskunst oder Kinderzeichnung.<\/p>\n\n\n\n<p>In seinem Roman \u201ePerspektiven\u201c erz\u00e4hlt Laurent Binet eine spannende Geschichte um einen (erfundenen) Mord am Maler Jacopo da Pontormo. Der Maler Giorgio Vasari (recht bissiger Biograph der K\u00fcnstler seiner Zeit in den \u201eVite\u201c) soll ihn im Auftrag des Herzogs von Florenz aufkl\u00e4ren. Dabei kommt ein, die Medici kompromitierendes Gem\u00e4lde zu Tage. Michelangelo, der gerade an seinen Fresken f\u00fcr die Sixtinische Kapelle in Rom arbeitet, ist mit verwickelt. Und die Entdeckung der Perspektive spielt eine Rolle. Auch im lateinischen Wortsinn, wenn es darum geht die R\u00e4nkespiele der K\u00f6nigin von Frankreich zu durchschauen. Oder die wirkliche Situation der Maler:innen als Spielball politischer Umw\u00e4lzungen im 16. Jahrhundert.<\/p>\n\n\n\n<p>Das H\u00f6rbuch zu \u201ePerspektiven\u201c von Laurent Binet finden Sie in der ARD Audiothek: <a href=\"https:\/\/www.ardaudiothek.de\/sendung\/laurent-binet-perspektiven\/urn:ard:show:7e26a44587d2d35e\/\">https:\/\/www.ardaudiothek.de\/sendung\/laurent-binet-perspektiven\/urn:ard:show:7e26a44587d2d35e\/<\/a><br><br>Viel Vergn\u00fcgen mit den Florentiner Maler:innen \u2013 und deren Perspektiven &#8211;<br>w\u00fcnscht Ihnen Ihre Eva Mueller<\/p>\n\n\n\n<figure class=\"wp-block-image size-full\"><img loading=\"lazy\" decoding=\"async\" width=\"1980\" height=\"1080\" src=\"https:\/\/www.kunstberatung.de\/newsletter\/wp-content\/uploads\/sites\/19\/2026\/01\/michelangelo-sixtinische-kapelle.jpg\" alt=\"Perspektiven\" class=\"wp-image-6658\" srcset=\"https:\/\/www.kunstberatung.de\/newsletter\/wp-content\/uploads\/sites\/19\/2026\/01\/michelangelo-sixtinische-kapelle.jpg 1980w, https:\/\/www.kunstberatung.de\/newsletter\/wp-content\/uploads\/sites\/19\/2026\/01\/michelangelo-sixtinische-kapelle-768x419.jpg 768w, https:\/\/www.kunstberatung.de\/newsletter\/wp-content\/uploads\/sites\/19\/2026\/01\/michelangelo-sixtinische-kapelle-1536x838.jpg 1536w\" sizes=\"auto, (max-width: 1980px) 100vw, 1980px\" \/><\/figure>\n\n\n\n<p>Abb.: Michelangelo, Ausschnitt Deckengem\u00e4lde in der Sixtinischen Kapelle, Petersdom, Rom<\/p>\n\n\n\n<p>Eine ganz besondere Herausforderung ist die Perspektive in der Kuppel der Sixtinischen Kapelle, die Michelangelo so malen musste, dass sie aus der Betrachtung von unten stimmig erscheint.<\/p>\n","protected":false},"excerpt":{"rendered":"<p>Perspektiven &#8211; durchschauenEine kleine Stilkunde \u201eFlachware\u201c nennt man sie in der Kunstszene etwas ironisch und despektierlich, die zweidimensionalen Gem\u00e4lde. Wie auch soll es auf einer Fl\u00e4che gelingen, allein mit den Dimensionen von H\u00f6he und Breite die dreidimensionale Welt darzustellen? In der Fr\u00fchzeit griff man zu einigen Tricks. Religi\u00f6s oder weltlich bedeutendere Figuren wurden gr\u00f6sser dargestellt, [&hellip;]<\/p>\n","protected":false},"author":2,"featured_media":6659,"comment_status":"closed","ping_status":"closed","sticky":false,"template":"","format":"standard","meta":{"_acf_changed":false,"footnotes":""},"categories":[2],"tags":[],"class_list":["post-6657","post","type-post","status-publish","format-standard","has-post-thumbnail","hentry","category-blog"],"yoast_head":"<!-- This site is optimized with the Yoast SEO plugin v26.6 - https:\/\/yoast.com\/wordpress\/plugins\/seo\/ -->\n<title>Eva Muellers Visionary Sunday Post 828 - Perspektiven | Eva Muellers Visionary Sunday Post<\/title>\n<meta name=\"description\" content=\"Kleine Stilkunde zu Perspektiven der Kunstberaterin Eva Mueller in eva muellers visionary sunday post - mit H\u00f6rbuch der ARD Audiothek\" \/>\n<meta name=\"robots\" content=\"index, follow, max-snippet:-1, max-image-preview:large, max-video-preview:-1\" \/>\n<link rel=\"canonical\" href=\"https:\/\/www.kunstberatung.de\/newsletter\/blog\/eva-muellers-visionary-sunday-post-828-perspektiven\/\" \/>\n<meta property=\"og:locale\" content=\"de_DE\" \/>\n<meta property=\"og:type\" content=\"article\" \/>\n<meta property=\"og:title\" content=\"eva muellers visionary sunday post 828 - perspektiven | Eva Muellers Visionary Sunday Post\" \/>\n<meta property=\"og:description\" content=\"Kleine Stilkunde zu Perspektiven der Kunstberaterin Eva Mueller in eva muellers visionary sunday post - mit H\u00f6rbuch der ARD Audiothek\" \/>\n<meta property=\"og:url\" content=\"https:\/\/www.kunstberatung.de\/newsletter\/blog\/eva-muellers-visionary-sunday-post-828-perspektiven\/\" \/>\n<meta property=\"og:site_name\" content=\"Eva Muellers Visionary Sunday Post\" \/>\n<meta property=\"article:published_time\" content=\"2026-01-18T07:00:00+00:00\" \/>\n<meta property=\"article:modified_time\" content=\"2026-01-20T08:15:09+00:00\" \/>\n<meta property=\"og:image\" content=\"https:\/\/www.kunstberatung.de\/newsletter\/wp-content\/uploads\/sites\/19\/2026\/01\/828-perspektiven.jpg\" \/>\n\t<meta property=\"og:image:width\" content=\"600\" \/>\n\t<meta property=\"og:image:height\" content=\"300\" \/>\n\t<meta property=\"og:image:type\" content=\"image\/jpeg\" \/>\n<meta name=\"author\" content=\"Eva Mueller\" \/>\n<meta name=\"twitter:card\" content=\"summary_large_image\" \/>\n<meta name=\"twitter:label1\" content=\"Verfasst von\" \/>\n\t<meta name=\"twitter:data1\" content=\"Eva Mueller\" \/>\n\t<meta name=\"twitter:label2\" content=\"Gesch\u00e4tzte Lesezeit\" \/>\n\t<meta name=\"twitter:data2\" content=\"2\u00a0Minuten\" \/>\n<script type=\"application\/ld+json\" class=\"yoast-schema-graph\">{\"@context\":\"https:\/\/schema.org\",\"@graph\":[{\"@type\":\"WebPage\",\"@id\":\"https:\/\/www.kunstberatung.de\/newsletter\/blog\/eva-muellers-visionary-sunday-post-828-perspektiven\/\",\"url\":\"https:\/\/www.kunstberatung.de\/newsletter\/blog\/eva-muellers-visionary-sunday-post-828-perspektiven\/\",\"name\":\"eva muellers visionary sunday post 828 - perspektiven | Eva Muellers Visionary Sunday Post\",\"isPartOf\":{\"@id\":\"https:\/\/www.kunstberatung.de\/newsletter\/#website\"},\"primaryImageOfPage\":{\"@id\":\"https:\/\/www.kunstberatung.de\/newsletter\/blog\/eva-muellers-visionary-sunday-post-828-perspektiven\/#primaryimage\"},\"image\":{\"@id\":\"https:\/\/www.kunstberatung.de\/newsletter\/blog\/eva-muellers-visionary-sunday-post-828-perspektiven\/#primaryimage\"},\"thumbnailUrl\":\"https:\/\/www.kunstberatung.de\/newsletter\/wp-content\/uploads\/sites\/19\/2026\/01\/828-perspektiven.jpg\",\"datePublished\":\"2026-01-18T07:00:00+00:00\",\"dateModified\":\"2026-01-20T08:15:09+00:00\",\"author\":{\"@id\":\"https:\/\/www.kunstberatung.de\/newsletter\/#\/schema\/person\/5956216e01d75d6ee2e332111165db0a\"},\"description\":\"Kleine Stilkunde zu Perspektiven der Kunstberaterin Eva Mueller in eva muellers visionary sunday post - mit H\u00f6rbuch der ARD Audiothek\",\"inLanguage\":\"de\",\"potentialAction\":[{\"@type\":\"ReadAction\",\"target\":[\"https:\/\/www.kunstberatung.de\/newsletter\/blog\/eva-muellers-visionary-sunday-post-828-perspektiven\/\"]}]},{\"@type\":\"ImageObject\",\"inLanguage\":\"de\",\"@id\":\"https:\/\/www.kunstberatung.de\/newsletter\/blog\/eva-muellers-visionary-sunday-post-828-perspektiven\/#primaryimage\",\"url\":\"https:\/\/www.kunstberatung.de\/newsletter\/wp-content\/uploads\/sites\/19\/2026\/01\/828-perspektiven.jpg\",\"contentUrl\":\"https:\/\/www.kunstberatung.de\/newsletter\/wp-content\/uploads\/sites\/19\/2026\/01\/828-perspektiven.jpg\",\"width\":600,\"height\":300,\"caption\":\"Perspektiven\"},{\"@type\":\"WebSite\",\"@id\":\"https:\/\/www.kunstberatung.de\/newsletter\/#website\",\"url\":\"https:\/\/www.kunstberatung.de\/newsletter\/\",\"name\":\"Eva Muellers Visionary Sunday Post\",\"description\":\"Eva Mueller Kunstberatung\",\"potentialAction\":[{\"@type\":\"SearchAction\",\"target\":{\"@type\":\"EntryPoint\",\"urlTemplate\":\"https:\/\/www.kunstberatung.de\/newsletter\/?s={search_term_string}\"},\"query-input\":{\"@type\":\"PropertyValueSpecification\",\"valueRequired\":true,\"valueName\":\"search_term_string\"}}],\"inLanguage\":\"de\"},{\"@type\":\"Person\",\"@id\":\"https:\/\/www.kunstberatung.de\/newsletter\/#\/schema\/person\/5956216e01d75d6ee2e332111165db0a\",\"name\":\"Eva Mueller\",\"sameAs\":[\"https:\/\/www.kunstberatung.de\",\"https:\/\/de.linkedin.com\/in\/eva-mueller-kunstberatung\",\"https:\/\/www.youtube.com\/kunstberatungde\"]}]}<\/script>\n<!-- \/ Yoast SEO plugin. -->","yoast_head_json":{"title":"Eva Muellers Visionary Sunday Post 828 - Perspektiven | Eva Muellers Visionary Sunday Post","description":"Kleine Stilkunde zu Perspektiven der Kunstberaterin Eva Mueller in eva muellers visionary sunday post - mit H\u00f6rbuch der ARD Audiothek","robots":{"index":"index","follow":"follow","max-snippet":"max-snippet:-1","max-image-preview":"max-image-preview:large","max-video-preview":"max-video-preview:-1"},"canonical":"https:\/\/www.kunstberatung.de\/newsletter\/blog\/eva-muellers-visionary-sunday-post-828-perspektiven\/","og_locale":"de_DE","og_type":"article","og_title":"eva muellers visionary sunday post 828 - perspektiven | Eva Muellers Visionary Sunday Post","og_description":"Kleine Stilkunde zu Perspektiven der Kunstberaterin Eva Mueller in eva muellers visionary sunday post - mit H\u00f6rbuch der ARD Audiothek","og_url":"https:\/\/www.kunstberatung.de\/newsletter\/blog\/eva-muellers-visionary-sunday-post-828-perspektiven\/","og_site_name":"Eva Muellers Visionary Sunday Post","article_published_time":"2026-01-18T07:00:00+00:00","article_modified_time":"2026-01-20T08:15:09+00:00","og_image":[{"width":600,"height":300,"url":"https:\/\/www.kunstberatung.de\/newsletter\/wp-content\/uploads\/sites\/19\/2026\/01\/828-perspektiven.jpg","type":"image\/jpeg"}],"author":"Eva Mueller","twitter_card":"summary_large_image","twitter_misc":{"Verfasst von":"Eva Mueller","Gesch\u00e4tzte Lesezeit":"2\u00a0Minuten"},"schema":{"@context":"https:\/\/schema.org","@graph":[{"@type":"WebPage","@id":"https:\/\/www.kunstberatung.de\/newsletter\/blog\/eva-muellers-visionary-sunday-post-828-perspektiven\/","url":"https:\/\/www.kunstberatung.de\/newsletter\/blog\/eva-muellers-visionary-sunday-post-828-perspektiven\/","name":"eva muellers visionary sunday post 828 - perspektiven | Eva Muellers Visionary Sunday Post","isPartOf":{"@id":"https:\/\/www.kunstberatung.de\/newsletter\/#website"},"primaryImageOfPage":{"@id":"https:\/\/www.kunstberatung.de\/newsletter\/blog\/eva-muellers-visionary-sunday-post-828-perspektiven\/#primaryimage"},"image":{"@id":"https:\/\/www.kunstberatung.de\/newsletter\/blog\/eva-muellers-visionary-sunday-post-828-perspektiven\/#primaryimage"},"thumbnailUrl":"https:\/\/www.kunstberatung.de\/newsletter\/wp-content\/uploads\/sites\/19\/2026\/01\/828-perspektiven.jpg","datePublished":"2026-01-18T07:00:00+00:00","dateModified":"2026-01-20T08:15:09+00:00","author":{"@id":"https:\/\/www.kunstberatung.de\/newsletter\/#\/schema\/person\/5956216e01d75d6ee2e332111165db0a"},"description":"Kleine Stilkunde zu Perspektiven der Kunstberaterin Eva Mueller in eva muellers visionary sunday post - mit H\u00f6rbuch der ARD Audiothek","inLanguage":"de","potentialAction":[{"@type":"ReadAction","target":["https:\/\/www.kunstberatung.de\/newsletter\/blog\/eva-muellers-visionary-sunday-post-828-perspektiven\/"]}]},{"@type":"ImageObject","inLanguage":"de","@id":"https:\/\/www.kunstberatung.de\/newsletter\/blog\/eva-muellers-visionary-sunday-post-828-perspektiven\/#primaryimage","url":"https:\/\/www.kunstberatung.de\/newsletter\/wp-content\/uploads\/sites\/19\/2026\/01\/828-perspektiven.jpg","contentUrl":"https:\/\/www.kunstberatung.de\/newsletter\/wp-content\/uploads\/sites\/19\/2026\/01\/828-perspektiven.jpg","width":600,"height":300,"caption":"Perspektiven"},{"@type":"WebSite","@id":"https:\/\/www.kunstberatung.de\/newsletter\/#website","url":"https:\/\/www.kunstberatung.de\/newsletter\/","name":"Eva Muellers Visionary Sunday Post","description":"Eva Mueller Kunstberatung","potentialAction":[{"@type":"SearchAction","target":{"@type":"EntryPoint","urlTemplate":"https:\/\/www.kunstberatung.de\/newsletter\/?s={search_term_string}"},"query-input":{"@type":"PropertyValueSpecification","valueRequired":true,"valueName":"search_term_string"}}],"inLanguage":"de"},{"@type":"Person","@id":"https:\/\/www.kunstberatung.de\/newsletter\/#\/schema\/person\/5956216e01d75d6ee2e332111165db0a","name":"Eva Mueller","sameAs":["https:\/\/www.kunstberatung.de","https:\/\/de.linkedin.com\/in\/eva-mueller-kunstberatung","https:\/\/www.youtube.com\/kunstberatungde"]}]}},"acf":[],"_links":{"self":[{"href":"https:\/\/www.kunstberatung.de\/newsletter\/wp-json\/wp\/v2\/posts\/6657","targetHints":{"allow":["GET"]}}],"collection":[{"href":"https:\/\/www.kunstberatung.de\/newsletter\/wp-json\/wp\/v2\/posts"}],"about":[{"href":"https:\/\/www.kunstberatung.de\/newsletter\/wp-json\/wp\/v2\/types\/post"}],"author":[{"embeddable":true,"href":"https:\/\/www.kunstberatung.de\/newsletter\/wp-json\/wp\/v2\/users\/2"}],"replies":[{"embeddable":true,"href":"https:\/\/www.kunstberatung.de\/newsletter\/wp-json\/wp\/v2\/comments?post=6657"}],"version-history":[{"count":0,"href":"https:\/\/www.kunstberatung.de\/newsletter\/wp-json\/wp\/v2\/posts\/6657\/revisions"}],"wp:featuredmedia":[{"embeddable":true,"href":"https:\/\/www.kunstberatung.de\/newsletter\/wp-json\/wp\/v2\/media\/6659"}],"wp:attachment":[{"href":"https:\/\/www.kunstberatung.de\/newsletter\/wp-json\/wp\/v2\/media?parent=6657"}],"wp:term":[{"taxonomy":"category","embeddable":true,"href":"https:\/\/www.kunstberatung.de\/newsletter\/wp-json\/wp\/v2\/categories?post=6657"},{"taxonomy":"post_tag","embeddable":true,"href":"https:\/\/www.kunstberatung.de\/newsletter\/wp-json\/wp\/v2\/tags?post=6657"}],"curies":[{"name":"wp","href":"https:\/\/api.w.org\/{rel}","templated":true}]}}