{"id":6598,"date":"2025-10-19T08:00:00","date_gmt":"2025-10-19T06:00:00","guid":{"rendered":"https:\/\/www.kunstberatung.de\/newsletter\/?p=6598"},"modified":"2025-10-18T14:19:36","modified_gmt":"2025-10-18T12:19:36","slug":"eva-muellers-visionary-sunday-post-815-safari","status":"publish","type":"post","link":"https:\/\/www.kunstberatung.de\/newsletter\/blog\/eva-muellers-visionary-sunday-post-815-safari\/","title":{"rendered":"eva muellers visionary sunday post 815 &#8211; safari"},"content":{"rendered":"\n<h2 class=\"wp-block-heading\">SAFARI &#8211; Skulpturen von Lothar Seruset<\/h2>\n\n\n\n<p>Am Freitag Abend haben wir sie er\u00f6ffnet, unsere diesj\u00e4hrige Ausstellung mit dem Titel \u201eSAFARI\u201c. &nbsp;Ein nicht gerade unbelasteter Begriff. Denken wir nur an die Fotografien von reichen Europ\u00e4ern, die sich mit stolz geschwellter Brust, ihren Fuss auf einem get\u00f6teten L\u00f6wen pr\u00e4sentieren, den sie ohne die im Hintergrund versammelten Ureinwohner niemals erlegt h\u00e4tten.<\/p>\n\n\n\n<p>Das Wort Safari stammt urspr\u00fcnglich aus der Swahili-Sprache Ostafrikas und steht dort f\u00fcr eine Reise jeglicher Art. Heute geht es eher um Fotosafaris. Man m\u00f6chte die Tiere noch einmal sehen, bevor sie durch die menschliche Einengung ihres Lebensraums ganz verschwunden sind. Sehr ambivalent, weil auf der anderen Seite der Tourismus Arbeitspl\u00e4tze f\u00fcr die Bev\u00f6lkerung schafft und somit einigen Tieren das Leben rettet.<\/p>\n\n\n\n<figure class=\"wp-block-image size-full\"><img loading=\"lazy\" decoding=\"async\" width=\"1980\" height=\"1080\" src=\"https:\/\/www.kunstberatung.de\/newsletter\/wp-content\/uploads\/sites\/19\/2025\/10\/safari-lothar-seruset.jpg\" alt=\"Safari\" class=\"wp-image-6599\" srcset=\"https:\/\/www.kunstberatung.de\/newsletter\/wp-content\/uploads\/sites\/19\/2025\/10\/safari-lothar-seruset.jpg 1980w, https:\/\/www.kunstberatung.de\/newsletter\/wp-content\/uploads\/sites\/19\/2025\/10\/safari-lothar-seruset-768x419.jpg 768w, https:\/\/www.kunstberatung.de\/newsletter\/wp-content\/uploads\/sites\/19\/2025\/10\/safari-lothar-seruset-1536x838.jpg 1536w\" sizes=\"auto, (max-width: 1980px) 100vw, 1980px\" \/><\/figure>\n\n\n\n<p>Im Werk von Lothar Seruset sind in den letzten Jahren viele Tiere dazugekommen: Eisb\u00e4ren, Gorillas, Elefanten, Leoparden, Pandas. Nat\u00fcrlich verwendet sie der K\u00fcnstler nicht einfach grundlos \u2013 oder als reine Sympathietr\u00e4ger. In seinem neuesten Katalog zitiert Lothar Seruset Artikel 1 des Grundgesetzes \u201eDie W\u00fcrde des Menschen ist unantastbar. Sie zu achten und zu sch\u00fctzen ist Verpflichtung aller staatlichen Gewalt.&#8220; Und erg\u00e4nzt: &#8222;Die W\u00fcrde des Menschen und des Tieres\u201c.<\/p>\n\n\n\n<p>In den f\u00fcr seine Werke charakteristischen, turm\u00e4hnlichen Aufbauten sehen wir unterschiedlichste Wesen in Beziehung zueinander. Unter anderem erg\u00e4nzen sie die K\u00f6pfe in der Serie \u201eSee me\u201c, auf dass wir ihre Existenz und Bed\u00fcrfnisse wirklich wahrnehmen. F\u00fcr eine neue Vorstellung des Miteinanders von Tier und Mensch, schwarz und weiss.<br><\/p>\n\n\n\n<figure class=\"wp-block-image size-full\"><img loading=\"lazy\" decoding=\"async\" width=\"1980\" height=\"1080\" src=\"https:\/\/www.kunstberatung.de\/newsletter\/wp-content\/uploads\/sites\/19\/2025\/10\/safari-lothar-seruset-2.jpg\" alt=\"Safari\n\" class=\"wp-image-6600\" srcset=\"https:\/\/www.kunstberatung.de\/newsletter\/wp-content\/uploads\/sites\/19\/2025\/10\/safari-lothar-seruset-2.jpg 1980w, https:\/\/www.kunstberatung.de\/newsletter\/wp-content\/uploads\/sites\/19\/2025\/10\/safari-lothar-seruset-2-768x419.jpg 768w, https:\/\/www.kunstberatung.de\/newsletter\/wp-content\/uploads\/sites\/19\/2025\/10\/safari-lothar-seruset-2-1536x838.jpg 1536w\" sizes=\"auto, (max-width: 1980px) 100vw, 1980px\" \/><\/figure>\n\n\n\n<p>1956 ist der K\u00fcnstler in Ulm geboren. 1988 schloss er sein Studium an der Hochschule der K\u00fcnste in Berlin als Meistersch\u00fcler ab. Gleich anschliessend erhielt er ein DAAD Jahresstipendium f\u00fcr die Niederlande, weitere folgten. Seitdem ist er in vielen Ausstellungen vertreten. Und kuratiert selbst thematische Werkschauen, z.B. zum Fontane Jahr 2018 f\u00fcr den Brandenburgischen Landtag mit dem sch\u00f6nen Zitat des Schriftstellers \u201eIn Anschauungen bin ich sehr tolerant aber Kunst ist Kunst\u201c.<\/p>\n\n\n\n<p>Lothar Seruset ist ein K\u00fcnstler, der die Welt betrachtet, sich auf sie bezieht, fein und subtil kommentiert, worum es gerade geht. Es gelingt ihm mit seiner einzigartigen k\u00fcnstlerischen Handschrift pr\u00e4gnant und einf\u00fchlsam die brennenden Themen unserer Zeit zu vermitteln.<\/p>\n\n\n\n<p>Mit begeisterten Gr\u00fcssen<br>Ihre Eva Mueller<\/p>\n\n\n\n<h2 class=\"wp-block-heading\">Herzlichen Dank<\/h2>\n\n\n\n<p>Lothar Seruset, dass wir sein Werk zeigen k\u00f6nnen, der Volksbank Mittlerer Neckar eG, mit Markus Schaaf, Markus Weber, Regina Schwermer f\u00fcr Ihr Kunstengagement \u2013 mit einer relevanten Kunstsammlung, die ich aufbauen durfte \u2013 und den j\u00e4hrlichen grossen Ausstellungen!<\/p>\n\n\n\n<p>Abb.:<br>oben links &#8211; \u201eSee me Phillip\u201c, Keramik bemalt, 48x27x16 cm |<br>oben rechts &nbsp;&#8211; \u201eIm Eis III\u201c, Holz bemalt, 45x43x14 cm<br>mittig links \u2013 \u201eChristopher\u201c, Holz bemalt, 190x70x50 cm<br>mittig rechts \u2013 \u201eSee me Esther\u201c, Keramik, 25x29x18 cm<\/p>\n","protected":false},"excerpt":{"rendered":"<p>SAFARI &#8211; Skulpturen von Lothar Seruset Am Freitag Abend haben wir sie er\u00f6ffnet, unsere diesj\u00e4hrige Ausstellung mit dem Titel \u201eSAFARI\u201c. &nbsp;Ein nicht gerade unbelasteter Begriff. Denken wir nur an die Fotografien von reichen Europ\u00e4ern, die sich mit stolz geschwellter Brust, ihren Fuss auf einem get\u00f6teten L\u00f6wen pr\u00e4sentieren, den sie ohne die im Hintergrund versammelten Ureinwohner [&hellip;]<\/p>\n","protected":false},"author":2,"featured_media":6601,"comment_status":"closed","ping_status":"closed","sticky":false,"template":"","format":"standard","meta":{"_acf_changed":false,"footnotes":""},"categories":[2],"tags":[],"class_list":["post-6598","post","type-post","status-publish","format-standard","has-post-thumbnail","hentry","category-blog"],"yoast_head":"<!-- This site is optimized with the Yoast SEO plugin v26.6 - https:\/\/yoast.com\/wordpress\/plugins\/seo\/ -->\n<title>Eva Muellers Visionary Sunday Post 815 - Safari | Eva Muellers Visionary Sunday Post<\/title>\n<meta name=\"description\" content=\"Ausstellung &quot;Safari&quot;, Skulpturen von Lothar Seruset, kuratiert von der Kunstberaterin Eva Mueller f\u00fcr die Volksbank Mittlerer Neckar eG\" \/>\n<meta name=\"robots\" content=\"index, follow, max-snippet:-1, max-image-preview:large, max-video-preview:-1\" \/>\n<link rel=\"canonical\" href=\"https:\/\/www.kunstberatung.de\/newsletter\/blog\/eva-muellers-visionary-sunday-post-815-safari\/\" \/>\n<meta property=\"og:locale\" content=\"de_DE\" \/>\n<meta property=\"og:type\" content=\"article\" \/>\n<meta property=\"og:title\" content=\"eva muellers visionary sunday post 815 - safari | Eva Muellers Visionary Sunday Post\" \/>\n<meta property=\"og:description\" content=\"Ausstellung &quot;Safari&quot;, Skulpturen von Lothar Seruset, kuratiert von der Kunstberaterin Eva Mueller f\u00fcr die Volksbank Mittlerer Neckar eG\" \/>\n<meta property=\"og:url\" content=\"https:\/\/www.kunstberatung.de\/newsletter\/blog\/eva-muellers-visionary-sunday-post-815-safari\/\" \/>\n<meta property=\"og:site_name\" content=\"Eva Muellers Visionary Sunday Post\" \/>\n<meta property=\"article:published_time\" content=\"2025-10-19T06:00:00+00:00\" \/>\n<meta property=\"og:image\" content=\"https:\/\/www.kunstberatung.de\/newsletter\/wp-content\/uploads\/sites\/19\/2025\/10\/815-safari-lothar.jpg\" \/>\n\t<meta property=\"og:image:width\" content=\"600\" \/>\n\t<meta property=\"og:image:height\" content=\"300\" \/>\n\t<meta property=\"og:image:type\" content=\"image\/jpeg\" \/>\n<meta name=\"author\" content=\"Eva Mueller\" \/>\n<meta name=\"twitter:card\" content=\"summary_large_image\" \/>\n<meta name=\"twitter:label1\" content=\"Verfasst von\" \/>\n\t<meta name=\"twitter:data1\" content=\"Eva Mueller\" \/>\n\t<meta name=\"twitter:label2\" content=\"Gesch\u00e4tzte Lesezeit\" \/>\n\t<meta name=\"twitter:data2\" content=\"2\u00a0Minuten\" \/>\n<script type=\"application\/ld+json\" class=\"yoast-schema-graph\">{\"@context\":\"https:\/\/schema.org\",\"@graph\":[{\"@type\":\"WebPage\",\"@id\":\"https:\/\/www.kunstberatung.de\/newsletter\/blog\/eva-muellers-visionary-sunday-post-815-safari\/\",\"url\":\"https:\/\/www.kunstberatung.de\/newsletter\/blog\/eva-muellers-visionary-sunday-post-815-safari\/\",\"name\":\"eva muellers visionary sunday post 815 - safari | Eva Muellers Visionary Sunday Post\",\"isPartOf\":{\"@id\":\"https:\/\/www.kunstberatung.de\/newsletter\/#website\"},\"primaryImageOfPage\":{\"@id\":\"https:\/\/www.kunstberatung.de\/newsletter\/blog\/eva-muellers-visionary-sunday-post-815-safari\/#primaryimage\"},\"image\":{\"@id\":\"https:\/\/www.kunstberatung.de\/newsletter\/blog\/eva-muellers-visionary-sunday-post-815-safari\/#primaryimage\"},\"thumbnailUrl\":\"https:\/\/www.kunstberatung.de\/newsletter\/wp-content\/uploads\/sites\/19\/2025\/10\/815-safari-lothar.jpg\",\"datePublished\":\"2025-10-19T06:00:00+00:00\",\"author\":{\"@id\":\"https:\/\/www.kunstberatung.de\/newsletter\/#\/schema\/person\/5956216e01d75d6ee2e332111165db0a\"},\"description\":\"Ausstellung \\\"Safari\\\", Skulpturen von Lothar Seruset, kuratiert von der Kunstberaterin Eva Mueller f\u00fcr die Volksbank Mittlerer Neckar eG\",\"inLanguage\":\"de\",\"potentialAction\":[{\"@type\":\"ReadAction\",\"target\":[\"https:\/\/www.kunstberatung.de\/newsletter\/blog\/eva-muellers-visionary-sunday-post-815-safari\/\"]}]},{\"@type\":\"ImageObject\",\"inLanguage\":\"de\",\"@id\":\"https:\/\/www.kunstberatung.de\/newsletter\/blog\/eva-muellers-visionary-sunday-post-815-safari\/#primaryimage\",\"url\":\"https:\/\/www.kunstberatung.de\/newsletter\/wp-content\/uploads\/sites\/19\/2025\/10\/815-safari-lothar.jpg\",\"contentUrl\":\"https:\/\/www.kunstberatung.de\/newsletter\/wp-content\/uploads\/sites\/19\/2025\/10\/815-safari-lothar.jpg\",\"width\":600,\"height\":300,\"caption\":\"Safari\"},{\"@type\":\"WebSite\",\"@id\":\"https:\/\/www.kunstberatung.de\/newsletter\/#website\",\"url\":\"https:\/\/www.kunstberatung.de\/newsletter\/\",\"name\":\"Eva Muellers Visionary Sunday Post\",\"description\":\"Eva Mueller Kunstberatung\",\"potentialAction\":[{\"@type\":\"SearchAction\",\"target\":{\"@type\":\"EntryPoint\",\"urlTemplate\":\"https:\/\/www.kunstberatung.de\/newsletter\/?s={search_term_string}\"},\"query-input\":{\"@type\":\"PropertyValueSpecification\",\"valueRequired\":true,\"valueName\":\"search_term_string\"}}],\"inLanguage\":\"de\"},{\"@type\":\"Person\",\"@id\":\"https:\/\/www.kunstberatung.de\/newsletter\/#\/schema\/person\/5956216e01d75d6ee2e332111165db0a\",\"name\":\"Eva Mueller\",\"sameAs\":[\"https:\/\/www.kunstberatung.de\",\"https:\/\/de.linkedin.com\/in\/eva-mueller-kunstberatung\",\"https:\/\/www.youtube.com\/kunstberatungde\"]}]}<\/script>\n<!-- \/ Yoast SEO plugin. -->","yoast_head_json":{"title":"Eva Muellers Visionary Sunday Post 815 - Safari | Eva Muellers Visionary Sunday Post","description":"Ausstellung \"Safari\", Skulpturen von Lothar Seruset, kuratiert von der Kunstberaterin Eva Mueller f\u00fcr die Volksbank Mittlerer Neckar eG","robots":{"index":"index","follow":"follow","max-snippet":"max-snippet:-1","max-image-preview":"max-image-preview:large","max-video-preview":"max-video-preview:-1"},"canonical":"https:\/\/www.kunstberatung.de\/newsletter\/blog\/eva-muellers-visionary-sunday-post-815-safari\/","og_locale":"de_DE","og_type":"article","og_title":"eva muellers visionary sunday post 815 - safari | Eva Muellers Visionary Sunday Post","og_description":"Ausstellung \"Safari\", Skulpturen von Lothar Seruset, kuratiert von der Kunstberaterin Eva Mueller f\u00fcr die Volksbank Mittlerer Neckar eG","og_url":"https:\/\/www.kunstberatung.de\/newsletter\/blog\/eva-muellers-visionary-sunday-post-815-safari\/","og_site_name":"Eva Muellers Visionary Sunday Post","article_published_time":"2025-10-19T06:00:00+00:00","og_image":[{"width":600,"height":300,"url":"https:\/\/www.kunstberatung.de\/newsletter\/wp-content\/uploads\/sites\/19\/2025\/10\/815-safari-lothar.jpg","type":"image\/jpeg"}],"author":"Eva Mueller","twitter_card":"summary_large_image","twitter_misc":{"Verfasst von":"Eva Mueller","Gesch\u00e4tzte Lesezeit":"2\u00a0Minuten"},"schema":{"@context":"https:\/\/schema.org","@graph":[{"@type":"WebPage","@id":"https:\/\/www.kunstberatung.de\/newsletter\/blog\/eva-muellers-visionary-sunday-post-815-safari\/","url":"https:\/\/www.kunstberatung.de\/newsletter\/blog\/eva-muellers-visionary-sunday-post-815-safari\/","name":"eva muellers visionary sunday post 815 - safari | Eva Muellers Visionary Sunday Post","isPartOf":{"@id":"https:\/\/www.kunstberatung.de\/newsletter\/#website"},"primaryImageOfPage":{"@id":"https:\/\/www.kunstberatung.de\/newsletter\/blog\/eva-muellers-visionary-sunday-post-815-safari\/#primaryimage"},"image":{"@id":"https:\/\/www.kunstberatung.de\/newsletter\/blog\/eva-muellers-visionary-sunday-post-815-safari\/#primaryimage"},"thumbnailUrl":"https:\/\/www.kunstberatung.de\/newsletter\/wp-content\/uploads\/sites\/19\/2025\/10\/815-safari-lothar.jpg","datePublished":"2025-10-19T06:00:00+00:00","author":{"@id":"https:\/\/www.kunstberatung.de\/newsletter\/#\/schema\/person\/5956216e01d75d6ee2e332111165db0a"},"description":"Ausstellung \"Safari\", Skulpturen von Lothar Seruset, kuratiert von der Kunstberaterin Eva Mueller f\u00fcr die Volksbank Mittlerer Neckar eG","inLanguage":"de","potentialAction":[{"@type":"ReadAction","target":["https:\/\/www.kunstberatung.de\/newsletter\/blog\/eva-muellers-visionary-sunday-post-815-safari\/"]}]},{"@type":"ImageObject","inLanguage":"de","@id":"https:\/\/www.kunstberatung.de\/newsletter\/blog\/eva-muellers-visionary-sunday-post-815-safari\/#primaryimage","url":"https:\/\/www.kunstberatung.de\/newsletter\/wp-content\/uploads\/sites\/19\/2025\/10\/815-safari-lothar.jpg","contentUrl":"https:\/\/www.kunstberatung.de\/newsletter\/wp-content\/uploads\/sites\/19\/2025\/10\/815-safari-lothar.jpg","width":600,"height":300,"caption":"Safari"},{"@type":"WebSite","@id":"https:\/\/www.kunstberatung.de\/newsletter\/#website","url":"https:\/\/www.kunstberatung.de\/newsletter\/","name":"Eva Muellers Visionary Sunday Post","description":"Eva Mueller Kunstberatung","potentialAction":[{"@type":"SearchAction","target":{"@type":"EntryPoint","urlTemplate":"https:\/\/www.kunstberatung.de\/newsletter\/?s={search_term_string}"},"query-input":{"@type":"PropertyValueSpecification","valueRequired":true,"valueName":"search_term_string"}}],"inLanguage":"de"},{"@type":"Person","@id":"https:\/\/www.kunstberatung.de\/newsletter\/#\/schema\/person\/5956216e01d75d6ee2e332111165db0a","name":"Eva Mueller","sameAs":["https:\/\/www.kunstberatung.de","https:\/\/de.linkedin.com\/in\/eva-mueller-kunstberatung","https:\/\/www.youtube.com\/kunstberatungde"]}]}},"acf":[],"_links":{"self":[{"href":"https:\/\/www.kunstberatung.de\/newsletter\/wp-json\/wp\/v2\/posts\/6598","targetHints":{"allow":["GET"]}}],"collection":[{"href":"https:\/\/www.kunstberatung.de\/newsletter\/wp-json\/wp\/v2\/posts"}],"about":[{"href":"https:\/\/www.kunstberatung.de\/newsletter\/wp-json\/wp\/v2\/types\/post"}],"author":[{"embeddable":true,"href":"https:\/\/www.kunstberatung.de\/newsletter\/wp-json\/wp\/v2\/users\/2"}],"replies":[{"embeddable":true,"href":"https:\/\/www.kunstberatung.de\/newsletter\/wp-json\/wp\/v2\/comments?post=6598"}],"version-history":[{"count":0,"href":"https:\/\/www.kunstberatung.de\/newsletter\/wp-json\/wp\/v2\/posts\/6598\/revisions"}],"wp:featuredmedia":[{"embeddable":true,"href":"https:\/\/www.kunstberatung.de\/newsletter\/wp-json\/wp\/v2\/media\/6601"}],"wp:attachment":[{"href":"https:\/\/www.kunstberatung.de\/newsletter\/wp-json\/wp\/v2\/media?parent=6598"}],"wp:term":[{"taxonomy":"category","embeddable":true,"href":"https:\/\/www.kunstberatung.de\/newsletter\/wp-json\/wp\/v2\/categories?post=6598"},{"taxonomy":"post_tag","embeddable":true,"href":"https:\/\/www.kunstberatung.de\/newsletter\/wp-json\/wp\/v2\/tags?post=6598"}],"curies":[{"name":"wp","href":"https:\/\/api.w.org\/{rel}","templated":true}]}}