{"id":6589,"date":"2025-10-05T08:00:00","date_gmt":"2025-10-05T06:00:00","guid":{"rendered":"https:\/\/www.kunstberatung.de\/newsletter\/?p=6589"},"modified":"2025-10-04T16:59:37","modified_gmt":"2025-10-04T14:59:37","slug":"eva-muellers-visionary-sunday-post-813-was-wirklich-zaehlt","status":"publish","type":"post","link":"https:\/\/www.kunstberatung.de\/newsletter\/blog\/eva-muellers-visionary-sunday-post-813-was-wirklich-zaehlt\/","title":{"rendered":"eva muellers visionary sunday post 813 &#8211; was wirklich z\u00e4hlt"},"content":{"rendered":"\n<h2 class=\"wp-block-heading\">Ist das auch wirklich Kunst?<\/h2>\n\n\n\n<p>Diese Frage begegnet mir regelm\u00e4ssig. Sei es in Gespr\u00e4chen mit Auftraggebern oder wie k\u00fcrzlich in einer Jurysitzung zur Kunst am Bau. Die Unsicherheit ist zu sp\u00fcren: Was unterscheidet ein echtes Kunstwerk von kreativer Freizeitgestaltung? \u00a0Woran erkennen wir, ob es sich um ein Kunstwerk handelt? Und worauf kommt es wirklich an, wenn wir Kunst sprechen? Hier drei Kriterien was wirklich z\u00e4hlt \u2013 nicht als starres Regelwerk, sondern als Orientierungshilfe im Dialog mit dem konkreten Werk und vor allem auch dem Ort und den Menschen, f\u00fcr die es gedacht ist.<\/p>\n\n\n\n<h3 class=\"wp-block-heading\">Was wirklich z\u00e4hlt: Die Intention<\/h3>\n\n\n\n<p>Ein kunsthandwerklich gefertigter Gegenstand kann wundersch\u00f6n, funktional und mit viel Liebe gemacht sein. Hobbyarbeiten entstehen oft aus innerem Antrieb \u2013 zur Entspannung oder aus Freude am kreativen Tun. Doch Kunst beginnt dort, wo ein Werk \u00fcber das Pers\u00f6nliche hinausweist: Wo sie eine universelle Aussage trifft, die unterschiedliche Menschen existenziell ber\u00fchrt.<br>Wir erleben ein emotional wie intellektuell ansprechendes Resonanzfeld. Sie formuliert, was schwer in Worte zu fassen ist: Gef\u00fchle, Werte, kulturelle Erfahrungen, gesellschaftliche Fragen: In einer \u00e4sthetisch \u00fcberzeugenden Sprache.<\/p>\n\n\n\n<h3 class=\"wp-block-heading\">Was wirklich z\u00e4hlt: Der Kontext<\/h3>\n\n\n\n<p>Ein Werk kann technisch brilliant und in sich stimmig sein \u2013 aber wenn es nicht zum Ort, zur Funktion oder zu den Menschen passt, entfaltet es keine Wirkung. Gerade bei Kunst am Bau Projekten oder Sammlungen in Unternehmen ist das Zusammenspiel entscheidend:<\/p>\n\n\n\n<ul class=\"wp-block-list\">\n<li>Passt das Werk zur Architektur, zur Funktion des Geb\u00e4udes, zur Atmosph\u00e4re des Ortes?<\/li>\n\n\n\n<li>Vermittelt es eine positive, inspirierende Ausstrahlung, die \u00fcber Jahre hinweg tr\u00e4gt?<\/li>\n\n\n\n<li>Gibt es einen kulturellen oder symbolischen Bezug zur Region, zur Geschichte, zur Identit\u00e4t des Ortes?<\/li>\n<\/ul>\n\n\n\n<p>Ein Werk, das den richtigen Kontext trifft, wird nicht bloss \u201eausgestellt\u201c. Es wird Teil des t\u00e4glichen Lebens, begleitet Menschen, regt an, tr\u00f6stet vielleicht sogar oder inspiriert zu neuen Gedanken. Gute Kunst schafft R\u00e4ume \u2013 im w\u00f6rtlichen wie im \u00fcbertragenen Sinn. R\u00e4ume f\u00fcr Sch\u00f6nheit, f\u00fcr Inspiration, f\u00fcr Nachdenken. Und manchmal auch f\u00fcr das unaussprechlich Menschliche.<\/p>\n\n\n\n<h3 class=\"wp-block-heading\">Was wirklich z\u00e4hlt: Die Profession<\/h3>\n\n\n\n<p>Hinter jedem \u00fcberzeugenden Werk stehen Kunstschaffende mit Haltung, Erfahrung und einem klaren Standpunkt. Gerade bei langfristig und technisch besonders anspruchsvollen Kunst am Bau Projekten braucht es mehr als Talent: Technisches Verst\u00e4ndnis, Kooperationsf\u00e4higkeit mit anderen Gewerken, Verl\u00e4sslichkeit, ein Gesp\u00fcr f\u00fcr Massstab und Material \u2013 und vor allem eine gefestigte k\u00fcnstlerische Pers\u00f6nlichkeit.<br>Auch das Werk selbst muss eigenst\u00e4ndig sein. Keine Kopie, kein Trendprodukt, sondern Ausdruck einer individuellen, k\u00fcnstlerischen Sprache. Um dies beurteilen zu k\u00f6nnen, braucht es viel Erfahrung und die umfangreiche Kenntnis von Vergleichswerken. Deshalb sind in Jurys immer mehr Kunstexpert:innen stimmberechtigt als Laien.<\/p>\n\n\n\n<p>Was wirklich z\u00e4hlt, ist das individuelle Werk, seine Wirkmacht, seine Emotionalit\u00e4t \u2013 im richtigen Kontext.<\/p>\n\n\n\n<p>Wie gut, dass es K\u00fcnstler:innen gibt, die solche Kunstwerke erschaffen!<br><br>Mit herzlichem Gruss<br>Ihre Eva Mueller<\/p>\n\n\n\n<figure class=\"wp-block-image size-full\"><img loading=\"lazy\" decoding=\"async\" width=\"1980\" height=\"1080\" src=\"https:\/\/www.kunstberatung.de\/newsletter\/wp-content\/uploads\/sites\/19\/2025\/10\/jury-frankenthal.jpg\" alt=\"Was wirklich z\u00e4hlt\" class=\"wp-image-6590\" srcset=\"https:\/\/www.kunstberatung.de\/newsletter\/wp-content\/uploads\/sites\/19\/2025\/10\/jury-frankenthal.jpg 1980w, https:\/\/www.kunstberatung.de\/newsletter\/wp-content\/uploads\/sites\/19\/2025\/10\/jury-frankenthal-768x419.jpg 768w, https:\/\/www.kunstberatung.de\/newsletter\/wp-content\/uploads\/sites\/19\/2025\/10\/jury-frankenthal-1536x838.jpg 1536w\" sizes=\"auto, (max-width: 1980px) 100vw, 1980px\" \/><\/figure>\n\n\n\n<p>Vielen Dank f\u00fcr die konstruktive Diskussion im Preisgericht f\u00fcr die Kunst am Bau der Stadtklinik Frankenthal, (v. li. n. re): Stefanie Schmeink, Thomas Gusenburger, J\u00fcrgen Schmitz, Dr. Maria Lucia Weigel, Dr. Matthias M\u00fcnch, Dr. Nicolas Meyer, Amelie M. Klein, Doris Erbacher, Bernd Schr\u00f6der!<\/p>\n","protected":false},"excerpt":{"rendered":"<p>Ist das auch wirklich Kunst? Diese Frage begegnet mir regelm\u00e4ssig. Sei es in Gespr\u00e4chen mit Auftraggebern oder wie k\u00fcrzlich in einer Jurysitzung zur Kunst am Bau. Die Unsicherheit ist zu sp\u00fcren: Was unterscheidet ein echtes Kunstwerk von kreativer Freizeitgestaltung? \u00a0Woran erkennen wir, ob es sich um ein Kunstwerk handelt? Und worauf kommt es wirklich an, [&hellip;]<\/p>\n","protected":false},"author":2,"featured_media":6591,"comment_status":"closed","ping_status":"closed","sticky":false,"template":"","format":"standard","meta":{"_acf_changed":false,"footnotes":""},"categories":[2],"tags":[],"class_list":["post-6589","post","type-post","status-publish","format-standard","has-post-thumbnail","hentry","category-blog"],"yoast_head":"<!-- This site is optimized with the Yoast SEO plugin v26.6 - https:\/\/yoast.com\/wordpress\/plugins\/seo\/ -->\n<title>Eva Muellers Visionary Sunday Post 813 - Was Wirklich Z\u00e4hlt | Eva Muellers Visionary Sunday Post<\/title>\n<meta name=\"description\" content=\"\u201eIst das auch wirklich Kunst?\u201c Was wirklich z\u00e4hlt erkl\u00e4rt die Kunstberaterin Eva Mueller in ihrer visionary sunday post\" \/>\n<meta name=\"robots\" content=\"index, follow, max-snippet:-1, max-image-preview:large, max-video-preview:-1\" \/>\n<link rel=\"canonical\" href=\"https:\/\/www.kunstberatung.de\/newsletter\/blog\/eva-muellers-visionary-sunday-post-813-was-wirklich-zaehlt\/\" \/>\n<meta property=\"og:locale\" content=\"de_DE\" \/>\n<meta property=\"og:type\" content=\"article\" \/>\n<meta property=\"og:title\" content=\"eva muellers visionary sunday post 813 - was wirklich z\u00e4hlt | Eva Muellers Visionary Sunday Post\" \/>\n<meta property=\"og:description\" content=\"\u201eIst das auch wirklich Kunst?\u201c Was wirklich z\u00e4hlt erkl\u00e4rt die Kunstberaterin Eva Mueller in ihrer visionary sunday post\" \/>\n<meta property=\"og:url\" content=\"https:\/\/www.kunstberatung.de\/newsletter\/blog\/eva-muellers-visionary-sunday-post-813-was-wirklich-zaehlt\/\" \/>\n<meta property=\"og:site_name\" content=\"Eva Muellers Visionary Sunday Post\" \/>\n<meta property=\"article:published_time\" content=\"2025-10-05T06:00:00+00:00\" \/>\n<meta property=\"og:image\" content=\"https:\/\/www.kunstberatung.de\/newsletter\/wp-content\/uploads\/sites\/19\/2025\/10\/813-jury-frankenthal.jpg\" \/>\n\t<meta property=\"og:image:width\" content=\"600\" \/>\n\t<meta property=\"og:image:height\" content=\"300\" \/>\n\t<meta property=\"og:image:type\" content=\"image\/jpeg\" \/>\n<meta name=\"author\" content=\"Eva Mueller\" \/>\n<meta name=\"twitter:card\" content=\"summary_large_image\" \/>\n<meta name=\"twitter:label1\" content=\"Verfasst von\" \/>\n\t<meta name=\"twitter:data1\" content=\"Eva Mueller\" \/>\n\t<meta name=\"twitter:label2\" content=\"Gesch\u00e4tzte Lesezeit\" \/>\n\t<meta name=\"twitter:data2\" content=\"3\u00a0Minuten\" \/>\n<script type=\"application\/ld+json\" class=\"yoast-schema-graph\">{\"@context\":\"https:\/\/schema.org\",\"@graph\":[{\"@type\":\"WebPage\",\"@id\":\"https:\/\/www.kunstberatung.de\/newsletter\/blog\/eva-muellers-visionary-sunday-post-813-was-wirklich-zaehlt\/\",\"url\":\"https:\/\/www.kunstberatung.de\/newsletter\/blog\/eva-muellers-visionary-sunday-post-813-was-wirklich-zaehlt\/\",\"name\":\"eva muellers visionary sunday post 813 - was wirklich z\u00e4hlt | Eva Muellers Visionary Sunday Post\",\"isPartOf\":{\"@id\":\"https:\/\/www.kunstberatung.de\/newsletter\/#website\"},\"primaryImageOfPage\":{\"@id\":\"https:\/\/www.kunstberatung.de\/newsletter\/blog\/eva-muellers-visionary-sunday-post-813-was-wirklich-zaehlt\/#primaryimage\"},\"image\":{\"@id\":\"https:\/\/www.kunstberatung.de\/newsletter\/blog\/eva-muellers-visionary-sunday-post-813-was-wirklich-zaehlt\/#primaryimage\"},\"thumbnailUrl\":\"https:\/\/www.kunstberatung.de\/newsletter\/wp-content\/uploads\/sites\/19\/2025\/10\/813-jury-frankenthal.jpg\",\"datePublished\":\"2025-10-05T06:00:00+00:00\",\"author\":{\"@id\":\"https:\/\/www.kunstberatung.de\/newsletter\/#\/schema\/person\/5956216e01d75d6ee2e332111165db0a\"},\"description\":\"\u201eIst das auch wirklich Kunst?\u201c Was wirklich z\u00e4hlt erkl\u00e4rt die Kunstberaterin Eva Mueller in ihrer visionary sunday post\",\"inLanguage\":\"de\",\"potentialAction\":[{\"@type\":\"ReadAction\",\"target\":[\"https:\/\/www.kunstberatung.de\/newsletter\/blog\/eva-muellers-visionary-sunday-post-813-was-wirklich-zaehlt\/\"]}]},{\"@type\":\"ImageObject\",\"inLanguage\":\"de\",\"@id\":\"https:\/\/www.kunstberatung.de\/newsletter\/blog\/eva-muellers-visionary-sunday-post-813-was-wirklich-zaehlt\/#primaryimage\",\"url\":\"https:\/\/www.kunstberatung.de\/newsletter\/wp-content\/uploads\/sites\/19\/2025\/10\/813-jury-frankenthal.jpg\",\"contentUrl\":\"https:\/\/www.kunstberatung.de\/newsletter\/wp-content\/uploads\/sites\/19\/2025\/10\/813-jury-frankenthal.jpg\",\"width\":600,\"height\":300,\"caption\":\"Was wirklich z\u00e4hlt\"},{\"@type\":\"WebSite\",\"@id\":\"https:\/\/www.kunstberatung.de\/newsletter\/#website\",\"url\":\"https:\/\/www.kunstberatung.de\/newsletter\/\",\"name\":\"Eva Muellers Visionary Sunday Post\",\"description\":\"Eva Mueller Kunstberatung\",\"potentialAction\":[{\"@type\":\"SearchAction\",\"target\":{\"@type\":\"EntryPoint\",\"urlTemplate\":\"https:\/\/www.kunstberatung.de\/newsletter\/?s={search_term_string}\"},\"query-input\":{\"@type\":\"PropertyValueSpecification\",\"valueRequired\":true,\"valueName\":\"search_term_string\"}}],\"inLanguage\":\"de\"},{\"@type\":\"Person\",\"@id\":\"https:\/\/www.kunstberatung.de\/newsletter\/#\/schema\/person\/5956216e01d75d6ee2e332111165db0a\",\"name\":\"Eva Mueller\",\"sameAs\":[\"https:\/\/www.kunstberatung.de\",\"https:\/\/de.linkedin.com\/in\/eva-mueller-kunstberatung\",\"https:\/\/www.youtube.com\/kunstberatungde\"]}]}<\/script>\n<!-- \/ Yoast SEO plugin. -->","yoast_head_json":{"title":"Eva Muellers Visionary Sunday Post 813 - Was Wirklich Z\u00e4hlt | Eva Muellers Visionary Sunday Post","description":"\u201eIst das auch wirklich Kunst?\u201c Was wirklich z\u00e4hlt erkl\u00e4rt die Kunstberaterin Eva Mueller in ihrer visionary sunday post","robots":{"index":"index","follow":"follow","max-snippet":"max-snippet:-1","max-image-preview":"max-image-preview:large","max-video-preview":"max-video-preview:-1"},"canonical":"https:\/\/www.kunstberatung.de\/newsletter\/blog\/eva-muellers-visionary-sunday-post-813-was-wirklich-zaehlt\/","og_locale":"de_DE","og_type":"article","og_title":"eva muellers visionary sunday post 813 - was wirklich z\u00e4hlt | Eva Muellers Visionary Sunday Post","og_description":"\u201eIst das auch wirklich Kunst?\u201c Was wirklich z\u00e4hlt erkl\u00e4rt die Kunstberaterin Eva Mueller in ihrer visionary sunday post","og_url":"https:\/\/www.kunstberatung.de\/newsletter\/blog\/eva-muellers-visionary-sunday-post-813-was-wirklich-zaehlt\/","og_site_name":"Eva Muellers Visionary Sunday Post","article_published_time":"2025-10-05T06:00:00+00:00","og_image":[{"width":600,"height":300,"url":"https:\/\/www.kunstberatung.de\/newsletter\/wp-content\/uploads\/sites\/19\/2025\/10\/813-jury-frankenthal.jpg","type":"image\/jpeg"}],"author":"Eva Mueller","twitter_card":"summary_large_image","twitter_misc":{"Verfasst von":"Eva Mueller","Gesch\u00e4tzte Lesezeit":"3\u00a0Minuten"},"schema":{"@context":"https:\/\/schema.org","@graph":[{"@type":"WebPage","@id":"https:\/\/www.kunstberatung.de\/newsletter\/blog\/eva-muellers-visionary-sunday-post-813-was-wirklich-zaehlt\/","url":"https:\/\/www.kunstberatung.de\/newsletter\/blog\/eva-muellers-visionary-sunday-post-813-was-wirklich-zaehlt\/","name":"eva muellers visionary sunday post 813 - was wirklich z\u00e4hlt | Eva Muellers Visionary Sunday Post","isPartOf":{"@id":"https:\/\/www.kunstberatung.de\/newsletter\/#website"},"primaryImageOfPage":{"@id":"https:\/\/www.kunstberatung.de\/newsletter\/blog\/eva-muellers-visionary-sunday-post-813-was-wirklich-zaehlt\/#primaryimage"},"image":{"@id":"https:\/\/www.kunstberatung.de\/newsletter\/blog\/eva-muellers-visionary-sunday-post-813-was-wirklich-zaehlt\/#primaryimage"},"thumbnailUrl":"https:\/\/www.kunstberatung.de\/newsletter\/wp-content\/uploads\/sites\/19\/2025\/10\/813-jury-frankenthal.jpg","datePublished":"2025-10-05T06:00:00+00:00","author":{"@id":"https:\/\/www.kunstberatung.de\/newsletter\/#\/schema\/person\/5956216e01d75d6ee2e332111165db0a"},"description":"\u201eIst das auch wirklich Kunst?\u201c Was wirklich z\u00e4hlt erkl\u00e4rt die Kunstberaterin Eva Mueller in ihrer visionary sunday post","inLanguage":"de","potentialAction":[{"@type":"ReadAction","target":["https:\/\/www.kunstberatung.de\/newsletter\/blog\/eva-muellers-visionary-sunday-post-813-was-wirklich-zaehlt\/"]}]},{"@type":"ImageObject","inLanguage":"de","@id":"https:\/\/www.kunstberatung.de\/newsletter\/blog\/eva-muellers-visionary-sunday-post-813-was-wirklich-zaehlt\/#primaryimage","url":"https:\/\/www.kunstberatung.de\/newsletter\/wp-content\/uploads\/sites\/19\/2025\/10\/813-jury-frankenthal.jpg","contentUrl":"https:\/\/www.kunstberatung.de\/newsletter\/wp-content\/uploads\/sites\/19\/2025\/10\/813-jury-frankenthal.jpg","width":600,"height":300,"caption":"Was wirklich z\u00e4hlt"},{"@type":"WebSite","@id":"https:\/\/www.kunstberatung.de\/newsletter\/#website","url":"https:\/\/www.kunstberatung.de\/newsletter\/","name":"Eva Muellers Visionary Sunday Post","description":"Eva Mueller Kunstberatung","potentialAction":[{"@type":"SearchAction","target":{"@type":"EntryPoint","urlTemplate":"https:\/\/www.kunstberatung.de\/newsletter\/?s={search_term_string}"},"query-input":{"@type":"PropertyValueSpecification","valueRequired":true,"valueName":"search_term_string"}}],"inLanguage":"de"},{"@type":"Person","@id":"https:\/\/www.kunstberatung.de\/newsletter\/#\/schema\/person\/5956216e01d75d6ee2e332111165db0a","name":"Eva Mueller","sameAs":["https:\/\/www.kunstberatung.de","https:\/\/de.linkedin.com\/in\/eva-mueller-kunstberatung","https:\/\/www.youtube.com\/kunstberatungde"]}]}},"acf":[],"_links":{"self":[{"href":"https:\/\/www.kunstberatung.de\/newsletter\/wp-json\/wp\/v2\/posts\/6589","targetHints":{"allow":["GET"]}}],"collection":[{"href":"https:\/\/www.kunstberatung.de\/newsletter\/wp-json\/wp\/v2\/posts"}],"about":[{"href":"https:\/\/www.kunstberatung.de\/newsletter\/wp-json\/wp\/v2\/types\/post"}],"author":[{"embeddable":true,"href":"https:\/\/www.kunstberatung.de\/newsletter\/wp-json\/wp\/v2\/users\/2"}],"replies":[{"embeddable":true,"href":"https:\/\/www.kunstberatung.de\/newsletter\/wp-json\/wp\/v2\/comments?post=6589"}],"version-history":[{"count":0,"href":"https:\/\/www.kunstberatung.de\/newsletter\/wp-json\/wp\/v2\/posts\/6589\/revisions"}],"wp:featuredmedia":[{"embeddable":true,"href":"https:\/\/www.kunstberatung.de\/newsletter\/wp-json\/wp\/v2\/media\/6591"}],"wp:attachment":[{"href":"https:\/\/www.kunstberatung.de\/newsletter\/wp-json\/wp\/v2\/media?parent=6589"}],"wp:term":[{"taxonomy":"category","embeddable":true,"href":"https:\/\/www.kunstberatung.de\/newsletter\/wp-json\/wp\/v2\/categories?post=6589"},{"taxonomy":"post_tag","embeddable":true,"href":"https:\/\/www.kunstberatung.de\/newsletter\/wp-json\/wp\/v2\/tags?post=6589"}],"curies":[{"name":"wp","href":"https:\/\/api.w.org\/{rel}","templated":true}]}}