{"id":6530,"date":"2025-06-15T08:00:00","date_gmt":"2025-06-15T06:00:00","guid":{"rendered":"https:\/\/www.kunstberatung.de\/newsletter\/?p=6530"},"modified":"2025-06-13T15:06:36","modified_gmt":"2025-06-13T13:06:36","slug":"eva-muellers-visionary-sunday-post-797-realismus","status":"publish","type":"post","link":"https:\/\/www.kunstberatung.de\/newsletter\/blog\/eva-muellers-visionary-sunday-post-797-realismus\/","title":{"rendered":"eva muellers visionary sunday post 797 &#8211; realismus"},"content":{"rendered":"\n<h2 class=\"wp-block-heading\">European Reality &#8211; Kleine Stilkunde Realismus<\/h2>\n\n\n\n<p>Wie sah die Realit\u00e4t in Europas 1920er und 30er Jahren aus? Und wie heute? Gibt es Parallelen, die uns helfen, zukunftsf\u00e4hige Visionen zu entwerfen &#8211; ohne vorschnelle ideologische Einordnung? Nach einer revolution\u00e4ren Phase der abstrakten Kunst wenden sich K\u00fcnstler:innen im Realismus wieder der Darstellung des Allt\u00e4glichen zu. Anstatt die soziale Situation zu romantisieren oder zu idealisieren, zeigen sie iMenschen, Natur und Gesellschaft m\u00f6glichst sachlich und emotionslos, wie sie eben sind.<\/p>\n\n\n\n<h2 class=\"wp-block-heading\">Selbstportrais und Selfies<\/h2>\n\n\n\n<p>In eindrucksvollen Selbstportraits vergewissern sie sich der neuen, modernen Identit\u00e4t. Gerade K\u00fcnstlerinnen nutzen ihre Selbstdarstellung, um sichtbarer zu werden. Spielen diese Faktoren in den Selfies heutiger Tage eine vergleichbare Rolle \u2013 oder sind sie ganz anders zu verstehen?<\/p>\n\n\n\n<h2 class=\"wp-block-heading\">Hunger, Elend und Nachtleben im Realismus<\/h2>\n\n\n\n<p>Besonders auffallend ist die Ambivalenz dieser Zeit. Zum einen wirken die Ersch\u00fctterungen und Verletzungen des ersten Weltkriegs nach. Andererseits florieren Bars und Tanzlokale, mit denen die Goldenen Zwanziger am ehesten gezeichnet werden. Diese Diskrepanz, sich im Angesicht von Hunger, Armut, drohendem Nationalismus und neuer Kriegsgefahr ausgelassen zu vergn\u00fcgen, ist ein Ph\u00e4nomen, das sich auch heute beobachten l\u00e4sst.<\/p>\n\n\n\n<h2 class=\"wp-block-heading\">K\u00f6rperkult<\/h2>\n\n\n\n<p>Um K\u00e4mpfe und Siege geht es auch im Sport. Im Sport beginnt sich der K\u00f6rperkult zu wandeln: von nat\u00fcrlicher Freiheit hin zu gest\u00e4hlten Idealen. Die Wurzeln heutiger Sch\u00f6nheitsnormen und Body Culture \u2013 bis hin zum Operationswahn \u2013 liegen hier.<\/p>\n\n\n\n<h2 class=\"wp-block-heading\">Backlash<\/h2>\n\n\n\n<p>Und dann: Der R\u00fcckschritt. Freiheit, Gleichberechtigung der Geschlechter, kulturelle Offenheit \u00fcber die L\u00e4ndergrenzen hinweg schwinden. Nationalismus, Diktatur, Totalitarismus breiten sich aus \u2013 mit katastrophalem Ausgang.<br><br>Gerade deshalb ist ein Blick auf die Kunst dieser Zeit so aufschlussreich. Die Ausstellung \u201eEuropean Realities. Realismusbewegungen der 1920er und 1930er Jahre in Europa\u201c \u00f6ffnet den Blick f\u00fcr historische Zusammenh\u00e4nge und gesellschaftliche Umbr\u00fcche. Muster, die bis in unsere Gegenwart wirken. Und f\u00fcr das, was wir daraus f\u00fcr unsere Gegenwart ableiten k\u00f6nnen.<br><br>Es gr\u00fcsst sie herzlich, Ihre Eva Mueller<\/p>\n\n\n\n<figure class=\"wp-block-image size-full\"><img loading=\"lazy\" decoding=\"async\" width=\"1980\" height=\"1080\" src=\"https:\/\/www.kunstberatung.de\/newsletter\/wp-content\/uploads\/sites\/19\/2025\/06\/european-realities.jpg\" alt=\"Realismus\" class=\"wp-image-6531\" srcset=\"https:\/\/www.kunstberatung.de\/newsletter\/wp-content\/uploads\/sites\/19\/2025\/06\/european-realities.jpg 1980w, https:\/\/www.kunstberatung.de\/newsletter\/wp-content\/uploads\/sites\/19\/2025\/06\/european-realities-768x419.jpg 768w, https:\/\/www.kunstberatung.de\/newsletter\/wp-content\/uploads\/sites\/19\/2025\/06\/european-realities-1536x838.jpg 1536w\" sizes=\"auto, (max-width: 1980px) 100vw, 1980px\" \/><\/figure>\n\n\n\n<p>Abb. links: \u201eEpoche\u201c von Lotte B. Prechner (1877-1967), 1928, \u00d6l auf Leinwand, im Besitz der Friedrich-Ebert-Stiftung e.V.<br>Lotte B. Prechner skizziert hier die Lage Europas um 1928. Sie collagiert dazu unterschiedlichste Zeichen, Symbole, Elemente, die uns assoziativ das erstarken totalit\u00e4rer Systeme erkennen lassen.<\/p>\n\n\n\n<p>Abb. rechts: \u201eILA\u201c von Albin Egger-Lienz (1869-1926), 1919\/20), \u00d6l auf Holz<br>Der K\u00fcnstler portraitiert hier seine j\u00fcngere Tochter. Kinderportraits zeigen in dieser Zeit zunehmend individuelle Z\u00fcge. Sie sind nicht mehr nur Anh\u00e4ngsel bei Familiendarstellungen. &nbsp;<\/p>\n\n\n\n<p>Ausstellung <a href=\"https:\/\/www.kunstsammlungen-chemnitz.de\/ausstellungen\/european-realities\/\">&#8222;European Realities. Realismusbewegungen der 1920er und 1930er Jahre in Europa&#8220;<\/a><\/p>\n","protected":false},"excerpt":{"rendered":"<p>European Reality &#8211; Kleine Stilkunde Realismus Wie sah die Realit\u00e4t in Europas 1920er und 30er Jahren aus? Und wie heute? Gibt es Parallelen, die uns helfen, zukunftsf\u00e4hige Visionen zu entwerfen &#8211; ohne vorschnelle ideologische Einordnung? Nach einer revolution\u00e4ren Phase der abstrakten Kunst wenden sich K\u00fcnstler:innen im Realismus wieder der Darstellung des Allt\u00e4glichen zu. Anstatt die [&hellip;]<\/p>\n","protected":false},"author":2,"featured_media":6532,"comment_status":"closed","ping_status":"closed","sticky":false,"template":"","format":"standard","meta":{"_acf_changed":false,"footnotes":""},"categories":[2],"tags":[],"class_list":["post-6530","post","type-post","status-publish","format-standard","has-post-thumbnail","hentry","category-blog"],"yoast_head":"<!-- This site is optimized with the Yoast SEO plugin v26.6 - https:\/\/yoast.com\/wordpress\/plugins\/seo\/ -->\n<title>Eva Muellers Visionary Sunday Post 797 - Realismus | Eva Muellers Visionary Sunday Post<\/title>\n<meta name=\"description\" content=\"Kunst zwischen Krise, K\u00f6rperkult und Kampf um Freiheit: Realismus Ausstellung &quot;European Realities&quot; im Newsletter Eva Mueller Kunstberatung\" \/>\n<meta name=\"robots\" content=\"index, follow, max-snippet:-1, max-image-preview:large, max-video-preview:-1\" \/>\n<link rel=\"canonical\" href=\"https:\/\/www.kunstberatung.de\/newsletter\/blog\/eva-muellers-visionary-sunday-post-797-realismus\/\" \/>\n<meta property=\"og:locale\" content=\"de_DE\" \/>\n<meta property=\"og:type\" content=\"article\" \/>\n<meta property=\"og:title\" content=\"eva muellers visionary sunday post 797 - realismus | Eva Muellers Visionary Sunday Post\" \/>\n<meta property=\"og:description\" content=\"Kunst zwischen Krise, K\u00f6rperkult und Kampf um Freiheit: Realismus Ausstellung &quot;European Realities&quot; im Newsletter Eva Mueller Kunstberatung\" \/>\n<meta property=\"og:url\" content=\"https:\/\/www.kunstberatung.de\/newsletter\/blog\/eva-muellers-visionary-sunday-post-797-realismus\/\" \/>\n<meta property=\"og:site_name\" content=\"Eva Muellers Visionary Sunday Post\" \/>\n<meta property=\"article:published_time\" content=\"2025-06-15T06:00:00+00:00\" \/>\n<meta property=\"og:image\" content=\"https:\/\/www.kunstberatung.de\/newsletter\/wp-content\/uploads\/sites\/19\/2025\/06\/797-europaeische-realitaeten.jpg\" \/>\n\t<meta property=\"og:image:width\" content=\"600\" \/>\n\t<meta property=\"og:image:height\" content=\"300\" \/>\n\t<meta property=\"og:image:type\" content=\"image\/jpeg\" \/>\n<meta name=\"author\" content=\"Eva Mueller\" \/>\n<meta name=\"twitter:card\" content=\"summary_large_image\" \/>\n<meta name=\"twitter:label1\" content=\"Verfasst von\" \/>\n\t<meta name=\"twitter:data1\" content=\"Eva Mueller\" \/>\n\t<meta name=\"twitter:label2\" content=\"Gesch\u00e4tzte Lesezeit\" \/>\n\t<meta name=\"twitter:data2\" content=\"2\u00a0Minuten\" \/>\n<script type=\"application\/ld+json\" class=\"yoast-schema-graph\">{\"@context\":\"https:\/\/schema.org\",\"@graph\":[{\"@type\":\"WebPage\",\"@id\":\"https:\/\/www.kunstberatung.de\/newsletter\/blog\/eva-muellers-visionary-sunday-post-797-realismus\/\",\"url\":\"https:\/\/www.kunstberatung.de\/newsletter\/blog\/eva-muellers-visionary-sunday-post-797-realismus\/\",\"name\":\"eva muellers visionary sunday post 797 - realismus | Eva Muellers Visionary Sunday Post\",\"isPartOf\":{\"@id\":\"https:\/\/www.kunstberatung.de\/newsletter\/#website\"},\"primaryImageOfPage\":{\"@id\":\"https:\/\/www.kunstberatung.de\/newsletter\/blog\/eva-muellers-visionary-sunday-post-797-realismus\/#primaryimage\"},\"image\":{\"@id\":\"https:\/\/www.kunstberatung.de\/newsletter\/blog\/eva-muellers-visionary-sunday-post-797-realismus\/#primaryimage\"},\"thumbnailUrl\":\"https:\/\/www.kunstberatung.de\/newsletter\/wp-content\/uploads\/sites\/19\/2025\/06\/797-europaeische-realitaeten.jpg\",\"datePublished\":\"2025-06-15T06:00:00+00:00\",\"author\":{\"@id\":\"https:\/\/www.kunstberatung.de\/newsletter\/#\/schema\/person\/5956216e01d75d6ee2e332111165db0a\"},\"description\":\"Kunst zwischen Krise, K\u00f6rperkult und Kampf um Freiheit: Realismus Ausstellung \\\"European Realities\\\" im Newsletter Eva Mueller Kunstberatung\",\"inLanguage\":\"de\",\"potentialAction\":[{\"@type\":\"ReadAction\",\"target\":[\"https:\/\/www.kunstberatung.de\/newsletter\/blog\/eva-muellers-visionary-sunday-post-797-realismus\/\"]}]},{\"@type\":\"ImageObject\",\"inLanguage\":\"de\",\"@id\":\"https:\/\/www.kunstberatung.de\/newsletter\/blog\/eva-muellers-visionary-sunday-post-797-realismus\/#primaryimage\",\"url\":\"https:\/\/www.kunstberatung.de\/newsletter\/wp-content\/uploads\/sites\/19\/2025\/06\/797-europaeische-realitaeten.jpg\",\"contentUrl\":\"https:\/\/www.kunstberatung.de\/newsletter\/wp-content\/uploads\/sites\/19\/2025\/06\/797-europaeische-realitaeten.jpg\",\"width\":600,\"height\":300,\"caption\":\"Realismus\"},{\"@type\":\"WebSite\",\"@id\":\"https:\/\/www.kunstberatung.de\/newsletter\/#website\",\"url\":\"https:\/\/www.kunstberatung.de\/newsletter\/\",\"name\":\"Eva Muellers Visionary Sunday Post\",\"description\":\"Eva Mueller Kunstberatung\",\"potentialAction\":[{\"@type\":\"SearchAction\",\"target\":{\"@type\":\"EntryPoint\",\"urlTemplate\":\"https:\/\/www.kunstberatung.de\/newsletter\/?s={search_term_string}\"},\"query-input\":{\"@type\":\"PropertyValueSpecification\",\"valueRequired\":true,\"valueName\":\"search_term_string\"}}],\"inLanguage\":\"de\"},{\"@type\":\"Person\",\"@id\":\"https:\/\/www.kunstberatung.de\/newsletter\/#\/schema\/person\/5956216e01d75d6ee2e332111165db0a\",\"name\":\"Eva Mueller\",\"sameAs\":[\"https:\/\/www.kunstberatung.de\",\"https:\/\/de.linkedin.com\/in\/eva-mueller-kunstberatung\",\"https:\/\/www.youtube.com\/kunstberatungde\"]}]}<\/script>\n<!-- \/ Yoast SEO plugin. -->","yoast_head_json":{"title":"Eva Muellers Visionary Sunday Post 797 - Realismus | Eva Muellers Visionary Sunday Post","description":"Kunst zwischen Krise, K\u00f6rperkult und Kampf um Freiheit: Realismus Ausstellung \"European Realities\" im Newsletter Eva Mueller Kunstberatung","robots":{"index":"index","follow":"follow","max-snippet":"max-snippet:-1","max-image-preview":"max-image-preview:large","max-video-preview":"max-video-preview:-1"},"canonical":"https:\/\/www.kunstberatung.de\/newsletter\/blog\/eva-muellers-visionary-sunday-post-797-realismus\/","og_locale":"de_DE","og_type":"article","og_title":"eva muellers visionary sunday post 797 - realismus | Eva Muellers Visionary Sunday Post","og_description":"Kunst zwischen Krise, K\u00f6rperkult und Kampf um Freiheit: Realismus Ausstellung \"European Realities\" im Newsletter Eva Mueller Kunstberatung","og_url":"https:\/\/www.kunstberatung.de\/newsletter\/blog\/eva-muellers-visionary-sunday-post-797-realismus\/","og_site_name":"Eva Muellers Visionary Sunday Post","article_published_time":"2025-06-15T06:00:00+00:00","og_image":[{"width":600,"height":300,"url":"https:\/\/www.kunstberatung.de\/newsletter\/wp-content\/uploads\/sites\/19\/2025\/06\/797-europaeische-realitaeten.jpg","type":"image\/jpeg"}],"author":"Eva Mueller","twitter_card":"summary_large_image","twitter_misc":{"Verfasst von":"Eva Mueller","Gesch\u00e4tzte Lesezeit":"2\u00a0Minuten"},"schema":{"@context":"https:\/\/schema.org","@graph":[{"@type":"WebPage","@id":"https:\/\/www.kunstberatung.de\/newsletter\/blog\/eva-muellers-visionary-sunday-post-797-realismus\/","url":"https:\/\/www.kunstberatung.de\/newsletter\/blog\/eva-muellers-visionary-sunday-post-797-realismus\/","name":"eva muellers visionary sunday post 797 - realismus | Eva Muellers Visionary Sunday Post","isPartOf":{"@id":"https:\/\/www.kunstberatung.de\/newsletter\/#website"},"primaryImageOfPage":{"@id":"https:\/\/www.kunstberatung.de\/newsletter\/blog\/eva-muellers-visionary-sunday-post-797-realismus\/#primaryimage"},"image":{"@id":"https:\/\/www.kunstberatung.de\/newsletter\/blog\/eva-muellers-visionary-sunday-post-797-realismus\/#primaryimage"},"thumbnailUrl":"https:\/\/www.kunstberatung.de\/newsletter\/wp-content\/uploads\/sites\/19\/2025\/06\/797-europaeische-realitaeten.jpg","datePublished":"2025-06-15T06:00:00+00:00","author":{"@id":"https:\/\/www.kunstberatung.de\/newsletter\/#\/schema\/person\/5956216e01d75d6ee2e332111165db0a"},"description":"Kunst zwischen Krise, K\u00f6rperkult und Kampf um Freiheit: Realismus Ausstellung \"European Realities\" im Newsletter Eva Mueller Kunstberatung","inLanguage":"de","potentialAction":[{"@type":"ReadAction","target":["https:\/\/www.kunstberatung.de\/newsletter\/blog\/eva-muellers-visionary-sunday-post-797-realismus\/"]}]},{"@type":"ImageObject","inLanguage":"de","@id":"https:\/\/www.kunstberatung.de\/newsletter\/blog\/eva-muellers-visionary-sunday-post-797-realismus\/#primaryimage","url":"https:\/\/www.kunstberatung.de\/newsletter\/wp-content\/uploads\/sites\/19\/2025\/06\/797-europaeische-realitaeten.jpg","contentUrl":"https:\/\/www.kunstberatung.de\/newsletter\/wp-content\/uploads\/sites\/19\/2025\/06\/797-europaeische-realitaeten.jpg","width":600,"height":300,"caption":"Realismus"},{"@type":"WebSite","@id":"https:\/\/www.kunstberatung.de\/newsletter\/#website","url":"https:\/\/www.kunstberatung.de\/newsletter\/","name":"Eva Muellers Visionary Sunday Post","description":"Eva Mueller Kunstberatung","potentialAction":[{"@type":"SearchAction","target":{"@type":"EntryPoint","urlTemplate":"https:\/\/www.kunstberatung.de\/newsletter\/?s={search_term_string}"},"query-input":{"@type":"PropertyValueSpecification","valueRequired":true,"valueName":"search_term_string"}}],"inLanguage":"de"},{"@type":"Person","@id":"https:\/\/www.kunstberatung.de\/newsletter\/#\/schema\/person\/5956216e01d75d6ee2e332111165db0a","name":"Eva Mueller","sameAs":["https:\/\/www.kunstberatung.de","https:\/\/de.linkedin.com\/in\/eva-mueller-kunstberatung","https:\/\/www.youtube.com\/kunstberatungde"]}]}},"acf":[],"_links":{"self":[{"href":"https:\/\/www.kunstberatung.de\/newsletter\/wp-json\/wp\/v2\/posts\/6530","targetHints":{"allow":["GET"]}}],"collection":[{"href":"https:\/\/www.kunstberatung.de\/newsletter\/wp-json\/wp\/v2\/posts"}],"about":[{"href":"https:\/\/www.kunstberatung.de\/newsletter\/wp-json\/wp\/v2\/types\/post"}],"author":[{"embeddable":true,"href":"https:\/\/www.kunstberatung.de\/newsletter\/wp-json\/wp\/v2\/users\/2"}],"replies":[{"embeddable":true,"href":"https:\/\/www.kunstberatung.de\/newsletter\/wp-json\/wp\/v2\/comments?post=6530"}],"version-history":[{"count":0,"href":"https:\/\/www.kunstberatung.de\/newsletter\/wp-json\/wp\/v2\/posts\/6530\/revisions"}],"wp:featuredmedia":[{"embeddable":true,"href":"https:\/\/www.kunstberatung.de\/newsletter\/wp-json\/wp\/v2\/media\/6532"}],"wp:attachment":[{"href":"https:\/\/www.kunstberatung.de\/newsletter\/wp-json\/wp\/v2\/media?parent=6530"}],"wp:term":[{"taxonomy":"category","embeddable":true,"href":"https:\/\/www.kunstberatung.de\/newsletter\/wp-json\/wp\/v2\/categories?post=6530"},{"taxonomy":"post_tag","embeddable":true,"href":"https:\/\/www.kunstberatung.de\/newsletter\/wp-json\/wp\/v2\/tags?post=6530"}],"curies":[{"name":"wp","href":"https:\/\/api.w.org\/{rel}","templated":true}]}}