{"id":6487,"date":"2025-04-06T08:00:00","date_gmt":"2025-04-06T06:00:00","guid":{"rendered":"https:\/\/www.kunstberatung.de\/newsletter\/?p=6487"},"modified":"2025-04-04T20:45:57","modified_gmt":"2025-04-04T18:45:57","slug":"eva-muellers-visionary-sunday-post-789-konferenznamen","status":"publish","type":"post","link":"https:\/\/www.kunstberatung.de\/newsletter\/blog\/eva-muellers-visionary-sunday-post-789-konferenznamen\/","title":{"rendered":"eva muellers visionary sunday post 789 &#8211; konferenznamen"},"content":{"rendered":"\n<h2 class=\"wp-block-heading\">Machen Konferenznamen Sinn?<\/h2>\n\n\n\n<p>Sobald neue R\u00e4ume bezogen werden, f\u00e4ngt das R\u00e4tselraten an, welchen Konferenznamen wohl die Besprechungsr\u00e4ume erhalten sollen.<\/p>\n\n\n\n<p>\u00dcblicherweise wird im Pool der Region gesch\u00fcrft. St\u00e4dtenamen, Fl\u00fcsse, Sehensw\u00fcrdigkeiten, also unverf\u00e4ngliches. Ohne pers\u00f6nliche Note. Keine Aussage, ausser vielleicht der heimatlichen Verortung, die f\u00fcr manche Mitarbeitende und den Kundenstamm Seriosit\u00e4t, Verbundenheit, Bodenst\u00e4ndigkeit vermitteln soll. Allerdings entscheiden sich Mitbewerber h\u00e4ufig f\u00fcr die gleichen Bezeichnungen.<\/p>\n\n\n\n<h2 class=\"wp-block-heading\">Was macht Sinn?<\/h2>\n\n\n\n<p>Nun, Namen sind schon ganz hilfreich, wenn verschiedene R\u00e4ume gebucht werden. Irgendwie muss man sich ja orientieren. Nummer 101 oder lieber 115 klingt auch nicht gerade prickelnd.<\/p>\n\n\n\n<p>Ganz anders konnte ich das letzte Woche bei der privaten Verm\u00f6gensverwalterin Kris Hauf in Hamburg erleben. Sie hat sich wirklich Gedanken gemacht. &nbsp;Welche Werte, welche Pers\u00f6nlichkeiten haben sie gepr\u00e4gt und fasziniert? Danach hat sie die verschiedenen Besprechungsr\u00e4ume benannt.<\/p>\n\n\n\n<p>Entsprechend dazu konnte ich mit ihr ein Kunstkonzept entwickeln, das zu ihrem Unternehmen und den jeweiligen R\u00e4umlichkeiten wirklich passt und Sinn macht. Die Kunstwerke f\u00fcr den Raum \u201eElla\u201c (Fitzgerald) sehen Sie hier in der Abbildung \u2013 mit dem Blick in \u201eDie Grosse Werkstatt\u201c, die dem Service vorbehalten ist, aber mit einem Gem\u00e4lde von Harald Huss einen sch\u00f6nen Blickpunkt setzt, wenn die T\u00fcren offen sind.<\/p>\n\n\n\n<h2 class=\"wp-block-heading\">Konferenznamen und Kunst<\/h2>\n\n\n\n<p>Zu Ella Fitzgerald passt die Radierung von Maria E. Prigge, eine Meisterin dieser Technik, die sie auch am Salzburg Collage oder der Europ\u00e4ischen Kunstakademie in Trier unterrichtete. Die kraftvolle Aussage. Der Swing. W\u00e4rme und Tiefe.<\/p>\n\n\n\n<p>Damit korrespondiert Konrad Schmids Holzschnitt. Ihm gelingt die Reduktion auf wenige Zeichen, wie in der Zen-Tuschemalerei. Jeder Schnitt in die Holzplatte muss sitzen. Nichts ist korrigierbar. Wie im Leben. Was geschehen ist, kann nicht r\u00fcckg\u00e4ngig gemacht werden. Aber man kann nat\u00fcrlich diese Erfahrung nutzen, um in einem anderen Werk neu zu beginnen. Daher braucht es viel Erfahrung und K\u00f6nnen, um so gekonnt Zeichen zu setzen.<\/p>\n\n\n\n<p>Nachdem wir die Werke entsprechend platziert und inszeniert hatten, lud Kris Hauf ihre G\u00e4ste zu einer Er\u00f6ffnungsfeier. Da war er wieder, dieser pure Moment der Freude, wenn sich meine Auftraggeber:innen auf neue Weise heimisch und gesehen f\u00fchlen. Besprechungs- und Konferenzr\u00e4ume durch ihre besondere Ausstrahlung wirken und begeistern. Einen Namen tragen, der auch durch die Kunstwerke sichtbar und sp\u00fcrbar wird, Sinn macht.<\/p>\n\n\n\n<p>Frohe Sonntagsgr\u00fcsse<br>Ihre Eva Mueller<\/p>\n\n\n\n<figure class=\"wp-block-image size-full\"><img loading=\"lazy\" decoding=\"async\" width=\"1980\" height=\"1080\" src=\"https:\/\/www.kunstberatung.de\/newsletter\/wp-content\/uploads\/sites\/19\/2025\/04\/kris-buero3.jpg\" alt=\"Konferenznamen\n\" class=\"wp-image-6488\" srcset=\"https:\/\/www.kunstberatung.de\/newsletter\/wp-content\/uploads\/sites\/19\/2025\/04\/kris-buero3.jpg 1980w, https:\/\/www.kunstberatung.de\/newsletter\/wp-content\/uploads\/sites\/19\/2025\/04\/kris-buero3-768x419.jpg 768w, https:\/\/www.kunstberatung.de\/newsletter\/wp-content\/uploads\/sites\/19\/2025\/04\/kris-buero3-1536x838.jpg 1536w\" sizes=\"auto, (max-width: 1980px) 100vw, 1980px\" \/><\/figure>\n\n\n\n<p>Abb.: Raum &#8222;Ella&#8220; links Radierung von Maria E. Prigge, gegen\u00fcber rechts der Holzschnitt von Konrad Schmid und ein Fotosvon Ella Fitzgerald.<br>In der Mitte blickt man in den n\u00e4chsten Raum mit einem Gem\u00e4lde von Harald Huss.<\/p>\n","protected":false},"excerpt":{"rendered":"<p>Machen Konferenznamen Sinn? Sobald neue R\u00e4ume bezogen werden, f\u00e4ngt das R\u00e4tselraten an, welchen Konferenznamen wohl die Besprechungsr\u00e4ume erhalten sollen. \u00dcblicherweise wird im Pool der Region gesch\u00fcrft. St\u00e4dtenamen, Fl\u00fcsse, Sehensw\u00fcrdigkeiten, also unverf\u00e4ngliches. Ohne pers\u00f6nliche Note. Keine Aussage, ausser vielleicht der heimatlichen Verortung, die f\u00fcr manche Mitarbeitende und den Kundenstamm Seriosit\u00e4t, Verbundenheit, Bodenst\u00e4ndigkeit vermitteln soll. Allerdings entscheiden [&hellip;]<\/p>\n","protected":false},"author":2,"featured_media":6489,"comment_status":"closed","ping_status":"closed","sticky":false,"template":"","format":"standard","meta":{"_acf_changed":false,"footnotes":""},"categories":[2],"tags":[],"class_list":["post-6487","post","type-post","status-publish","format-standard","has-post-thumbnail","hentry","category-blog"],"yoast_head":"<!-- This site is optimized with the Yoast SEO plugin v26.6 - https:\/\/yoast.com\/wordpress\/plugins\/seo\/ -->\n<title>Eva Muellers Visionary Sunday Post 789 - Konferenznamen | Eva Muellers Visionary Sunday Post<\/title>\n<meta name=\"description\" content=\"Machen Konferenznamen Sinn? Sehen Sie hier ein Beispiel wie Kunst im Kontext mit den Bezeichnungen eine ganz einzigartige Atmosph\u00e4re schafft.\" \/>\n<meta name=\"robots\" content=\"index, follow, max-snippet:-1, max-image-preview:large, max-video-preview:-1\" \/>\n<link rel=\"canonical\" href=\"https:\/\/www.kunstberatung.de\/newsletter\/blog\/eva-muellers-visionary-sunday-post-789-konferenznamen\/\" \/>\n<meta property=\"og:locale\" content=\"de_DE\" \/>\n<meta property=\"og:type\" content=\"article\" \/>\n<meta property=\"og:title\" content=\"eva muellers visionary sunday post 789 - konferenznamen | Eva Muellers Visionary Sunday Post\" \/>\n<meta property=\"og:description\" content=\"Machen Konferenznamen Sinn? Sehen Sie hier ein Beispiel wie Kunst im Kontext mit den Bezeichnungen eine ganz einzigartige Atmosph\u00e4re schafft.\" \/>\n<meta property=\"og:url\" content=\"https:\/\/www.kunstberatung.de\/newsletter\/blog\/eva-muellers-visionary-sunday-post-789-konferenznamen\/\" \/>\n<meta property=\"og:site_name\" content=\"Eva Muellers Visionary Sunday Post\" \/>\n<meta property=\"article:published_time\" content=\"2025-04-06T06:00:00+00:00\" \/>\n<meta property=\"og:image\" content=\"https:\/\/www.kunstberatung.de\/newsletter\/wp-content\/uploads\/sites\/19\/2025\/04\/787-konferenz-kris.jpg\" \/>\n\t<meta property=\"og:image:width\" content=\"600\" \/>\n\t<meta property=\"og:image:height\" content=\"300\" \/>\n\t<meta property=\"og:image:type\" content=\"image\/jpeg\" \/>\n<meta name=\"author\" content=\"Eva Mueller\" \/>\n<meta name=\"twitter:card\" content=\"summary_large_image\" \/>\n<meta name=\"twitter:label1\" content=\"Verfasst von\" \/>\n\t<meta name=\"twitter:data1\" content=\"Eva Mueller\" \/>\n\t<meta name=\"twitter:label2\" content=\"Gesch\u00e4tzte Lesezeit\" \/>\n\t<meta name=\"twitter:data2\" content=\"2\u00a0Minuten\" \/>\n<script type=\"application\/ld+json\" class=\"yoast-schema-graph\">{\"@context\":\"https:\/\/schema.org\",\"@graph\":[{\"@type\":\"WebPage\",\"@id\":\"https:\/\/www.kunstberatung.de\/newsletter\/blog\/eva-muellers-visionary-sunday-post-789-konferenznamen\/\",\"url\":\"https:\/\/www.kunstberatung.de\/newsletter\/blog\/eva-muellers-visionary-sunday-post-789-konferenznamen\/\",\"name\":\"eva muellers visionary sunday post 789 - konferenznamen | Eva Muellers Visionary Sunday Post\",\"isPartOf\":{\"@id\":\"https:\/\/www.kunstberatung.de\/newsletter\/#website\"},\"primaryImageOfPage\":{\"@id\":\"https:\/\/www.kunstberatung.de\/newsletter\/blog\/eva-muellers-visionary-sunday-post-789-konferenznamen\/#primaryimage\"},\"image\":{\"@id\":\"https:\/\/www.kunstberatung.de\/newsletter\/blog\/eva-muellers-visionary-sunday-post-789-konferenznamen\/#primaryimage\"},\"thumbnailUrl\":\"https:\/\/www.kunstberatung.de\/newsletter\/wp-content\/uploads\/sites\/19\/2025\/04\/787-konferenz-kris.jpg\",\"datePublished\":\"2025-04-06T06:00:00+00:00\",\"author\":{\"@id\":\"https:\/\/www.kunstberatung.de\/newsletter\/#\/schema\/person\/5956216e01d75d6ee2e332111165db0a\"},\"description\":\"Machen Konferenznamen Sinn? Sehen Sie hier ein Beispiel wie Kunst im Kontext mit den Bezeichnungen eine ganz einzigartige Atmosph\u00e4re schafft.\",\"inLanguage\":\"de\",\"potentialAction\":[{\"@type\":\"ReadAction\",\"target\":[\"https:\/\/www.kunstberatung.de\/newsletter\/blog\/eva-muellers-visionary-sunday-post-789-konferenznamen\/\"]}]},{\"@type\":\"ImageObject\",\"inLanguage\":\"de\",\"@id\":\"https:\/\/www.kunstberatung.de\/newsletter\/blog\/eva-muellers-visionary-sunday-post-789-konferenznamen\/#primaryimage\",\"url\":\"https:\/\/www.kunstberatung.de\/newsletter\/wp-content\/uploads\/sites\/19\/2025\/04\/787-konferenz-kris.jpg\",\"contentUrl\":\"https:\/\/www.kunstberatung.de\/newsletter\/wp-content\/uploads\/sites\/19\/2025\/04\/787-konferenz-kris.jpg\",\"width\":600,\"height\":300,\"caption\":\"Konferenznamen\"},{\"@type\":\"WebSite\",\"@id\":\"https:\/\/www.kunstberatung.de\/newsletter\/#website\",\"url\":\"https:\/\/www.kunstberatung.de\/newsletter\/\",\"name\":\"Eva Muellers Visionary Sunday Post\",\"description\":\"Eva Mueller Kunstberatung\",\"potentialAction\":[{\"@type\":\"SearchAction\",\"target\":{\"@type\":\"EntryPoint\",\"urlTemplate\":\"https:\/\/www.kunstberatung.de\/newsletter\/?s={search_term_string}\"},\"query-input\":{\"@type\":\"PropertyValueSpecification\",\"valueRequired\":true,\"valueName\":\"search_term_string\"}}],\"inLanguage\":\"de\"},{\"@type\":\"Person\",\"@id\":\"https:\/\/www.kunstberatung.de\/newsletter\/#\/schema\/person\/5956216e01d75d6ee2e332111165db0a\",\"name\":\"Eva Mueller\",\"sameAs\":[\"https:\/\/www.kunstberatung.de\",\"https:\/\/de.linkedin.com\/in\/eva-mueller-kunstberatung\",\"https:\/\/www.youtube.com\/kunstberatungde\"]}]}<\/script>\n<!-- \/ Yoast SEO plugin. -->","yoast_head_json":{"title":"Eva Muellers Visionary Sunday Post 789 - Konferenznamen | Eva Muellers Visionary Sunday Post","description":"Machen Konferenznamen Sinn? Sehen Sie hier ein Beispiel wie Kunst im Kontext mit den Bezeichnungen eine ganz einzigartige Atmosph\u00e4re schafft.","robots":{"index":"index","follow":"follow","max-snippet":"max-snippet:-1","max-image-preview":"max-image-preview:large","max-video-preview":"max-video-preview:-1"},"canonical":"https:\/\/www.kunstberatung.de\/newsletter\/blog\/eva-muellers-visionary-sunday-post-789-konferenznamen\/","og_locale":"de_DE","og_type":"article","og_title":"eva muellers visionary sunday post 789 - konferenznamen | Eva Muellers Visionary Sunday Post","og_description":"Machen Konferenznamen Sinn? Sehen Sie hier ein Beispiel wie Kunst im Kontext mit den Bezeichnungen eine ganz einzigartige Atmosph\u00e4re schafft.","og_url":"https:\/\/www.kunstberatung.de\/newsletter\/blog\/eva-muellers-visionary-sunday-post-789-konferenznamen\/","og_site_name":"Eva Muellers Visionary Sunday Post","article_published_time":"2025-04-06T06:00:00+00:00","og_image":[{"width":600,"height":300,"url":"https:\/\/www.kunstberatung.de\/newsletter\/wp-content\/uploads\/sites\/19\/2025\/04\/787-konferenz-kris.jpg","type":"image\/jpeg"}],"author":"Eva Mueller","twitter_card":"summary_large_image","twitter_misc":{"Verfasst von":"Eva Mueller","Gesch\u00e4tzte Lesezeit":"2\u00a0Minuten"},"schema":{"@context":"https:\/\/schema.org","@graph":[{"@type":"WebPage","@id":"https:\/\/www.kunstberatung.de\/newsletter\/blog\/eva-muellers-visionary-sunday-post-789-konferenznamen\/","url":"https:\/\/www.kunstberatung.de\/newsletter\/blog\/eva-muellers-visionary-sunday-post-789-konferenznamen\/","name":"eva muellers visionary sunday post 789 - konferenznamen | Eva Muellers Visionary Sunday Post","isPartOf":{"@id":"https:\/\/www.kunstberatung.de\/newsletter\/#website"},"primaryImageOfPage":{"@id":"https:\/\/www.kunstberatung.de\/newsletter\/blog\/eva-muellers-visionary-sunday-post-789-konferenznamen\/#primaryimage"},"image":{"@id":"https:\/\/www.kunstberatung.de\/newsletter\/blog\/eva-muellers-visionary-sunday-post-789-konferenznamen\/#primaryimage"},"thumbnailUrl":"https:\/\/www.kunstberatung.de\/newsletter\/wp-content\/uploads\/sites\/19\/2025\/04\/787-konferenz-kris.jpg","datePublished":"2025-04-06T06:00:00+00:00","author":{"@id":"https:\/\/www.kunstberatung.de\/newsletter\/#\/schema\/person\/5956216e01d75d6ee2e332111165db0a"},"description":"Machen Konferenznamen Sinn? Sehen Sie hier ein Beispiel wie Kunst im Kontext mit den Bezeichnungen eine ganz einzigartige Atmosph\u00e4re schafft.","inLanguage":"de","potentialAction":[{"@type":"ReadAction","target":["https:\/\/www.kunstberatung.de\/newsletter\/blog\/eva-muellers-visionary-sunday-post-789-konferenznamen\/"]}]},{"@type":"ImageObject","inLanguage":"de","@id":"https:\/\/www.kunstberatung.de\/newsletter\/blog\/eva-muellers-visionary-sunday-post-789-konferenznamen\/#primaryimage","url":"https:\/\/www.kunstberatung.de\/newsletter\/wp-content\/uploads\/sites\/19\/2025\/04\/787-konferenz-kris.jpg","contentUrl":"https:\/\/www.kunstberatung.de\/newsletter\/wp-content\/uploads\/sites\/19\/2025\/04\/787-konferenz-kris.jpg","width":600,"height":300,"caption":"Konferenznamen"},{"@type":"WebSite","@id":"https:\/\/www.kunstberatung.de\/newsletter\/#website","url":"https:\/\/www.kunstberatung.de\/newsletter\/","name":"Eva Muellers Visionary Sunday Post","description":"Eva Mueller Kunstberatung","potentialAction":[{"@type":"SearchAction","target":{"@type":"EntryPoint","urlTemplate":"https:\/\/www.kunstberatung.de\/newsletter\/?s={search_term_string}"},"query-input":{"@type":"PropertyValueSpecification","valueRequired":true,"valueName":"search_term_string"}}],"inLanguage":"de"},{"@type":"Person","@id":"https:\/\/www.kunstberatung.de\/newsletter\/#\/schema\/person\/5956216e01d75d6ee2e332111165db0a","name":"Eva Mueller","sameAs":["https:\/\/www.kunstberatung.de","https:\/\/de.linkedin.com\/in\/eva-mueller-kunstberatung","https:\/\/www.youtube.com\/kunstberatungde"]}]}},"acf":[],"_links":{"self":[{"href":"https:\/\/www.kunstberatung.de\/newsletter\/wp-json\/wp\/v2\/posts\/6487","targetHints":{"allow":["GET"]}}],"collection":[{"href":"https:\/\/www.kunstberatung.de\/newsletter\/wp-json\/wp\/v2\/posts"}],"about":[{"href":"https:\/\/www.kunstberatung.de\/newsletter\/wp-json\/wp\/v2\/types\/post"}],"author":[{"embeddable":true,"href":"https:\/\/www.kunstberatung.de\/newsletter\/wp-json\/wp\/v2\/users\/2"}],"replies":[{"embeddable":true,"href":"https:\/\/www.kunstberatung.de\/newsletter\/wp-json\/wp\/v2\/comments?post=6487"}],"version-history":[{"count":0,"href":"https:\/\/www.kunstberatung.de\/newsletter\/wp-json\/wp\/v2\/posts\/6487\/revisions"}],"wp:featuredmedia":[{"embeddable":true,"href":"https:\/\/www.kunstberatung.de\/newsletter\/wp-json\/wp\/v2\/media\/6489"}],"wp:attachment":[{"href":"https:\/\/www.kunstberatung.de\/newsletter\/wp-json\/wp\/v2\/media?parent=6487"}],"wp:term":[{"taxonomy":"category","embeddable":true,"href":"https:\/\/www.kunstberatung.de\/newsletter\/wp-json\/wp\/v2\/categories?post=6487"},{"taxonomy":"post_tag","embeddable":true,"href":"https:\/\/www.kunstberatung.de\/newsletter\/wp-json\/wp\/v2\/tags?post=6487"}],"curies":[{"name":"wp","href":"https:\/\/api.w.org\/{rel}","templated":true}]}}