{"id":6425,"date":"2024-12-29T08:00:00","date_gmt":"2024-12-29T07:00:00","guid":{"rendered":"https:\/\/www.kunstberatung.de\/newsletter\/?p=6425"},"modified":"2024-12-20T15:32:27","modified_gmt":"2024-12-20T14:32:27","slug":"eva-muellers-visionary-sunday-post-773-wie-sterne-zaehlen","status":"publish","type":"post","link":"https:\/\/www.kunstberatung.de\/newsletter\/blog\/eva-muellers-visionary-sunday-post-773-wie-sterne-zaehlen\/","title":{"rendered":"eva muellers visionary sunday post 773 &#8211; wie sterne z\u00e4hlen"},"content":{"rendered":"\n<h2 class=\"wp-block-heading\">Wie Sterne z\u00e4hlen<\/h2>\n\n\n\n<p>Die dunkelste Zeit endet. Die Tage werden l\u00e4nger. Das neue Jahr beginnt. Daher handeln die Geschichten, religi\u00f6sen Br\u00e4uche und Mythen dieser Zeitspanne vom zentralen Thema des Lichts f\u00fcr unser Leben auf der Erde.<\/p>\n\n\n\n<p>Wie stellt man Licht in einem Gem\u00e4lde dar? Eine schwierige Aufgabe! Soll die ganze Szenerie in gleichm\u00e4ssigem Ton erscheinen? Oder ein bestimmtes Detail besonders betont werden? Etwas aus dem Schatten ins Licht r\u00fccken? Ergibt sich erst damit die Bedeutung des Dargestellten? Wie ist es m\u00f6glich, auf einer zweidimensionalen Fl\u00e4che Tiefe, Plastizit\u00e4t, eine dreidimensionale Wirkung zu erreichen?<\/p>\n\n\n\n<figure class=\"wp-block-image size-full is-resized\"><img loading=\"lazy\" decoding=\"async\" width=\"1980\" height=\"1080\" src=\"https:\/\/www.kunstberatung.de\/newsletter\/wp-content\/uploads\/sites\/19\/2024\/12\/elisabeth-ausstellung-2.jpg\" alt=\"Wie Sterne z\u00e4hlen\" class=\"wp-image-6427\" style=\"width:840px;height:auto\" srcset=\"https:\/\/www.kunstberatung.de\/newsletter\/wp-content\/uploads\/sites\/19\/2024\/12\/elisabeth-ausstellung-2.jpg 1980w, https:\/\/www.kunstberatung.de\/newsletter\/wp-content\/uploads\/sites\/19\/2024\/12\/elisabeth-ausstellung-2-768x419.jpg 768w, https:\/\/www.kunstberatung.de\/newsletter\/wp-content\/uploads\/sites\/19\/2024\/12\/elisabeth-ausstellung-2-1536x838.jpg 1536w\" sizes=\"auto, (max-width: 1980px) 100vw, 1980px\" \/><\/figure>\n\n\n\n<p>Vor diesen Fragen steht die K\u00fcnstlerin Elisabeth Mehrl t\u00e4glich bei ihren meist grossformatigen Gem\u00e4lden. Und l\u00f6st sie auf geniale Weise. Gerade die Darstellung von Perlen und anderen Schmuckst\u00fccken, die sie seit vielen Jahren als Symbole f\u00fcr Sehnsucht, Sch\u00f6nheit, K\u00f6rperlichkeit, variantenreich pr\u00e4sentiert, fordert dazu in besonderer Weise heraus. Der Schliff von Edelsteinen ist genau zu studieren. In der Umsetzung braucht es Begabung, K\u00f6nnen, Erfahrung, technische Pr\u00e4zision und vor allem auch viel Geduld.<\/p>\n\n\n\n<h2 class=\"wp-block-heading\">40 Jahre Erfahrung<\/h2>\n\n\n\n<p>Elisabeth Mehrl kann mittlerweile auf eine 40j\u00e4hrige Malerinnenkarriere zur\u00fcckblicken. Einen Teil dieses enormen Schaffensprozesses bildet nun die Ausstellung in der Galerie Prien am Chiemsee ab. Mit dieser umfangreichen Pr\u00e4sentation hat die K\u00fcnstlerin f\u00fcr jede Werkgruppe ein eigenes Kabinett gestaltet. Besonders interessant sind dabei die klug gew\u00e4hlten Durchblicke zu den weiteren R\u00e4umen.<\/p>\n\n\n\n<figure class=\"wp-block-image size-full\"><img loading=\"lazy\" decoding=\"async\" width=\"1980\" height=\"1080\" src=\"https:\/\/www.kunstberatung.de\/newsletter\/wp-content\/uploads\/sites\/19\/2024\/12\/elisabeth-ausstellung-3.jpg\" alt=\"Wie Sterne z\u00e4hlen\" class=\"wp-image-6428\" srcset=\"https:\/\/www.kunstberatung.de\/newsletter\/wp-content\/uploads\/sites\/19\/2024\/12\/elisabeth-ausstellung-3.jpg 1980w, https:\/\/www.kunstberatung.de\/newsletter\/wp-content\/uploads\/sites\/19\/2024\/12\/elisabeth-ausstellung-3-768x419.jpg 768w, https:\/\/www.kunstberatung.de\/newsletter\/wp-content\/uploads\/sites\/19\/2024\/12\/elisabeth-ausstellung-3-1536x838.jpg 1536w\" sizes=\"auto, (max-width: 1980px) 100vw, 1980px\" \/><\/figure>\n\n\n\n<p>Da die Malerin vor ihren Leinw\u00e4nden steht und Tag f\u00fcr Tag Perle um Perle gestaltet, l\u00e4sst sich die Anzahl der Ketten und Reihungen nicht mehr berechnen. M\u00f6chte man die Anzahl erfahren, w\u00e4re es so wie Sterne z\u00e4hlen. Wie beim Blick in den unendlichen Himmel kann man sich in den Lichtpunkten der Malerei von Elisabeth Mehrl verlieren. &nbsp;<\/p>\n\n\n\n<figure class=\"wp-block-image size-full\"><img loading=\"lazy\" decoding=\"async\" width=\"2488\" height=\"1330\" src=\"https:\/\/www.kunstberatung.de\/newsletter\/wp-content\/uploads\/sites\/19\/2024\/12\/elisabeth-ausstellung-sterne-schwarz.jpg\" alt=\"Wie Sterne z\u00e4hlen\" class=\"wp-image-6430\" srcset=\"https:\/\/www.kunstberatung.de\/newsletter\/wp-content\/uploads\/sites\/19\/2024\/12\/elisabeth-ausstellung-sterne-schwarz.jpg 2488w, https:\/\/www.kunstberatung.de\/newsletter\/wp-content\/uploads\/sites\/19\/2024\/12\/elisabeth-ausstellung-sterne-schwarz-768x411.jpg 768w, https:\/\/www.kunstberatung.de\/newsletter\/wp-content\/uploads\/sites\/19\/2024\/12\/elisabeth-ausstellung-sterne-schwarz-1536x821.jpg 1536w, https:\/\/www.kunstberatung.de\/newsletter\/wp-content\/uploads\/sites\/19\/2024\/12\/elisabeth-ausstellung-sterne-schwarz-2048x1095.jpg 2048w\" sizes=\"auto, (max-width: 2488px) 100vw, 2488px\" \/><\/figure>\n\n\n\n<p>Die Ausstellung in Prien ist noch bis zum 26. Januar 2025 zu sehen. Sie bietet sich f\u00fcr einen sch\u00f6nen Ausflug zwischen den Jahren an (bitte \u00d6ffnungszeiten beachten) <a href=\"https:\/\/www.tourismus.prien.de\/erlebnisse\/galerie-im-alten-rathaus\/?c=206\">https:\/\/www.tourismus.prien.de\/erlebnisse\/galerie-im-alten-rathaus\/?c=206<\/a>.<\/p>\n\n\n\n<p>Ein funkelndes, lichtvolles, sternenfrohes Jahr 2025 w\u00fcnsche ich Ihnen,<br>herzlich Ihre Eva Mueller<\/p>\n\n\n\n<p><\/p>\n","protected":false},"excerpt":{"rendered":"<p>Wie Sterne z\u00e4hlen Die dunkelste Zeit endet. Die Tage werden l\u00e4nger. Das neue Jahr beginnt. Daher handeln die Geschichten, religi\u00f6sen Br\u00e4uche und Mythen dieser Zeitspanne vom zentralen Thema des Lichts f\u00fcr unser Leben auf der Erde. Wie stellt man Licht in einem Gem\u00e4lde dar? Eine schwierige Aufgabe! Soll die ganze Szenerie in gleichm\u00e4ssigem Ton erscheinen? [&hellip;]<\/p>\n","protected":false},"author":2,"featured_media":6429,"comment_status":"closed","ping_status":"closed","sticky":false,"template":"","format":"standard","meta":{"_acf_changed":false,"footnotes":""},"categories":[2],"tags":[],"class_list":["post-6425","post","type-post","status-publish","format-standard","has-post-thumbnail","hentry","category-blog"],"yoast_head":"<!-- This site is optimized with the Yoast SEO plugin v26.6 - https:\/\/yoast.com\/wordpress\/plugins\/seo\/ -->\n<title>Eva Muellers Visionary Sunday Post 773 - Wie Sterne Z\u00e4hlen | Eva Muellers Visionary Sunday Post<\/title>\n<meta name=\"description\" content=\"Eva Mueller Kunstberatung mit der K\u00fcnstlerin Elisabeth Mehrl in ihrer Ausstellung &quot;Wie Sterne z\u00e4hlen&quot; in der Galerie Prien am Chiemsee\" \/>\n<meta name=\"robots\" content=\"index, follow, max-snippet:-1, max-image-preview:large, max-video-preview:-1\" \/>\n<link rel=\"canonical\" href=\"https:\/\/www.kunstberatung.de\/newsletter\/blog\/eva-muellers-visionary-sunday-post-773-wie-sterne-zaehlen\/\" \/>\n<meta property=\"og:locale\" content=\"de_DE\" \/>\n<meta property=\"og:type\" content=\"article\" \/>\n<meta property=\"og:title\" content=\"eva muellers visionary sunday post 773 - wie sterne z\u00e4hlen | Eva Muellers Visionary Sunday Post\" \/>\n<meta property=\"og:description\" content=\"Eva Mueller Kunstberatung mit der K\u00fcnstlerin Elisabeth Mehrl in ihrer Ausstellung &quot;Wie Sterne z\u00e4hlen&quot; in der Galerie Prien am Chiemsee\" \/>\n<meta property=\"og:url\" content=\"https:\/\/www.kunstberatung.de\/newsletter\/blog\/eva-muellers-visionary-sunday-post-773-wie-sterne-zaehlen\/\" \/>\n<meta property=\"og:site_name\" content=\"Eva Muellers Visionary Sunday Post\" \/>\n<meta property=\"article:published_time\" content=\"2024-12-29T07:00:00+00:00\" \/>\n<meta property=\"og:image\" content=\"https:\/\/www.kunstberatung.de\/newsletter\/wp-content\/uploads\/sites\/19\/2024\/12\/773-wie-sterne-zaehlen.jpg\" \/>\n\t<meta property=\"og:image:width\" content=\"600\" \/>\n\t<meta property=\"og:image:height\" content=\"300\" \/>\n\t<meta property=\"og:image:type\" content=\"image\/jpeg\" \/>\n<meta name=\"author\" content=\"Eva Mueller\" \/>\n<meta name=\"twitter:card\" content=\"summary_large_image\" \/>\n<meta name=\"twitter:label1\" content=\"Verfasst von\" \/>\n\t<meta name=\"twitter:data1\" content=\"Eva Mueller\" \/>\n\t<meta name=\"twitter:label2\" content=\"Gesch\u00e4tzte Lesezeit\" \/>\n\t<meta name=\"twitter:data2\" content=\"2\u00a0Minuten\" \/>\n<script type=\"application\/ld+json\" class=\"yoast-schema-graph\">{\"@context\":\"https:\/\/schema.org\",\"@graph\":[{\"@type\":\"WebPage\",\"@id\":\"https:\/\/www.kunstberatung.de\/newsletter\/blog\/eva-muellers-visionary-sunday-post-773-wie-sterne-zaehlen\/\",\"url\":\"https:\/\/www.kunstberatung.de\/newsletter\/blog\/eva-muellers-visionary-sunday-post-773-wie-sterne-zaehlen\/\",\"name\":\"eva muellers visionary sunday post 773 - wie sterne z\u00e4hlen | Eva Muellers Visionary Sunday Post\",\"isPartOf\":{\"@id\":\"https:\/\/www.kunstberatung.de\/newsletter\/#website\"},\"primaryImageOfPage\":{\"@id\":\"https:\/\/www.kunstberatung.de\/newsletter\/blog\/eva-muellers-visionary-sunday-post-773-wie-sterne-zaehlen\/#primaryimage\"},\"image\":{\"@id\":\"https:\/\/www.kunstberatung.de\/newsletter\/blog\/eva-muellers-visionary-sunday-post-773-wie-sterne-zaehlen\/#primaryimage\"},\"thumbnailUrl\":\"https:\/\/www.kunstberatung.de\/newsletter\/wp-content\/uploads\/sites\/19\/2024\/12\/773-wie-sterne-zaehlen.jpg\",\"datePublished\":\"2024-12-29T07:00:00+00:00\",\"author\":{\"@id\":\"https:\/\/www.kunstberatung.de\/newsletter\/#\/schema\/person\/5956216e01d75d6ee2e332111165db0a\"},\"description\":\"Eva Mueller Kunstberatung mit der K\u00fcnstlerin Elisabeth Mehrl in ihrer Ausstellung \\\"Wie Sterne z\u00e4hlen\\\" in der Galerie Prien am Chiemsee\",\"inLanguage\":\"de\",\"potentialAction\":[{\"@type\":\"ReadAction\",\"target\":[\"https:\/\/www.kunstberatung.de\/newsletter\/blog\/eva-muellers-visionary-sunday-post-773-wie-sterne-zaehlen\/\"]}]},{\"@type\":\"ImageObject\",\"inLanguage\":\"de\",\"@id\":\"https:\/\/www.kunstberatung.de\/newsletter\/blog\/eva-muellers-visionary-sunday-post-773-wie-sterne-zaehlen\/#primaryimage\",\"url\":\"https:\/\/www.kunstberatung.de\/newsletter\/wp-content\/uploads\/sites\/19\/2024\/12\/773-wie-sterne-zaehlen.jpg\",\"contentUrl\":\"https:\/\/www.kunstberatung.de\/newsletter\/wp-content\/uploads\/sites\/19\/2024\/12\/773-wie-sterne-zaehlen.jpg\",\"width\":600,\"height\":300,\"caption\":\"Wie Sterne z\u00e4hlen\"},{\"@type\":\"WebSite\",\"@id\":\"https:\/\/www.kunstberatung.de\/newsletter\/#website\",\"url\":\"https:\/\/www.kunstberatung.de\/newsletter\/\",\"name\":\"Eva Muellers Visionary Sunday Post\",\"description\":\"Eva Mueller Kunstberatung\",\"potentialAction\":[{\"@type\":\"SearchAction\",\"target\":{\"@type\":\"EntryPoint\",\"urlTemplate\":\"https:\/\/www.kunstberatung.de\/newsletter\/?s={search_term_string}\"},\"query-input\":{\"@type\":\"PropertyValueSpecification\",\"valueRequired\":true,\"valueName\":\"search_term_string\"}}],\"inLanguage\":\"de\"},{\"@type\":\"Person\",\"@id\":\"https:\/\/www.kunstberatung.de\/newsletter\/#\/schema\/person\/5956216e01d75d6ee2e332111165db0a\",\"name\":\"Eva Mueller\",\"sameAs\":[\"https:\/\/www.kunstberatung.de\",\"https:\/\/de.linkedin.com\/in\/eva-mueller-kunstberatung\",\"https:\/\/www.youtube.com\/kunstberatungde\"]}]}<\/script>\n<!-- \/ Yoast SEO plugin. -->","yoast_head_json":{"title":"Eva Muellers Visionary Sunday Post 773 - Wie Sterne Z\u00e4hlen | Eva Muellers Visionary Sunday Post","description":"Eva Mueller Kunstberatung mit der K\u00fcnstlerin Elisabeth Mehrl in ihrer Ausstellung \"Wie Sterne z\u00e4hlen\" in der Galerie Prien am Chiemsee","robots":{"index":"index","follow":"follow","max-snippet":"max-snippet:-1","max-image-preview":"max-image-preview:large","max-video-preview":"max-video-preview:-1"},"canonical":"https:\/\/www.kunstberatung.de\/newsletter\/blog\/eva-muellers-visionary-sunday-post-773-wie-sterne-zaehlen\/","og_locale":"de_DE","og_type":"article","og_title":"eva muellers visionary sunday post 773 - wie sterne z\u00e4hlen | Eva Muellers Visionary Sunday Post","og_description":"Eva Mueller Kunstberatung mit der K\u00fcnstlerin Elisabeth Mehrl in ihrer Ausstellung \"Wie Sterne z\u00e4hlen\" in der Galerie Prien am Chiemsee","og_url":"https:\/\/www.kunstberatung.de\/newsletter\/blog\/eva-muellers-visionary-sunday-post-773-wie-sterne-zaehlen\/","og_site_name":"Eva Muellers Visionary Sunday Post","article_published_time":"2024-12-29T07:00:00+00:00","og_image":[{"width":600,"height":300,"url":"https:\/\/www.kunstberatung.de\/newsletter\/wp-content\/uploads\/sites\/19\/2024\/12\/773-wie-sterne-zaehlen.jpg","type":"image\/jpeg"}],"author":"Eva Mueller","twitter_card":"summary_large_image","twitter_misc":{"Verfasst von":"Eva Mueller","Gesch\u00e4tzte Lesezeit":"2\u00a0Minuten"},"schema":{"@context":"https:\/\/schema.org","@graph":[{"@type":"WebPage","@id":"https:\/\/www.kunstberatung.de\/newsletter\/blog\/eva-muellers-visionary-sunday-post-773-wie-sterne-zaehlen\/","url":"https:\/\/www.kunstberatung.de\/newsletter\/blog\/eva-muellers-visionary-sunday-post-773-wie-sterne-zaehlen\/","name":"eva muellers visionary sunday post 773 - wie sterne z\u00e4hlen | Eva Muellers Visionary Sunday Post","isPartOf":{"@id":"https:\/\/www.kunstberatung.de\/newsletter\/#website"},"primaryImageOfPage":{"@id":"https:\/\/www.kunstberatung.de\/newsletter\/blog\/eva-muellers-visionary-sunday-post-773-wie-sterne-zaehlen\/#primaryimage"},"image":{"@id":"https:\/\/www.kunstberatung.de\/newsletter\/blog\/eva-muellers-visionary-sunday-post-773-wie-sterne-zaehlen\/#primaryimage"},"thumbnailUrl":"https:\/\/www.kunstberatung.de\/newsletter\/wp-content\/uploads\/sites\/19\/2024\/12\/773-wie-sterne-zaehlen.jpg","datePublished":"2024-12-29T07:00:00+00:00","author":{"@id":"https:\/\/www.kunstberatung.de\/newsletter\/#\/schema\/person\/5956216e01d75d6ee2e332111165db0a"},"description":"Eva Mueller Kunstberatung mit der K\u00fcnstlerin Elisabeth Mehrl in ihrer Ausstellung \"Wie Sterne z\u00e4hlen\" in der Galerie Prien am Chiemsee","inLanguage":"de","potentialAction":[{"@type":"ReadAction","target":["https:\/\/www.kunstberatung.de\/newsletter\/blog\/eva-muellers-visionary-sunday-post-773-wie-sterne-zaehlen\/"]}]},{"@type":"ImageObject","inLanguage":"de","@id":"https:\/\/www.kunstberatung.de\/newsletter\/blog\/eva-muellers-visionary-sunday-post-773-wie-sterne-zaehlen\/#primaryimage","url":"https:\/\/www.kunstberatung.de\/newsletter\/wp-content\/uploads\/sites\/19\/2024\/12\/773-wie-sterne-zaehlen.jpg","contentUrl":"https:\/\/www.kunstberatung.de\/newsletter\/wp-content\/uploads\/sites\/19\/2024\/12\/773-wie-sterne-zaehlen.jpg","width":600,"height":300,"caption":"Wie Sterne z\u00e4hlen"},{"@type":"WebSite","@id":"https:\/\/www.kunstberatung.de\/newsletter\/#website","url":"https:\/\/www.kunstberatung.de\/newsletter\/","name":"Eva Muellers Visionary Sunday Post","description":"Eva Mueller Kunstberatung","potentialAction":[{"@type":"SearchAction","target":{"@type":"EntryPoint","urlTemplate":"https:\/\/www.kunstberatung.de\/newsletter\/?s={search_term_string}"},"query-input":{"@type":"PropertyValueSpecification","valueRequired":true,"valueName":"search_term_string"}}],"inLanguage":"de"},{"@type":"Person","@id":"https:\/\/www.kunstberatung.de\/newsletter\/#\/schema\/person\/5956216e01d75d6ee2e332111165db0a","name":"Eva Mueller","sameAs":["https:\/\/www.kunstberatung.de","https:\/\/de.linkedin.com\/in\/eva-mueller-kunstberatung","https:\/\/www.youtube.com\/kunstberatungde"]}]}},"acf":[],"_links":{"self":[{"href":"https:\/\/www.kunstberatung.de\/newsletter\/wp-json\/wp\/v2\/posts\/6425","targetHints":{"allow":["GET"]}}],"collection":[{"href":"https:\/\/www.kunstberatung.de\/newsletter\/wp-json\/wp\/v2\/posts"}],"about":[{"href":"https:\/\/www.kunstberatung.de\/newsletter\/wp-json\/wp\/v2\/types\/post"}],"author":[{"embeddable":true,"href":"https:\/\/www.kunstberatung.de\/newsletter\/wp-json\/wp\/v2\/users\/2"}],"replies":[{"embeddable":true,"href":"https:\/\/www.kunstberatung.de\/newsletter\/wp-json\/wp\/v2\/comments?post=6425"}],"version-history":[{"count":0,"href":"https:\/\/www.kunstberatung.de\/newsletter\/wp-json\/wp\/v2\/posts\/6425\/revisions"}],"wp:featuredmedia":[{"embeddable":true,"href":"https:\/\/www.kunstberatung.de\/newsletter\/wp-json\/wp\/v2\/media\/6429"}],"wp:attachment":[{"href":"https:\/\/www.kunstberatung.de\/newsletter\/wp-json\/wp\/v2\/media?parent=6425"}],"wp:term":[{"taxonomy":"category","embeddable":true,"href":"https:\/\/www.kunstberatung.de\/newsletter\/wp-json\/wp\/v2\/categories?post=6425"},{"taxonomy":"post_tag","embeddable":true,"href":"https:\/\/www.kunstberatung.de\/newsletter\/wp-json\/wp\/v2\/tags?post=6425"}],"curies":[{"name":"wp","href":"https:\/\/api.w.org\/{rel}","templated":true}]}}