{"id":6279,"date":"2024-06-02T08:00:00","date_gmt":"2024-06-02T06:00:00","guid":{"rendered":"https:\/\/www.kunstberatung.de\/newsletter\/?p=6279"},"modified":"2024-06-01T14:48:28","modified_gmt":"2024-06-01T12:48:28","slug":"eva-muellers-visionary-sunday-post-743-voegel","status":"publish","type":"post","link":"https:\/\/www.kunstberatung.de\/newsletter\/blog\/eva-muellers-visionary-sunday-post-743-voegel\/","title":{"rendered":"eva muellers visionary sunday post 743 &#8211; v\u00f6gel"},"content":{"rendered":"\n<h2 class=\"wp-block-heading\"><strong>V\u00d6GEL IN LIEBE UND KRIEG<\/strong><\/h2>\n\n\n\n<p>Unsterblich verliebt nutzte Graf Ferdinand Johann Adam von Pernau als begeisterter Ornithologe, sein Wissen \u00fcber die Lernf\u00e4higkeit von V\u00f6geln. Schon in jungen Jahren hatte er deren Verhalten erforscht. Er gilt als Begr\u00fcnder gezielter, wissenschaftlichen Vogelforschung.<\/p>\n\n\n\n<p>Ein besonderes Experiment half ihm, seine jeru zu gewinnen. Dazu holte er hunderte von Blutfinkeneiern aus dem Nest, um die Jungv\u00f6gel selbst aufziehen zu k\u00f6nnen und von Beginn an mit der Melodie eines Liebesliedes vertraut zu machen. Man kann sich leicht vorstellen, wie \u00fcberw\u00e4ltigt (und \u00fcberzeugt) die Angebetete war, als ihr bei einem Spaziergang mit dem Grafen die Liebesschw\u00fcre aus allen Baumwipfeln entgegen t\u00f6nten.<\/p>\n\n\n\n<p>Der K\u00fcnstler Carsten H\u00f6ller hat diese Geschichte (wieder-)entdeckt. Das veranlasste ihn, selbst einen jungen Finken aufzuziehen und ein Video dar\u00fcber zu drehen, wie er das Experiment wiederholt. Denn noch heute, nach \u00fcber 250 Jahren, scheinen die Nachkommen der ersten Liebeslieds\u00e4nger diese Melodie im Park des Grafen zu pfeifen.<\/p>\n\n\n\n<h2 class=\"wp-block-heading\">FLUG UND STURZ<\/h2>\n\n\n\n<p>Nicht nur in der Liebe, auch im Krieg, wurden V\u00f6gel eingesetzt. Kanarienv\u00f6gel warnten Soldaten in den Sch\u00fctzengr\u00e4ben des ersten Weltkriegs vor Giftgas und retteten ihnen so das Leben. Sie verstummten als erste. Thorsten Brinkmanns Installation mit Giftgasmasken tragenden Kanarienv\u00f6geln ist ein weiterer, bewegender Beitrag in der aktuellen Ausstellung der ERES Stiftung. Ebenso wie die in schwarzen \u00d6llachen liegenden, exotischen V\u00f6gel in der Installation von Monira Al Quadiri, die sich auf deren Tod w\u00e4hrend der in Brand gesetzten \u00d6lquellen in der Zeit des Golfkriegs bezieht.<\/p>\n\n\n\n<p>Dabei symbolisiert der Vogelflug ja eigentlich unendliche Freiheit. Nach wie vor fasziniert ihre Navigation \u00fcber gigantisch weite Strecken zu fliegen. Und ist damit gleich wieder Vorbild f\u00fcr die Entwicklung befl\u00fcgelter Drohnen.<\/p>\n\n\n\n<p>So erkennen wir uns im Spiegel der grossartigen \u201eBird Show \u2013 V\u00f6gel zwischen Freiheit, Krieg und Quantenmechanik\u201c vielleicht noch mehr als die Vielfalt der \u00fcber 10000 Arten.<\/p>\n\n\n\n<p>Sehr erhellend \u2013 und ideal an verregneten Donnerstagen und Samstagen,<br>herzlich Ihre Eva Mueller<\/p>\n\n\n\n<figure class=\"wp-block-image size-full is-resized\"><img loading=\"lazy\" decoding=\"async\" width=\"1813\" height=\"1232\" src=\"https:\/\/www.kunstberatung.de\/newsletter\/wp-content\/uploads\/sites\/19\/2024\/06\/thorsten-brinkmann-o.T.-Warfare-Canaries.jpeg\" alt=\"V\u00f6gel\" class=\"wp-image-6280\" style=\"width:840px;height:auto\" srcset=\"https:\/\/www.kunstberatung.de\/newsletter\/wp-content\/uploads\/sites\/19\/2024\/06\/thorsten-brinkmann-o.T.-Warfare-Canaries.jpeg 1813w, https:\/\/www.kunstberatung.de\/newsletter\/wp-content\/uploads\/sites\/19\/2024\/06\/thorsten-brinkmann-o.T.-Warfare-Canaries-768x522.jpeg 768w, https:\/\/www.kunstberatung.de\/newsletter\/wp-content\/uploads\/sites\/19\/2024\/06\/thorsten-brinkmann-o.T.-Warfare-Canaries-1536x1044.jpeg 1536w\" sizes=\"auto, (max-width: 1813px) 100vw, 1813px\" \/><\/figure>\n\n\n\n<p>Abb.: Thorsten Brinkmann | o.T. (Warfare Canaries), 2014, Holz, Maschendraht, Stoff, Farbe, Holz\u00e4ste, Plastikv\u00f6gel, Eisen, 250 x 80 x 80 cm,&nbsp; Courtesy the artist und Galerie Anita Beckers, Frankfurt am Main<\/p>\n\n\n\n<p>In: \u201eThe Bird Show \u2013 V\u00f6gel zwischen Freiheit, Krieg und Quantenmechanik\u201c bis zum 27.7. in der ERES Stiftung M\u00fcnchen zu sehen \u2013 erg\u00e4nzt durch interessante Vortr\u00e4ge<\/p>\n","protected":false},"excerpt":{"rendered":"<p>V\u00d6GEL IN LIEBE UND KRIEG Unsterblich verliebt nutzte Graf Ferdinand Johann Adam von Pernau als begeisterter Ornithologe, sein Wissen \u00fcber die Lernf\u00e4higkeit von V\u00f6geln. Schon in jungen Jahren hatte er deren Verhalten erforscht. Er gilt als Begr\u00fcnder gezielter, wissenschaftlichen Vogelforschung. Ein besonderes Experiment half ihm, seine jeru zu gewinnen. Dazu holte er hunderte von Blutfinkeneiern [&hellip;]<\/p>\n","protected":false},"author":2,"featured_media":6281,"comment_status":"closed","ping_status":"closed","sticky":false,"template":"","format":"standard","meta":{"_acf_changed":false,"footnotes":""},"categories":[2],"tags":[],"class_list":["post-6279","post","type-post","status-publish","format-standard","has-post-thumbnail","hentry","category-blog"],"yoast_head":"<!-- This site is optimized with the Yoast SEO plugin v26.6 - https:\/\/yoast.com\/wordpress\/plugins\/seo\/ -->\n<title>Eva Muellers Visionary Sunday Post 743 - V\u00f6gel | Eva Muellers Visionary Sunday Post<\/title>\n<meta name=\"description\" content=\"V\u00f6gel in der Kunst - die Eres Stiftung M\u00fcnchen widmet diesem Thema eine grossartige Ausstellung mit ber\u00fchrenden Kunstinstallationen\" \/>\n<meta name=\"robots\" content=\"index, follow, max-snippet:-1, max-image-preview:large, max-video-preview:-1\" \/>\n<link rel=\"canonical\" href=\"https:\/\/www.kunstberatung.de\/newsletter\/blog\/eva-muellers-visionary-sunday-post-743-voegel\/\" \/>\n<meta property=\"og:locale\" content=\"de_DE\" \/>\n<meta property=\"og:type\" content=\"article\" \/>\n<meta property=\"og:title\" content=\"eva muellers visionary sunday post 743 - v\u00f6gel | Eva Muellers Visionary Sunday Post\" \/>\n<meta property=\"og:description\" content=\"V\u00f6gel in der Kunst - die Eres Stiftung M\u00fcnchen widmet diesem Thema eine grossartige Ausstellung mit ber\u00fchrenden Kunstinstallationen\" \/>\n<meta property=\"og:url\" content=\"https:\/\/www.kunstberatung.de\/newsletter\/blog\/eva-muellers-visionary-sunday-post-743-voegel\/\" \/>\n<meta property=\"og:site_name\" content=\"Eva Muellers Visionary Sunday Post\" \/>\n<meta property=\"article:published_time\" content=\"2024-06-02T06:00:00+00:00\" \/>\n<meta property=\"og:image\" content=\"https:\/\/www.kunstberatung.de\/newsletter\/wp-content\/uploads\/sites\/19\/2024\/06\/thorsten-brinkmann-o.T.-Warfare-Canaries.jpg\" \/>\n\t<meta property=\"og:image:width\" content=\"441\" \/>\n\t<meta property=\"og:image:height\" content=\"300\" \/>\n\t<meta property=\"og:image:type\" content=\"image\/jpeg\" \/>\n<meta name=\"author\" content=\"Eva Mueller\" \/>\n<meta name=\"twitter:card\" content=\"summary_large_image\" \/>\n<meta name=\"twitter:label1\" content=\"Verfasst von\" \/>\n\t<meta name=\"twitter:data1\" content=\"Eva Mueller\" \/>\n\t<meta name=\"twitter:label2\" content=\"Gesch\u00e4tzte Lesezeit\" \/>\n\t<meta name=\"twitter:data2\" content=\"2\u00a0Minuten\" \/>\n<script type=\"application\/ld+json\" class=\"yoast-schema-graph\">{\"@context\":\"https:\/\/schema.org\",\"@graph\":[{\"@type\":\"WebPage\",\"@id\":\"https:\/\/www.kunstberatung.de\/newsletter\/blog\/eva-muellers-visionary-sunday-post-743-voegel\/\",\"url\":\"https:\/\/www.kunstberatung.de\/newsletter\/blog\/eva-muellers-visionary-sunday-post-743-voegel\/\",\"name\":\"eva muellers visionary sunday post 743 - v\u00f6gel | Eva Muellers Visionary Sunday Post\",\"isPartOf\":{\"@id\":\"https:\/\/www.kunstberatung.de\/newsletter\/#website\"},\"primaryImageOfPage\":{\"@id\":\"https:\/\/www.kunstberatung.de\/newsletter\/blog\/eva-muellers-visionary-sunday-post-743-voegel\/#primaryimage\"},\"image\":{\"@id\":\"https:\/\/www.kunstberatung.de\/newsletter\/blog\/eva-muellers-visionary-sunday-post-743-voegel\/#primaryimage\"},\"thumbnailUrl\":\"https:\/\/www.kunstberatung.de\/newsletter\/wp-content\/uploads\/sites\/19\/2024\/06\/thorsten-brinkmann-o.T.-Warfare-Canaries.jpg\",\"datePublished\":\"2024-06-02T06:00:00+00:00\",\"author\":{\"@id\":\"https:\/\/www.kunstberatung.de\/newsletter\/#\/schema\/person\/5956216e01d75d6ee2e332111165db0a\"},\"description\":\"V\u00f6gel in der Kunst - die Eres Stiftung M\u00fcnchen widmet diesem Thema eine grossartige Ausstellung mit ber\u00fchrenden Kunstinstallationen\",\"inLanguage\":\"de\",\"potentialAction\":[{\"@type\":\"ReadAction\",\"target\":[\"https:\/\/www.kunstberatung.de\/newsletter\/blog\/eva-muellers-visionary-sunday-post-743-voegel\/\"]}]},{\"@type\":\"ImageObject\",\"inLanguage\":\"de\",\"@id\":\"https:\/\/www.kunstberatung.de\/newsletter\/blog\/eva-muellers-visionary-sunday-post-743-voegel\/#primaryimage\",\"url\":\"https:\/\/www.kunstberatung.de\/newsletter\/wp-content\/uploads\/sites\/19\/2024\/06\/thorsten-brinkmann-o.T.-Warfare-Canaries.jpg\",\"contentUrl\":\"https:\/\/www.kunstberatung.de\/newsletter\/wp-content\/uploads\/sites\/19\/2024\/06\/thorsten-brinkmann-o.T.-Warfare-Canaries.jpg\",\"width\":441,\"height\":300,\"caption\":\"V\u00f6gel\"},{\"@type\":\"WebSite\",\"@id\":\"https:\/\/www.kunstberatung.de\/newsletter\/#website\",\"url\":\"https:\/\/www.kunstberatung.de\/newsletter\/\",\"name\":\"Eva Muellers Visionary Sunday Post\",\"description\":\"Eva Mueller Kunstberatung\",\"potentialAction\":[{\"@type\":\"SearchAction\",\"target\":{\"@type\":\"EntryPoint\",\"urlTemplate\":\"https:\/\/www.kunstberatung.de\/newsletter\/?s={search_term_string}\"},\"query-input\":{\"@type\":\"PropertyValueSpecification\",\"valueRequired\":true,\"valueName\":\"search_term_string\"}}],\"inLanguage\":\"de\"},{\"@type\":\"Person\",\"@id\":\"https:\/\/www.kunstberatung.de\/newsletter\/#\/schema\/person\/5956216e01d75d6ee2e332111165db0a\",\"name\":\"Eva Mueller\",\"sameAs\":[\"https:\/\/www.kunstberatung.de\",\"https:\/\/de.linkedin.com\/in\/eva-mueller-kunstberatung\",\"https:\/\/www.youtube.com\/kunstberatungde\"]}]}<\/script>\n<!-- \/ Yoast SEO plugin. -->","yoast_head_json":{"title":"Eva Muellers Visionary Sunday Post 743 - V\u00f6gel | Eva Muellers Visionary Sunday Post","description":"V\u00f6gel in der Kunst - die Eres Stiftung M\u00fcnchen widmet diesem Thema eine grossartige Ausstellung mit ber\u00fchrenden Kunstinstallationen","robots":{"index":"index","follow":"follow","max-snippet":"max-snippet:-1","max-image-preview":"max-image-preview:large","max-video-preview":"max-video-preview:-1"},"canonical":"https:\/\/www.kunstberatung.de\/newsletter\/blog\/eva-muellers-visionary-sunday-post-743-voegel\/","og_locale":"de_DE","og_type":"article","og_title":"eva muellers visionary sunday post 743 - v\u00f6gel | Eva Muellers Visionary Sunday Post","og_description":"V\u00f6gel in der Kunst - die Eres Stiftung M\u00fcnchen widmet diesem Thema eine grossartige Ausstellung mit ber\u00fchrenden Kunstinstallationen","og_url":"https:\/\/www.kunstberatung.de\/newsletter\/blog\/eva-muellers-visionary-sunday-post-743-voegel\/","og_site_name":"Eva Muellers Visionary Sunday Post","article_published_time":"2024-06-02T06:00:00+00:00","og_image":[{"width":441,"height":300,"url":"https:\/\/www.kunstberatung.de\/newsletter\/wp-content\/uploads\/sites\/19\/2024\/06\/thorsten-brinkmann-o.T.-Warfare-Canaries.jpg","type":"image\/jpeg"}],"author":"Eva Mueller","twitter_card":"summary_large_image","twitter_misc":{"Verfasst von":"Eva Mueller","Gesch\u00e4tzte Lesezeit":"2\u00a0Minuten"},"schema":{"@context":"https:\/\/schema.org","@graph":[{"@type":"WebPage","@id":"https:\/\/www.kunstberatung.de\/newsletter\/blog\/eva-muellers-visionary-sunday-post-743-voegel\/","url":"https:\/\/www.kunstberatung.de\/newsletter\/blog\/eva-muellers-visionary-sunday-post-743-voegel\/","name":"eva muellers visionary sunday post 743 - v\u00f6gel | Eva Muellers Visionary Sunday Post","isPartOf":{"@id":"https:\/\/www.kunstberatung.de\/newsletter\/#website"},"primaryImageOfPage":{"@id":"https:\/\/www.kunstberatung.de\/newsletter\/blog\/eva-muellers-visionary-sunday-post-743-voegel\/#primaryimage"},"image":{"@id":"https:\/\/www.kunstberatung.de\/newsletter\/blog\/eva-muellers-visionary-sunday-post-743-voegel\/#primaryimage"},"thumbnailUrl":"https:\/\/www.kunstberatung.de\/newsletter\/wp-content\/uploads\/sites\/19\/2024\/06\/thorsten-brinkmann-o.T.-Warfare-Canaries.jpg","datePublished":"2024-06-02T06:00:00+00:00","author":{"@id":"https:\/\/www.kunstberatung.de\/newsletter\/#\/schema\/person\/5956216e01d75d6ee2e332111165db0a"},"description":"V\u00f6gel in der Kunst - die Eres Stiftung M\u00fcnchen widmet diesem Thema eine grossartige Ausstellung mit ber\u00fchrenden Kunstinstallationen","inLanguage":"de","potentialAction":[{"@type":"ReadAction","target":["https:\/\/www.kunstberatung.de\/newsletter\/blog\/eva-muellers-visionary-sunday-post-743-voegel\/"]}]},{"@type":"ImageObject","inLanguage":"de","@id":"https:\/\/www.kunstberatung.de\/newsletter\/blog\/eva-muellers-visionary-sunday-post-743-voegel\/#primaryimage","url":"https:\/\/www.kunstberatung.de\/newsletter\/wp-content\/uploads\/sites\/19\/2024\/06\/thorsten-brinkmann-o.T.-Warfare-Canaries.jpg","contentUrl":"https:\/\/www.kunstberatung.de\/newsletter\/wp-content\/uploads\/sites\/19\/2024\/06\/thorsten-brinkmann-o.T.-Warfare-Canaries.jpg","width":441,"height":300,"caption":"V\u00f6gel"},{"@type":"WebSite","@id":"https:\/\/www.kunstberatung.de\/newsletter\/#website","url":"https:\/\/www.kunstberatung.de\/newsletter\/","name":"Eva Muellers Visionary Sunday Post","description":"Eva Mueller Kunstberatung","potentialAction":[{"@type":"SearchAction","target":{"@type":"EntryPoint","urlTemplate":"https:\/\/www.kunstberatung.de\/newsletter\/?s={search_term_string}"},"query-input":{"@type":"PropertyValueSpecification","valueRequired":true,"valueName":"search_term_string"}}],"inLanguage":"de"},{"@type":"Person","@id":"https:\/\/www.kunstberatung.de\/newsletter\/#\/schema\/person\/5956216e01d75d6ee2e332111165db0a","name":"Eva Mueller","sameAs":["https:\/\/www.kunstberatung.de","https:\/\/de.linkedin.com\/in\/eva-mueller-kunstberatung","https:\/\/www.youtube.com\/kunstberatungde"]}]}},"acf":[],"_links":{"self":[{"href":"https:\/\/www.kunstberatung.de\/newsletter\/wp-json\/wp\/v2\/posts\/6279","targetHints":{"allow":["GET"]}}],"collection":[{"href":"https:\/\/www.kunstberatung.de\/newsletter\/wp-json\/wp\/v2\/posts"}],"about":[{"href":"https:\/\/www.kunstberatung.de\/newsletter\/wp-json\/wp\/v2\/types\/post"}],"author":[{"embeddable":true,"href":"https:\/\/www.kunstberatung.de\/newsletter\/wp-json\/wp\/v2\/users\/2"}],"replies":[{"embeddable":true,"href":"https:\/\/www.kunstberatung.de\/newsletter\/wp-json\/wp\/v2\/comments?post=6279"}],"version-history":[{"count":0,"href":"https:\/\/www.kunstberatung.de\/newsletter\/wp-json\/wp\/v2\/posts\/6279\/revisions"}],"wp:featuredmedia":[{"embeddable":true,"href":"https:\/\/www.kunstberatung.de\/newsletter\/wp-json\/wp\/v2\/media\/6281"}],"wp:attachment":[{"href":"https:\/\/www.kunstberatung.de\/newsletter\/wp-json\/wp\/v2\/media?parent=6279"}],"wp:term":[{"taxonomy":"category","embeddable":true,"href":"https:\/\/www.kunstberatung.de\/newsletter\/wp-json\/wp\/v2\/categories?post=6279"},{"taxonomy":"post_tag","embeddable":true,"href":"https:\/\/www.kunstberatung.de\/newsletter\/wp-json\/wp\/v2\/tags?post=6279"}],"curies":[{"name":"wp","href":"https:\/\/api.w.org\/{rel}","templated":true}]}}