{"id":6060,"date":"2023-07-09T08:03:14","date_gmt":"2023-07-09T06:03:14","guid":{"rendered":"https:\/\/www.kunstberatung.de\/newsletter\/?p=6060"},"modified":"2023-08-17T20:21:15","modified_gmt":"2023-08-17T18:21:15","slug":"eva-muellers-visionary-sunday-post-696-keine-waende","status":"publish","type":"post","link":"https:\/\/www.kunstberatung.de\/newsletter\/blog\/eva-muellers-visionary-sunday-post-696-keine-waende\/","title":{"rendered":"eva muellers visionary sunday post 696 &#8211; keine w\u00e4nde"},"content":{"rendered":"\n<h2 class=\"wp-block-heading\">Sie haben keine W\u00e4nde?<\/h2>\n\n\n\n<p>Ganzfl\u00e4chige Glasfronten an der Fassade sorgen f\u00fcr Licht und Transparenz in den R\u00e4umen. \u00d6kologisch sind sie noch h\u00e4ufig eine Herausforderung. Aber auch daf\u00fcr gibt es tolle neue L\u00f6sungen. Der Hilferuf bleibt, wenn es um Kunst geht. Wir haben keine W\u00e4nde! Was tun? Einfach ganz auf Kunst verzichten? Dann ist die Anziehungskraft im Vergleich zum Homeoffice noch geringer. Es fehlen der emotionale Bezug, die W\u00e4rme, eine kreativ stimulierende Atmosph\u00e4re.<\/p>\n\n\n\n<p>Interessant, dass bei Kunst immer noch h\u00e4ufig an Gem\u00e4lde, Zeichnungen, Fotografien gedacht wird \u2013 und viel weniger an Skulpturen, Lichtkunst, Farbkonzepte oder Installationen.<\/p>\n\n\n\n<h2 class=\"wp-block-heading\">Hier ein paar Ideen:<\/h2>\n\n\n\n<ul class=\"list wp-block-list\">\n<li>Der Sicht- und L\u00e4rmschutz wird zum Kunstwerk zwischen Arbeitspl\u00e4tzen oder an der Decke<br><\/li>\n\n\n\n<li>Skulpturen strukturieren den Raum: Schaffen sch\u00f6ne, interessante Blickachsen und erm\u00f6glichen entspannte Augenblicke<br><\/li>\n\n\n\n<li>Ein paar tragende W\u00e4nde gibt es immer. Sie erhalten Akzentpunkte, die in den Raum strahlen \u2013 schon wenige davon ver\u00e4ndern die Atmosph\u00e4re vollkommen<br><\/li>\n\n\n\n<li>H\u00e4ngende Objekte | Mobiles eignen sich ganz besonders, wenn es keine freien Stellfl\u00e4chen gibt<br><\/li>\n\n\n\n<li>Ungew\u00f6hnliche Installationen, kleine Farbfl\u00e4chen oder Lichtkunst an unerwarteten Stellen sorgen f\u00fcr begl\u00fcckende Raumerlebnisse<\/li>\n<\/ul>\n\n\n\n<p>Sie haben keine W\u00e4nde? Kein Problem!<\/p>\n\n\n\n<p>Mit sonnigen Sonntagsgr\u00fcssen<br>Ihre Eva Mueller<\/p>\n\n\n\n<figure class=\"wp-block-image size-full\"><img loading=\"lazy\" decoding=\"async\" width=\"700\" height=\"454\" src=\"https:\/\/www.kunstberatung.de\/newsletter\/wp-content\/uploads\/sites\/19\/2023\/07\/dorothea-deckenobjekte.jpg\" alt=\"Keine W\u00e4nde - Kunst Ideen\" class=\"wp-image-6061\" \/><\/figure>\n\n\n\n<p>Abb.: Deckeninstallation mit lichtspeichernden Acrylscheiben (LISA) von Prof. Dorothea Reese-Heim f\u00fcr einen Eingangsbereich. Sie strahlen abends noch einige Zeit nach. Mit Schwarzlicht l\u00e4sst sich dieser Effekt verst\u00e4rken.<\/p>\n\n\n\n<figure class=\"wp-block-image size-full\"><img loading=\"lazy\" decoding=\"async\" width=\"700\" height=\"222\" src=\"https:\/\/www.kunstberatung.de\/newsletter\/wp-content\/uploads\/sites\/19\/2023\/07\/beatriz-fries.jpg\" alt=\"Keine W\u00e4nde - Kunst Ideen\" class=\"wp-image-6062\" \/><\/figure>\n\n\n\n<p>Abb.: Objekte der K\u00fcnstlerin Beatriz von Eidlitz, die sich wunderbar zu einem Wandfries &#8211; z.B. im Konferenzraum, \u00fcber grossen Bildschirmen eignen.<\/p>\n\n\n\n<figure class=\"wp-block-image size-full\"><img loading=\"lazy\" decoding=\"async\" width=\"700\" height=\"465\" src=\"https:\/\/www.kunstberatung.de\/newsletter\/wp-content\/uploads\/sites\/19\/2023\/07\/buero-margot-skulpturen.jpg\" alt=\"Keine W\u00e4nde Kunst Ideen\" class=\"wp-image-6063\" \/><\/figure>\n\n\n\n<p>Abb.: Skulpturen von Margot Luf in einem B\u00fcro, trotz der holzfarbenen Schreibtischplatten und dem modernen Ambiente ansonsten alles grau in grau &#8211; selbst der Ausblick!<\/p>\n\n\n\n<p>Mehr Skulpturen und Plastiken unter: <a href=\"http:\/\/www.kunstberatung.de\">http:\/\/www.kunstberatung.de<\/a><\/p>\n","protected":false},"excerpt":{"rendered":"<p>Sie haben keine W\u00e4nde? Ganzfl\u00e4chige Glasfronten an der Fassade sorgen f\u00fcr Licht und Transparenz in den R\u00e4umen. \u00d6kologisch sind sie noch h\u00e4ufig eine Herausforderung. Aber auch daf\u00fcr gibt es tolle neue L\u00f6sungen. Der Hilferuf bleibt, wenn es um Kunst geht. Wir haben keine W\u00e4nde! Was tun? Einfach ganz auf Kunst verzichten? Dann ist die Anziehungskraft [&hellip;]<\/p>\n","protected":false},"author":2,"featured_media":0,"comment_status":"closed","ping_status":"closed","sticky":false,"template":"","format":"standard","meta":{"_acf_changed":false,"footnotes":""},"categories":[2],"tags":[],"class_list":["post-6060","post","type-post","status-publish","format-standard","hentry","category-blog"],"yoast_head":"<!-- This site is optimized with the Yoast SEO plugin v26.6 - https:\/\/yoast.com\/wordpress\/plugins\/seo\/ -->\n<title>Eva Muellers Visionary Sunday Post 696 - Keine W\u00e4nde | Eva Muellers Visionary Sunday Post<\/title>\n<meta name=\"description\" content=\"Sie haben vollfl\u00e4chige Glasfronten und keine W\u00e4nde f\u00fcr Kunst? Kein Problem, hier gibt es Ideen: Lichtkunst, Skulpturen, Deckenmobile, Friese\" \/>\n<meta name=\"robots\" content=\"index, follow, max-snippet:-1, max-image-preview:large, max-video-preview:-1\" \/>\n<link rel=\"canonical\" href=\"https:\/\/www.kunstberatung.de\/newsletter\/blog\/eva-muellers-visionary-sunday-post-696-keine-waende\/\" \/>\n<meta property=\"og:locale\" content=\"de_DE\" \/>\n<meta property=\"og:type\" content=\"article\" \/>\n<meta property=\"og:title\" content=\"eva muellers visionary sunday post 696 - keine w\u00e4nde | Eva Muellers Visionary Sunday Post\" \/>\n<meta property=\"og:description\" content=\"Sie haben vollfl\u00e4chige Glasfronten und keine W\u00e4nde f\u00fcr Kunst? Kein Problem, hier gibt es Ideen: Lichtkunst, Skulpturen, Deckenmobile, Friese\" \/>\n<meta property=\"og:url\" content=\"https:\/\/www.kunstberatung.de\/newsletter\/blog\/eva-muellers-visionary-sunday-post-696-keine-waende\/\" \/>\n<meta property=\"og:site_name\" content=\"Eva Muellers Visionary Sunday Post\" \/>\n<meta property=\"article:published_time\" content=\"2023-07-09T06:03:14+00:00\" \/>\n<meta property=\"article:modified_time\" content=\"2023-08-17T18:21:15+00:00\" \/>\n<meta property=\"og:image\" content=\"https:\/\/www.kunstberatung.de\/newsletter\/wp-content\/uploads\/sites\/19\/2023\/07\/dorothea-deckenobjekte.jpg\" \/>\n<meta name=\"author\" content=\"Eva Mueller\" \/>\n<meta name=\"twitter:card\" content=\"summary_large_image\" \/>\n<meta name=\"twitter:label1\" content=\"Verfasst von\" \/>\n\t<meta name=\"twitter:data1\" content=\"Eva Mueller\" \/>\n\t<meta name=\"twitter:label2\" content=\"Gesch\u00e4tzte Lesezeit\" \/>\n\t<meta name=\"twitter:data2\" content=\"1\u00a0Minute\" \/>\n<script type=\"application\/ld+json\" class=\"yoast-schema-graph\">{\"@context\":\"https:\/\/schema.org\",\"@graph\":[{\"@type\":\"WebPage\",\"@id\":\"https:\/\/www.kunstberatung.de\/newsletter\/blog\/eva-muellers-visionary-sunday-post-696-keine-waende\/\",\"url\":\"https:\/\/www.kunstberatung.de\/newsletter\/blog\/eva-muellers-visionary-sunday-post-696-keine-waende\/\",\"name\":\"eva muellers visionary sunday post 696 - keine w\u00e4nde | Eva Muellers Visionary Sunday Post\",\"isPartOf\":{\"@id\":\"https:\/\/www.kunstberatung.de\/newsletter\/#website\"},\"primaryImageOfPage\":{\"@id\":\"https:\/\/www.kunstberatung.de\/newsletter\/blog\/eva-muellers-visionary-sunday-post-696-keine-waende\/#primaryimage\"},\"image\":{\"@id\":\"https:\/\/www.kunstberatung.de\/newsletter\/blog\/eva-muellers-visionary-sunday-post-696-keine-waende\/#primaryimage\"},\"thumbnailUrl\":\"https:\/\/www.kunstberatung.de\/newsletter\/wp-content\/uploads\/sites\/19\/2023\/07\/dorothea-deckenobjekte.jpg\",\"datePublished\":\"2023-07-09T06:03:14+00:00\",\"dateModified\":\"2023-08-17T18:21:15+00:00\",\"author\":{\"@id\":\"https:\/\/www.kunstberatung.de\/newsletter\/#\/schema\/person\/5956216e01d75d6ee2e332111165db0a\"},\"description\":\"Sie haben vollfl\u00e4chige Glasfronten und keine W\u00e4nde f\u00fcr Kunst? Kein Problem, hier gibt es Ideen: Lichtkunst, Skulpturen, Deckenmobile, Friese\",\"inLanguage\":\"de\",\"potentialAction\":[{\"@type\":\"ReadAction\",\"target\":[\"https:\/\/www.kunstberatung.de\/newsletter\/blog\/eva-muellers-visionary-sunday-post-696-keine-waende\/\"]}]},{\"@type\":\"ImageObject\",\"inLanguage\":\"de\",\"@id\":\"https:\/\/www.kunstberatung.de\/newsletter\/blog\/eva-muellers-visionary-sunday-post-696-keine-waende\/#primaryimage\",\"url\":\"https:\/\/www.kunstberatung.de\/newsletter\/wp-content\/uploads\/sites\/19\/2023\/07\/dorothea-deckenobjekte.jpg\",\"contentUrl\":\"https:\/\/www.kunstberatung.de\/newsletter\/wp-content\/uploads\/sites\/19\/2023\/07\/dorothea-deckenobjekte.jpg\",\"width\":700,\"height\":454,\"caption\":\"Sie haben keine W\u00e4nde - grossfl\u00e4chige Glasfassaden - kein Problem Eva Mueller Kunstberatung kennt L\u00f6sungen\"},{\"@type\":\"WebSite\",\"@id\":\"https:\/\/www.kunstberatung.de\/newsletter\/#website\",\"url\":\"https:\/\/www.kunstberatung.de\/newsletter\/\",\"name\":\"Eva Muellers Visionary Sunday Post\",\"description\":\"Eva Mueller Kunstberatung\",\"potentialAction\":[{\"@type\":\"SearchAction\",\"target\":{\"@type\":\"EntryPoint\",\"urlTemplate\":\"https:\/\/www.kunstberatung.de\/newsletter\/?s={search_term_string}\"},\"query-input\":{\"@type\":\"PropertyValueSpecification\",\"valueRequired\":true,\"valueName\":\"search_term_string\"}}],\"inLanguage\":\"de\"},{\"@type\":\"Person\",\"@id\":\"https:\/\/www.kunstberatung.de\/newsletter\/#\/schema\/person\/5956216e01d75d6ee2e332111165db0a\",\"name\":\"Eva Mueller\",\"sameAs\":[\"https:\/\/www.kunstberatung.de\",\"https:\/\/de.linkedin.com\/in\/eva-mueller-kunstberatung\",\"https:\/\/www.youtube.com\/kunstberatungde\"]}]}<\/script>\n<!-- \/ Yoast SEO plugin. -->","yoast_head_json":{"title":"Eva Muellers Visionary Sunday Post 696 - Keine W\u00e4nde | Eva Muellers Visionary Sunday Post","description":"Sie haben vollfl\u00e4chige Glasfronten und keine W\u00e4nde f\u00fcr Kunst? Kein Problem, hier gibt es Ideen: Lichtkunst, Skulpturen, Deckenmobile, Friese","robots":{"index":"index","follow":"follow","max-snippet":"max-snippet:-1","max-image-preview":"max-image-preview:large","max-video-preview":"max-video-preview:-1"},"canonical":"https:\/\/www.kunstberatung.de\/newsletter\/blog\/eva-muellers-visionary-sunday-post-696-keine-waende\/","og_locale":"de_DE","og_type":"article","og_title":"eva muellers visionary sunday post 696 - keine w\u00e4nde | Eva Muellers Visionary Sunday Post","og_description":"Sie haben vollfl\u00e4chige Glasfronten und keine W\u00e4nde f\u00fcr Kunst? Kein Problem, hier gibt es Ideen: Lichtkunst, Skulpturen, Deckenmobile, Friese","og_url":"https:\/\/www.kunstberatung.de\/newsletter\/blog\/eva-muellers-visionary-sunday-post-696-keine-waende\/","og_site_name":"Eva Muellers Visionary Sunday Post","article_published_time":"2023-07-09T06:03:14+00:00","article_modified_time":"2023-08-17T18:21:15+00:00","og_image":[{"url":"https:\/\/www.kunstberatung.de\/newsletter\/wp-content\/uploads\/sites\/19\/2023\/07\/dorothea-deckenobjekte.jpg","type":"","width":"","height":""}],"author":"Eva Mueller","twitter_card":"summary_large_image","twitter_misc":{"Verfasst von":"Eva Mueller","Gesch\u00e4tzte Lesezeit":"1\u00a0Minute"},"schema":{"@context":"https:\/\/schema.org","@graph":[{"@type":"WebPage","@id":"https:\/\/www.kunstberatung.de\/newsletter\/blog\/eva-muellers-visionary-sunday-post-696-keine-waende\/","url":"https:\/\/www.kunstberatung.de\/newsletter\/blog\/eva-muellers-visionary-sunday-post-696-keine-waende\/","name":"eva muellers visionary sunday post 696 - keine w\u00e4nde | Eva Muellers Visionary Sunday Post","isPartOf":{"@id":"https:\/\/www.kunstberatung.de\/newsletter\/#website"},"primaryImageOfPage":{"@id":"https:\/\/www.kunstberatung.de\/newsletter\/blog\/eva-muellers-visionary-sunday-post-696-keine-waende\/#primaryimage"},"image":{"@id":"https:\/\/www.kunstberatung.de\/newsletter\/blog\/eva-muellers-visionary-sunday-post-696-keine-waende\/#primaryimage"},"thumbnailUrl":"https:\/\/www.kunstberatung.de\/newsletter\/wp-content\/uploads\/sites\/19\/2023\/07\/dorothea-deckenobjekte.jpg","datePublished":"2023-07-09T06:03:14+00:00","dateModified":"2023-08-17T18:21:15+00:00","author":{"@id":"https:\/\/www.kunstberatung.de\/newsletter\/#\/schema\/person\/5956216e01d75d6ee2e332111165db0a"},"description":"Sie haben vollfl\u00e4chige Glasfronten und keine W\u00e4nde f\u00fcr Kunst? Kein Problem, hier gibt es Ideen: Lichtkunst, Skulpturen, Deckenmobile, Friese","inLanguage":"de","potentialAction":[{"@type":"ReadAction","target":["https:\/\/www.kunstberatung.de\/newsletter\/blog\/eva-muellers-visionary-sunday-post-696-keine-waende\/"]}]},{"@type":"ImageObject","inLanguage":"de","@id":"https:\/\/www.kunstberatung.de\/newsletter\/blog\/eva-muellers-visionary-sunday-post-696-keine-waende\/#primaryimage","url":"https:\/\/www.kunstberatung.de\/newsletter\/wp-content\/uploads\/sites\/19\/2023\/07\/dorothea-deckenobjekte.jpg","contentUrl":"https:\/\/www.kunstberatung.de\/newsletter\/wp-content\/uploads\/sites\/19\/2023\/07\/dorothea-deckenobjekte.jpg","width":700,"height":454,"caption":"Sie haben keine W\u00e4nde - grossfl\u00e4chige Glasfassaden - kein Problem Eva Mueller Kunstberatung kennt L\u00f6sungen"},{"@type":"WebSite","@id":"https:\/\/www.kunstberatung.de\/newsletter\/#website","url":"https:\/\/www.kunstberatung.de\/newsletter\/","name":"Eva Muellers Visionary Sunday Post","description":"Eva Mueller Kunstberatung","potentialAction":[{"@type":"SearchAction","target":{"@type":"EntryPoint","urlTemplate":"https:\/\/www.kunstberatung.de\/newsletter\/?s={search_term_string}"},"query-input":{"@type":"PropertyValueSpecification","valueRequired":true,"valueName":"search_term_string"}}],"inLanguage":"de"},{"@type":"Person","@id":"https:\/\/www.kunstberatung.de\/newsletter\/#\/schema\/person\/5956216e01d75d6ee2e332111165db0a","name":"Eva Mueller","sameAs":["https:\/\/www.kunstberatung.de","https:\/\/de.linkedin.com\/in\/eva-mueller-kunstberatung","https:\/\/www.youtube.com\/kunstberatungde"]}]}},"acf":[],"_links":{"self":[{"href":"https:\/\/www.kunstberatung.de\/newsletter\/wp-json\/wp\/v2\/posts\/6060","targetHints":{"allow":["GET"]}}],"collection":[{"href":"https:\/\/www.kunstberatung.de\/newsletter\/wp-json\/wp\/v2\/posts"}],"about":[{"href":"https:\/\/www.kunstberatung.de\/newsletter\/wp-json\/wp\/v2\/types\/post"}],"author":[{"embeddable":true,"href":"https:\/\/www.kunstberatung.de\/newsletter\/wp-json\/wp\/v2\/users\/2"}],"replies":[{"embeddable":true,"href":"https:\/\/www.kunstberatung.de\/newsletter\/wp-json\/wp\/v2\/comments?post=6060"}],"version-history":[{"count":0,"href":"https:\/\/www.kunstberatung.de\/newsletter\/wp-json\/wp\/v2\/posts\/6060\/revisions"}],"wp:attachment":[{"href":"https:\/\/www.kunstberatung.de\/newsletter\/wp-json\/wp\/v2\/media?parent=6060"}],"wp:term":[{"taxonomy":"category","embeddable":true,"href":"https:\/\/www.kunstberatung.de\/newsletter\/wp-json\/wp\/v2\/categories?post=6060"},{"taxonomy":"post_tag","embeddable":true,"href":"https:\/\/www.kunstberatung.de\/newsletter\/wp-json\/wp\/v2\/tags?post=6060"}],"curies":[{"name":"wp","href":"https:\/\/api.w.org\/{rel}","templated":true}]}}