{"id":6013,"date":"2023-04-30T08:00:00","date_gmt":"2023-04-30T06:00:00","guid":{"rendered":"https:\/\/www.kunstberatung.de\/newsletter\/?p=6013"},"modified":"2023-08-17T20:52:16","modified_gmt":"2023-08-17T18:52:16","slug":"70-jahre-kunst-am-bau","status":"publish","type":"post","link":"https:\/\/www.kunstberatung.de\/newsletter\/blog\/70-jahre-kunst-am-bau\/","title":{"rendered":"eva muellers visionary sunday post 686 &#8211; 70 jahre kunst am bau"},"content":{"rendered":"\n<h2 class=\"wp-block-heading\">70 Jahre Kunst am Bau <\/h2>\n\n\n\n<p>Eigentlich spielten bereits die ersten H\u00f6hlenmalereien vor 75000 Jahren, ob in Afrika, Indonesien oder Frankreich mit dem umgebenden Raum, verkn\u00fcpften \u201eArchitektur\u201c und Kunst. In allen fr\u00fchen Kultst\u00e4tten, Tempeln, Moscheen, Kirchen wurde nicht unterschieden zwischen Kunst und Handwerk. Selbstverst\u00e4ndlich war der Anspruch h\u00f6chster Qualit\u00e4t an Form und \u00c4sthetik f\u00fcr das angestrebte Gesamtkunstwerk.<\/p>\n\n\n\n<p>Umso mehr als sich die jeweiligen Priester:innen oder Herrschenden so auch selbst repr\u00e4sentierten. \u00dcber reich geschm\u00fcckte Wandbilder, S\u00e4ulen, Figuren. Verschlungene Ornamente. Prachtvolle Fassaden. Farbige Mosaiken.<\/p>\n\n\n\n<p>Mit dem Fortschritt demokratischer Bewegungen verlieren die K\u00fcnste ihre Hauptauftraggeber Kirche, Kaiser, K\u00f6nige und Adelsh\u00e4user. Sie gewinnen die M\u00f6glichkeit ,ihre Themen selbst zu setzen. Und beklagen sich in den neuen Salon-Ausstellungen mit dem \u201egew\u00f6hnlichen Volk herumschlagen zu m\u00fcssen\u201c. Sind vernichtenden Kommentaren ausgesetzt. Von Menschen, die oft zum ersten Mal in ihrem Leben mit neuen Str\u00f6mungen und Stilrichtungen konfrontiert werden.<\/p>\n\n\n\n<h2 class=\"wp-block-heading\">70 Jahre Geschichte<\/h2>\n\n\n\n<p>Zu Beginn des 20. Jh. entstehen die ersten Kunst-am-Bau-Initiativen des Staates. Interessanterweise muss ab 1934 jeder \u00f6ffentliche Bau w\u00e4hrend der Zeit der Nationalsozialisten bildende K\u00fcnstler besch\u00e4ftigen. Die ideologische Doktrin stand auch hier im Vordergrund.<\/p>\n\n\n\n<p>Nach dem Krieg bestand die Vorgabe bei Neubauten des Bundes sowohl in der BRD als auch in der DDR, ein bis zwei Prozent der Bausumme f\u00fcr Auftr\u00e4ge an bildender K\u00fcnstler:innen zu vergeben. Zunehmend engagierten sich auch private Unternehmen. Grossartige Corporate Collections entstanden. Unverwechselbare Visitenkarten f\u00fcr ihre Kunden, Mitarbeitenden und die \u00d6ffentlichkeit.<\/p>\n\n\n\n<p>Seit 2006 gibt es nun einen verbindlichen Leitfaden Kunst am Bau f\u00fcr \u00f6ffentliche Geb\u00e4ude oder Organisationen mit staatlicher Beteiligung. Ich sch\u00e4tze ihn sehr. In verschiedenen Modellen des Auswahlverfahrens gew\u00e4hrt er in einem aufw\u00e4ndigen Prozess wirklich sachlich begr\u00fcndete Entscheidungen. Als Wettbewerbsbetreuerin achte ich besonders darauf, dass die Entw\u00fcrfe der K\u00fcnstler:innen bis zuletzt anonym bleiben. So kann sich die Jury, zusammengesetzt aus den Auftraggebern und jeweils einer Fachexpertenstimme mehr, wirklich f\u00fcr die \u00fcberzeugendste L\u00f6sung entscheiden.<\/p>\n\n\n\n<p>Manches ist Ihnen sicher schon im Stadtraum begegnet. Vieles in den \u00c4mtern bleibt jedoch verborgen. In der Wanderausstellung des Bundesministeriums des Innern, Bau und Heimat und Bundesamts f\u00fcr Bauwesen und Raumordnung lassen sich nun die Projekt aus 70 Jahren Selbstverpflichtung ab 4. Mai in Wuppertal* entdecken.<\/p>\n\n\n\n<p>Mit herzlichem Gruss<br>Ihre Eva Mueller<\/p>\n\n\n\n<p>*Ausstellungsort: <a href=\"https:\/\/www.linkedin.com\/feed\/#\">Bergische Universit\u00e4t Wuppertal<\/a> im Foyer der Fakult\u00e4t Architektur und Bauingenieurwesen, Pauluskirchstra\u00dfe 7, Geb\u00e4ude HC, Campus Haspel<\/p>\n\n\n\n<p>Hier sehen Sie mehr Kunst am Bau Projekte des Bundes:&nbsp;<a href=\"http:\/\/newsletter.kunstberatung.de\/t\/r-i-ttyhlua-l-i\/\">https:\/\/www.museum-der-1000-orte.de\/<\/a><\/p>\n\n\n\n<figure class=\"wp-block-image size-full\"><img loading=\"lazy\" decoding=\"async\" width=\"700\" height=\"467\" src=\"https:\/\/www.kunstberatung.de\/newsletter\/wp-content\/uploads\/sites\/19\/2023\/04\/eduardo-chillida-bundeskanzleramt-.jpg\" alt=\"70 Jahre Kunst am Bau\" class=\"wp-image-6014\" \/><\/figure>\n\n\n\n<p>Abb.: Dieses Kunstwerk von Eduardo Chillida vor dem Bundeskanzleramt kennen Sie sicher. Zwei abstrakte Figuren verweisen die auf die Teilung und Wiedervereinigung Deutschlands. Die Skulptur ist \u00fcbrigens das Geschenk eines Sammlers im s\u00fcdlichen M\u00fcnchner Raum.<\/p>\n\n\n\n<figure class=\"wp-block-image size-full\"><img loading=\"lazy\" decoding=\"async\" width=\"700\" height=\"525\" src=\"https:\/\/www.kunstberatung.de\/newsletter\/wp-content\/uploads\/sites\/19\/2023\/04\/gunda-foerster-bundestag.jpg\" alt=\"70 Jahre Kunst am Bau\" class=\"wp-image-6015\" \/><\/figure>\n\n\n\n<p>\u201eTunnel\u201c Neon-Lichtkunst von Gunda F\u00f6rster Parlamentsgeb\u00e4ude Dorotheenstr. 65, Berlin, Jakob-Kaiser-Haus<\/p>\n\n\n\n<figure class=\"wp-block-image size-full\"><img loading=\"lazy\" decoding=\"async\" width=\"700\" height=\"462\" src=\"https:\/\/www.kunstberatung.de\/newsletter\/wp-content\/uploads\/sites\/19\/2023\/04\/der-bevoelkerung-haacke.jpg\" alt=\"70 Jahre Kunst am Bau\" class=\"wp-image-6016\" \/><\/figure>\n\n\n\n<p>\u201eDer Bev\u00f6lkerung\u201c von Hans Haake im N\u00f6rdlichen Innenhof des Reichstagsgeb\u00e4udes<\/p>\n\n\n\n<p>Dieses Werk nimmt Bezug auf die Schrift am Giebel des Hauses \u2013 \u201eDem deutschen Volke\u201c. Haake will uns die Vieldeutigkeit des Volks-Begriffs (bis zur schamlosen Ausgrenzung anderer) vor Augen f\u00fchren. Das Beet ver\u00e4ndert sich immer dann, wenn Abgeordnete Erde aus ihren unterschiedlichen Heimat-Wahlkreisen mitbringen. So ist die Flora stetig im Wandel.<\/p>\n\n\n\n<p>Mehr zu Kunst am Bau: <a href=\"https:\/\/www.kunstberatung.de\/kunst-am-bau-wettbewerb\/\">https:\/\/www.kunstberatung.de\/kunst-am-bau-wettbewerb\/<\/a><\/p>\n","protected":false},"excerpt":{"rendered":"<p>70 Jahre Kunst am Bau Eigentlich spielten bereits die ersten H\u00f6hlenmalereien vor 75000 Jahren, ob in Afrika, Indonesien oder Frankreich mit dem umgebenden Raum, verkn\u00fcpften \u201eArchitektur\u201c und Kunst. In allen fr\u00fchen Kultst\u00e4tten, Tempeln, Moscheen, Kirchen wurde nicht unterschieden zwischen Kunst und Handwerk. Selbstverst\u00e4ndlich war der Anspruch h\u00f6chster Qualit\u00e4t an Form und \u00c4sthetik f\u00fcr das angestrebte [&hellip;]<\/p>\n","protected":false},"author":2,"featured_media":0,"comment_status":"closed","ping_status":"closed","sticky":false,"template":"","format":"standard","meta":{"_acf_changed":false,"footnotes":""},"categories":[2],"tags":[],"class_list":["post-6013","post","type-post","status-publish","format-standard","hentry","category-blog"],"yoast_head":"<!-- This site is optimized with the Yoast SEO plugin v26.6 - https:\/\/yoast.com\/wordpress\/plugins\/seo\/ -->\n<title>Eva Muellers Visionary Sunday Post 686 - 70 Jahre Kunst Am Bau | Eva Muellers Visionary Sunday Post<\/title>\n<meta name=\"description\" content=\"Die Wanderausstellung 70 Jahre Kunst am Bau zeigt Projekte des Bundes seit 1950, hier Beispiele in eva muellers visionary sunday post\" \/>\n<meta name=\"robots\" content=\"index, follow, max-snippet:-1, max-image-preview:large, max-video-preview:-1\" \/>\n<link rel=\"canonical\" href=\"https:\/\/www.kunstberatung.de\/newsletter\/blog\/70-jahre-kunst-am-bau\/\" \/>\n<meta property=\"og:locale\" content=\"de_DE\" \/>\n<meta property=\"og:type\" content=\"article\" \/>\n<meta property=\"og:title\" content=\"eva muellers visionary sunday post 686 - 70 jahre kunst am bau | Eva Muellers Visionary Sunday Post\" \/>\n<meta property=\"og:description\" content=\"Die Wanderausstellung 70 Jahre Kunst am Bau zeigt Projekte des Bundes seit 1950, hier Beispiele in eva muellers visionary sunday post\" \/>\n<meta property=\"og:url\" content=\"https:\/\/www.kunstberatung.de\/newsletter\/blog\/70-jahre-kunst-am-bau\/\" \/>\n<meta property=\"og:site_name\" content=\"Eva Muellers Visionary Sunday Post\" \/>\n<meta property=\"article:published_time\" content=\"2023-04-30T06:00:00+00:00\" \/>\n<meta property=\"article:modified_time\" content=\"2023-08-17T18:52:16+00:00\" \/>\n<meta property=\"og:image\" content=\"https:\/\/www.kunstberatung.de\/newsletter\/wp-content\/uploads\/sites\/19\/2023\/04\/eduardo-chillida-bundeskanzleramt-.jpg\" \/>\n<meta name=\"author\" content=\"Eva Mueller\" \/>\n<meta name=\"twitter:card\" content=\"summary_large_image\" \/>\n<meta name=\"twitter:label1\" content=\"Verfasst von\" \/>\n\t<meta name=\"twitter:data1\" content=\"Eva Mueller\" \/>\n\t<meta name=\"twitter:label2\" content=\"Gesch\u00e4tzte Lesezeit\" \/>\n\t<meta name=\"twitter:data2\" content=\"3\u00a0Minuten\" \/>\n<script type=\"application\/ld+json\" class=\"yoast-schema-graph\">{\"@context\":\"https:\/\/schema.org\",\"@graph\":[{\"@type\":\"WebPage\",\"@id\":\"https:\/\/www.kunstberatung.de\/newsletter\/blog\/70-jahre-kunst-am-bau\/\",\"url\":\"https:\/\/www.kunstberatung.de\/newsletter\/blog\/70-jahre-kunst-am-bau\/\",\"name\":\"eva muellers visionary sunday post 686 - 70 jahre kunst am bau | Eva Muellers Visionary Sunday Post\",\"isPartOf\":{\"@id\":\"https:\/\/www.kunstberatung.de\/newsletter\/#website\"},\"primaryImageOfPage\":{\"@id\":\"https:\/\/www.kunstberatung.de\/newsletter\/blog\/70-jahre-kunst-am-bau\/#primaryimage\"},\"image\":{\"@id\":\"https:\/\/www.kunstberatung.de\/newsletter\/blog\/70-jahre-kunst-am-bau\/#primaryimage\"},\"thumbnailUrl\":\"https:\/\/www.kunstberatung.de\/newsletter\/wp-content\/uploads\/sites\/19\/2023\/04\/eduardo-chillida-bundeskanzleramt-.jpg\",\"datePublished\":\"2023-04-30T06:00:00+00:00\",\"dateModified\":\"2023-08-17T18:52:16+00:00\",\"author\":{\"@id\":\"https:\/\/www.kunstberatung.de\/newsletter\/#\/schema\/person\/5956216e01d75d6ee2e332111165db0a\"},\"description\":\"Die Wanderausstellung 70 Jahre Kunst am Bau zeigt Projekte des Bundes seit 1950, hier Beispiele in eva muellers visionary sunday post\",\"inLanguage\":\"de\",\"potentialAction\":[{\"@type\":\"ReadAction\",\"target\":[\"https:\/\/www.kunstberatung.de\/newsletter\/blog\/70-jahre-kunst-am-bau\/\"]}]},{\"@type\":\"ImageObject\",\"inLanguage\":\"de\",\"@id\":\"https:\/\/www.kunstberatung.de\/newsletter\/blog\/70-jahre-kunst-am-bau\/#primaryimage\",\"url\":\"https:\/\/www.kunstberatung.de\/newsletter\/wp-content\/uploads\/sites\/19\/2023\/04\/eduardo-chillida-bundeskanzleramt-.jpg\",\"contentUrl\":\"https:\/\/www.kunstberatung.de\/newsletter\/wp-content\/uploads\/sites\/19\/2023\/04\/eduardo-chillida-bundeskanzleramt-.jpg\",\"width\":700,\"height\":467},{\"@type\":\"WebSite\",\"@id\":\"https:\/\/www.kunstberatung.de\/newsletter\/#website\",\"url\":\"https:\/\/www.kunstberatung.de\/newsletter\/\",\"name\":\"Eva Muellers Visionary Sunday Post\",\"description\":\"Eva Mueller Kunstberatung\",\"potentialAction\":[{\"@type\":\"SearchAction\",\"target\":{\"@type\":\"EntryPoint\",\"urlTemplate\":\"https:\/\/www.kunstberatung.de\/newsletter\/?s={search_term_string}\"},\"query-input\":{\"@type\":\"PropertyValueSpecification\",\"valueRequired\":true,\"valueName\":\"search_term_string\"}}],\"inLanguage\":\"de\"},{\"@type\":\"Person\",\"@id\":\"https:\/\/www.kunstberatung.de\/newsletter\/#\/schema\/person\/5956216e01d75d6ee2e332111165db0a\",\"name\":\"Eva Mueller\",\"sameAs\":[\"https:\/\/www.kunstberatung.de\",\"https:\/\/de.linkedin.com\/in\/eva-mueller-kunstberatung\",\"https:\/\/www.youtube.com\/kunstberatungde\"]}]}<\/script>\n<!-- \/ Yoast SEO plugin. -->","yoast_head_json":{"title":"Eva Muellers Visionary Sunday Post 686 - 70 Jahre Kunst Am Bau | Eva Muellers Visionary Sunday Post","description":"Die Wanderausstellung 70 Jahre Kunst am Bau zeigt Projekte des Bundes seit 1950, hier Beispiele in eva muellers visionary sunday post","robots":{"index":"index","follow":"follow","max-snippet":"max-snippet:-1","max-image-preview":"max-image-preview:large","max-video-preview":"max-video-preview:-1"},"canonical":"https:\/\/www.kunstberatung.de\/newsletter\/blog\/70-jahre-kunst-am-bau\/","og_locale":"de_DE","og_type":"article","og_title":"eva muellers visionary sunday post 686 - 70 jahre kunst am bau | Eva Muellers Visionary Sunday Post","og_description":"Die Wanderausstellung 70 Jahre Kunst am Bau zeigt Projekte des Bundes seit 1950, hier Beispiele in eva muellers visionary sunday post","og_url":"https:\/\/www.kunstberatung.de\/newsletter\/blog\/70-jahre-kunst-am-bau\/","og_site_name":"Eva Muellers Visionary Sunday Post","article_published_time":"2023-04-30T06:00:00+00:00","article_modified_time":"2023-08-17T18:52:16+00:00","og_image":[{"url":"https:\/\/www.kunstberatung.de\/newsletter\/wp-content\/uploads\/sites\/19\/2023\/04\/eduardo-chillida-bundeskanzleramt-.jpg","type":"","width":"","height":""}],"author":"Eva Mueller","twitter_card":"summary_large_image","twitter_misc":{"Verfasst von":"Eva Mueller","Gesch\u00e4tzte Lesezeit":"3\u00a0Minuten"},"schema":{"@context":"https:\/\/schema.org","@graph":[{"@type":"WebPage","@id":"https:\/\/www.kunstberatung.de\/newsletter\/blog\/70-jahre-kunst-am-bau\/","url":"https:\/\/www.kunstberatung.de\/newsletter\/blog\/70-jahre-kunst-am-bau\/","name":"eva muellers visionary sunday post 686 - 70 jahre kunst am bau | Eva Muellers Visionary Sunday Post","isPartOf":{"@id":"https:\/\/www.kunstberatung.de\/newsletter\/#website"},"primaryImageOfPage":{"@id":"https:\/\/www.kunstberatung.de\/newsletter\/blog\/70-jahre-kunst-am-bau\/#primaryimage"},"image":{"@id":"https:\/\/www.kunstberatung.de\/newsletter\/blog\/70-jahre-kunst-am-bau\/#primaryimage"},"thumbnailUrl":"https:\/\/www.kunstberatung.de\/newsletter\/wp-content\/uploads\/sites\/19\/2023\/04\/eduardo-chillida-bundeskanzleramt-.jpg","datePublished":"2023-04-30T06:00:00+00:00","dateModified":"2023-08-17T18:52:16+00:00","author":{"@id":"https:\/\/www.kunstberatung.de\/newsletter\/#\/schema\/person\/5956216e01d75d6ee2e332111165db0a"},"description":"Die Wanderausstellung 70 Jahre Kunst am Bau zeigt Projekte des Bundes seit 1950, hier Beispiele in eva muellers visionary sunday post","inLanguage":"de","potentialAction":[{"@type":"ReadAction","target":["https:\/\/www.kunstberatung.de\/newsletter\/blog\/70-jahre-kunst-am-bau\/"]}]},{"@type":"ImageObject","inLanguage":"de","@id":"https:\/\/www.kunstberatung.de\/newsletter\/blog\/70-jahre-kunst-am-bau\/#primaryimage","url":"https:\/\/www.kunstberatung.de\/newsletter\/wp-content\/uploads\/sites\/19\/2023\/04\/eduardo-chillida-bundeskanzleramt-.jpg","contentUrl":"https:\/\/www.kunstberatung.de\/newsletter\/wp-content\/uploads\/sites\/19\/2023\/04\/eduardo-chillida-bundeskanzleramt-.jpg","width":700,"height":467},{"@type":"WebSite","@id":"https:\/\/www.kunstberatung.de\/newsletter\/#website","url":"https:\/\/www.kunstberatung.de\/newsletter\/","name":"Eva Muellers Visionary Sunday Post","description":"Eva Mueller Kunstberatung","potentialAction":[{"@type":"SearchAction","target":{"@type":"EntryPoint","urlTemplate":"https:\/\/www.kunstberatung.de\/newsletter\/?s={search_term_string}"},"query-input":{"@type":"PropertyValueSpecification","valueRequired":true,"valueName":"search_term_string"}}],"inLanguage":"de"},{"@type":"Person","@id":"https:\/\/www.kunstberatung.de\/newsletter\/#\/schema\/person\/5956216e01d75d6ee2e332111165db0a","name":"Eva Mueller","sameAs":["https:\/\/www.kunstberatung.de","https:\/\/de.linkedin.com\/in\/eva-mueller-kunstberatung","https:\/\/www.youtube.com\/kunstberatungde"]}]}},"acf":[],"_links":{"self":[{"href":"https:\/\/www.kunstberatung.de\/newsletter\/wp-json\/wp\/v2\/posts\/6013","targetHints":{"allow":["GET"]}}],"collection":[{"href":"https:\/\/www.kunstberatung.de\/newsletter\/wp-json\/wp\/v2\/posts"}],"about":[{"href":"https:\/\/www.kunstberatung.de\/newsletter\/wp-json\/wp\/v2\/types\/post"}],"author":[{"embeddable":true,"href":"https:\/\/www.kunstberatung.de\/newsletter\/wp-json\/wp\/v2\/users\/2"}],"replies":[{"embeddable":true,"href":"https:\/\/www.kunstberatung.de\/newsletter\/wp-json\/wp\/v2\/comments?post=6013"}],"version-history":[{"count":0,"href":"https:\/\/www.kunstberatung.de\/newsletter\/wp-json\/wp\/v2\/posts\/6013\/revisions"}],"wp:attachment":[{"href":"https:\/\/www.kunstberatung.de\/newsletter\/wp-json\/wp\/v2\/media?parent=6013"}],"wp:term":[{"taxonomy":"category","embeddable":true,"href":"https:\/\/www.kunstberatung.de\/newsletter\/wp-json\/wp\/v2\/categories?post=6013"},{"taxonomy":"post_tag","embeddable":true,"href":"https:\/\/www.kunstberatung.de\/newsletter\/wp-json\/wp\/v2\/tags?post=6013"}],"curies":[{"name":"wp","href":"https:\/\/api.w.org\/{rel}","templated":true}]}}