{"id":6000,"date":"2023-04-03T09:30:58","date_gmt":"2023-04-03T07:30:58","guid":{"rendered":"https:\/\/www.kunstberatung.de\/newsletter\/?p=6000"},"modified":"2023-06-05T15:00:33","modified_gmt":"2023-06-05T13:00:33","slug":"eva-muellers-visionary-sunday-post-682-panorama","status":"publish","type":"post","link":"https:\/\/www.kunstberatung.de\/newsletter\/blog\/eva-muellers-visionary-sunday-post-682-panorama\/","title":{"rendered":"eva muellers visionary sunday post 682 &#8211; panorama"},"content":{"rendered":"\n<h2 class=\"wp-block-heading\">Panorama &#8211; Die Sehnsucht nach der Ferne<\/h2>\n\n\n\n<p>Was treibt uns auf die Berge? L\u00e4sst uns zahllose Treppen steigen, bis wir endlich auf der Turmspitze angekommen sind. Oder auf der Aussichtsplattform?<\/p>\n\n\n\n<p>Der \u00dcberblick von oben auf die Landschaft, die Stadt ist zu faszinierend. So weit wie m\u00f6glich sehen k\u00f6nnen. Nicht nur in eine Richtung blicken. Begreifen, was rund um uns herum liegt. Der Reiz des Panoramas. Wie der altgriechische Wortstamm vermittelt: \u201epan\u201c (alles) und \u201ehorama\u201c (Sicht).<\/p>\n\n\n\n<p>Kein Wunder, dass K\u00fcnstler:innen schon immer Wege suchten, uns in ihren Werken diese Erfahrung zu erm\u00f6glichen. Zumindest eine ann\u00e4hernd \u00fcberzeugende Illusion davon. Spezielle Rundbauten mit meterhoher <a href=\"https:\/\/de.wikipedia.org\/wiki\/Trompe-l%E2%80%99%C5%93il\" target=\"_blank\" rel=\"noreferrer noopener\">Trompe-l\u2019\u0153il<\/a>-Malerei entstanden.<\/p>\n\n\n\n<h2 class=\"wp-block-heading\">K\u00fcnstlerin Ulrike Heydenreich im Museum Masdag<\/h2>\n\n\n\n<p>Die K\u00fcnstlerin Ulrike Heydenreich hat daf\u00fcr eine ganz eigene Methode gefunden. Sie sucht in Antiquariaten nach Fotografien und Panorama-Karten aus dem 19. oder Beginn des 20. Jh. Und verarbeitet diese zu wunderbar zarten und einf\u00fchlsamen Papierskulpturen. Vorhandene Faltungen von Karten nimmt sie auf und f\u00fchrt sie weiter. Rund aufgef\u00e4chert erm\u00f6glicht sie uns mit ihren zauberhaften Werken diesen ganz speziellen Panoramablick.<\/p>\n\n\n\n<p>\u00dcbereinanderliegende Schichten von montierten Fotografien, erg\u00e4nzt durch Zeichen und Linien, die wie eine Vermessung der Landschaft wirken, erzeugen auch hier dreidimensionale Tiefe. Ein wenig Unsch\u00e4rfe, wie \u00fcblich bei der Fernsicht in den Bergen, vermittelt das zuoberst liegende Transparentpapier.<\/p>\n\n\n\n<p>Bei der Ausstellungser\u00f6ffnung \u201eVerlangen naar de verte\u201c (Sehnsucht nach der Ferne) am Freitag dieser Woche gab es grossartige Werke von Ulrike Heydenreich im Museum Panorama Mesdag in Den Haag zu sehen. Auf jeden Fall einen Ausflug wert, wenn Sie in die Gegend kommen.<\/p>\n\n\n\n<p>Mit begeisterten Gr\u00fcssen<br>Ihre Eva Mueller<\/p>\n\n\n\n<figure class=\"wp-block-image size-full\"><img loading=\"lazy\" decoding=\"async\" width=\"1200\" height=\"627\" src=\"https:\/\/www.kunstberatung.de\/newsletter\/wp-content\/uploads\/sites\/19\/2023\/03\/090423-header-emkb.jpg\" alt=\"\" class=\"wp-image-6001\" srcset=\"https:\/\/www.kunstberatung.de\/newsletter\/wp-content\/uploads\/sites\/19\/2023\/03\/090423-header-emkb.jpg 1200w, https:\/\/www.kunstberatung.de\/newsletter\/wp-content\/uploads\/sites\/19\/2023\/03\/090423-header-emkb-768x401.jpg 768w\" sizes=\"auto, (max-width: 1200px) 100vw, 1200px\" \/><\/figure>\n\n\n\n<p>Abb.: Ulrike Heydenreich Fundst\u00fcck 19, 2022, Historisches Panorama (Panorama vom Pizzo Centrale) gefaltetes Papier, 52,5 x 52,5 cm \/ 70 x 70 x 7 cm,&nbsp; Foto Markus J. Feger<\/p>\n","protected":false},"excerpt":{"rendered":"<p>Panorama &#8211; Die Sehnsucht nach der Ferne Was treibt uns auf die Berge? L\u00e4sst uns zahllose Treppen steigen, bis wir endlich auf der Turmspitze angekommen sind. Oder auf der Aussichtsplattform? Der \u00dcberblick von oben auf die Landschaft, die Stadt ist zu faszinierend. So weit wie m\u00f6glich sehen k\u00f6nnen. Nicht nur in eine Richtung blicken. Begreifen, [&hellip;]<\/p>\n","protected":false},"author":2,"featured_media":0,"comment_status":"closed","ping_status":"closed","sticky":false,"template":"","format":"standard","meta":{"_acf_changed":false,"footnotes":""},"categories":[2],"tags":[],"class_list":["post-6000","post","type-post","status-publish","format-standard","hentry","category-blog"],"yoast_head":"<!-- This site is optimized with the Yoast SEO plugin v26.6 - https:\/\/yoast.com\/wordpress\/plugins\/seo\/ -->\n<title>Eva Muellers Visionary Sunday Post 682 - Panorama | Eva Muellers Visionary Sunday Post<\/title>\n<meta name=\"description\" content=\"eva muellers visionary sunday post zur K\u00fcnstlerin Ulrike Heydenreich mit ihren zauberhaften Panorama-Bildern im Museum Mesdag in Den Haag\" \/>\n<meta name=\"robots\" content=\"index, follow, max-snippet:-1, max-image-preview:large, max-video-preview:-1\" \/>\n<link rel=\"canonical\" href=\"https:\/\/www.kunstberatung.de\/newsletter\/blog\/eva-muellers-visionary-sunday-post-682-panorama\/\" \/>\n<meta property=\"og:locale\" content=\"de_DE\" \/>\n<meta property=\"og:type\" content=\"article\" \/>\n<meta property=\"og:title\" content=\"eva muellers visionary sunday post 682 - panorama | Eva Muellers Visionary Sunday Post\" \/>\n<meta property=\"og:description\" content=\"eva muellers visionary sunday post zur K\u00fcnstlerin Ulrike Heydenreich mit ihren zauberhaften Panorama-Bildern im Museum Mesdag in Den Haag\" \/>\n<meta property=\"og:url\" content=\"https:\/\/www.kunstberatung.de\/newsletter\/blog\/eva-muellers-visionary-sunday-post-682-panorama\/\" \/>\n<meta property=\"og:site_name\" content=\"Eva Muellers Visionary Sunday Post\" \/>\n<meta property=\"article:published_time\" content=\"2023-04-03T07:30:58+00:00\" \/>\n<meta property=\"article:modified_time\" content=\"2023-06-05T13:00:33+00:00\" \/>\n<meta property=\"og:image\" content=\"https:\/\/www.kunstberatung.de\/newsletter\/wp-content\/uploads\/sites\/19\/2023\/03\/090423-header-emkb.jpg\" \/>\n<meta name=\"author\" content=\"Eva Mueller\" \/>\n<meta name=\"twitter:card\" content=\"summary_large_image\" \/>\n<meta name=\"twitter:label1\" content=\"Verfasst von\" \/>\n\t<meta name=\"twitter:data1\" content=\"Eva Mueller\" \/>\n\t<meta name=\"twitter:label2\" content=\"Gesch\u00e4tzte Lesezeit\" \/>\n\t<meta name=\"twitter:data2\" content=\"1\u00a0Minute\" \/>\n<script type=\"application\/ld+json\" class=\"yoast-schema-graph\">{\"@context\":\"https:\/\/schema.org\",\"@graph\":[{\"@type\":\"WebPage\",\"@id\":\"https:\/\/www.kunstberatung.de\/newsletter\/blog\/eva-muellers-visionary-sunday-post-682-panorama\/\",\"url\":\"https:\/\/www.kunstberatung.de\/newsletter\/blog\/eva-muellers-visionary-sunday-post-682-panorama\/\",\"name\":\"eva muellers visionary sunday post 682 - panorama | Eva Muellers Visionary Sunday Post\",\"isPartOf\":{\"@id\":\"https:\/\/www.kunstberatung.de\/newsletter\/#website\"},\"primaryImageOfPage\":{\"@id\":\"https:\/\/www.kunstberatung.de\/newsletter\/blog\/eva-muellers-visionary-sunday-post-682-panorama\/#primaryimage\"},\"image\":{\"@id\":\"https:\/\/www.kunstberatung.de\/newsletter\/blog\/eva-muellers-visionary-sunday-post-682-panorama\/#primaryimage\"},\"thumbnailUrl\":\"https:\/\/www.kunstberatung.de\/newsletter\/wp-content\/uploads\/sites\/19\/2023\/03\/090423-header-emkb.jpg\",\"datePublished\":\"2023-04-03T07:30:58+00:00\",\"dateModified\":\"2023-06-05T13:00:33+00:00\",\"author\":{\"@id\":\"https:\/\/www.kunstberatung.de\/newsletter\/#\/schema\/person\/5956216e01d75d6ee2e332111165db0a\"},\"description\":\"eva muellers visionary sunday post zur K\u00fcnstlerin Ulrike Heydenreich mit ihren zauberhaften Panorama-Bildern im Museum Mesdag in Den Haag\",\"inLanguage\":\"de\",\"potentialAction\":[{\"@type\":\"ReadAction\",\"target\":[\"https:\/\/www.kunstberatung.de\/newsletter\/blog\/eva-muellers-visionary-sunday-post-682-panorama\/\"]}]},{\"@type\":\"ImageObject\",\"inLanguage\":\"de\",\"@id\":\"https:\/\/www.kunstberatung.de\/newsletter\/blog\/eva-muellers-visionary-sunday-post-682-panorama\/#primaryimage\",\"url\":\"https:\/\/www.kunstberatung.de\/newsletter\/wp-content\/uploads\/sites\/19\/2023\/03\/090423-header-emkb.jpg\",\"contentUrl\":\"https:\/\/www.kunstberatung.de\/newsletter\/wp-content\/uploads\/sites\/19\/2023\/03\/090423-header-emkb.jpg\",\"width\":1200,\"height\":627},{\"@type\":\"WebSite\",\"@id\":\"https:\/\/www.kunstberatung.de\/newsletter\/#website\",\"url\":\"https:\/\/www.kunstberatung.de\/newsletter\/\",\"name\":\"Eva Muellers Visionary Sunday Post\",\"description\":\"Eva Mueller Kunstberatung\",\"potentialAction\":[{\"@type\":\"SearchAction\",\"target\":{\"@type\":\"EntryPoint\",\"urlTemplate\":\"https:\/\/www.kunstberatung.de\/newsletter\/?s={search_term_string}\"},\"query-input\":{\"@type\":\"PropertyValueSpecification\",\"valueRequired\":true,\"valueName\":\"search_term_string\"}}],\"inLanguage\":\"de\"},{\"@type\":\"Person\",\"@id\":\"https:\/\/www.kunstberatung.de\/newsletter\/#\/schema\/person\/5956216e01d75d6ee2e332111165db0a\",\"name\":\"Eva Mueller\",\"sameAs\":[\"https:\/\/www.kunstberatung.de\",\"https:\/\/de.linkedin.com\/in\/eva-mueller-kunstberatung\",\"https:\/\/www.youtube.com\/kunstberatungde\"]}]}<\/script>\n<!-- \/ Yoast SEO plugin. -->","yoast_head_json":{"title":"Eva Muellers Visionary Sunday Post 682 - Panorama | Eva Muellers Visionary Sunday Post","description":"eva muellers visionary sunday post zur K\u00fcnstlerin Ulrike Heydenreich mit ihren zauberhaften Panorama-Bildern im Museum Mesdag in Den Haag","robots":{"index":"index","follow":"follow","max-snippet":"max-snippet:-1","max-image-preview":"max-image-preview:large","max-video-preview":"max-video-preview:-1"},"canonical":"https:\/\/www.kunstberatung.de\/newsletter\/blog\/eva-muellers-visionary-sunday-post-682-panorama\/","og_locale":"de_DE","og_type":"article","og_title":"eva muellers visionary sunday post 682 - panorama | Eva Muellers Visionary Sunday Post","og_description":"eva muellers visionary sunday post zur K\u00fcnstlerin Ulrike Heydenreich mit ihren zauberhaften Panorama-Bildern im Museum Mesdag in Den Haag","og_url":"https:\/\/www.kunstberatung.de\/newsletter\/blog\/eva-muellers-visionary-sunday-post-682-panorama\/","og_site_name":"Eva Muellers Visionary Sunday Post","article_published_time":"2023-04-03T07:30:58+00:00","article_modified_time":"2023-06-05T13:00:33+00:00","og_image":[{"url":"https:\/\/www.kunstberatung.de\/newsletter\/wp-content\/uploads\/sites\/19\/2023\/03\/090423-header-emkb.jpg","type":"","width":"","height":""}],"author":"Eva Mueller","twitter_card":"summary_large_image","twitter_misc":{"Verfasst von":"Eva Mueller","Gesch\u00e4tzte Lesezeit":"1\u00a0Minute"},"schema":{"@context":"https:\/\/schema.org","@graph":[{"@type":"WebPage","@id":"https:\/\/www.kunstberatung.de\/newsletter\/blog\/eva-muellers-visionary-sunday-post-682-panorama\/","url":"https:\/\/www.kunstberatung.de\/newsletter\/blog\/eva-muellers-visionary-sunday-post-682-panorama\/","name":"eva muellers visionary sunday post 682 - panorama | Eva Muellers Visionary Sunday Post","isPartOf":{"@id":"https:\/\/www.kunstberatung.de\/newsletter\/#website"},"primaryImageOfPage":{"@id":"https:\/\/www.kunstberatung.de\/newsletter\/blog\/eva-muellers-visionary-sunday-post-682-panorama\/#primaryimage"},"image":{"@id":"https:\/\/www.kunstberatung.de\/newsletter\/blog\/eva-muellers-visionary-sunday-post-682-panorama\/#primaryimage"},"thumbnailUrl":"https:\/\/www.kunstberatung.de\/newsletter\/wp-content\/uploads\/sites\/19\/2023\/03\/090423-header-emkb.jpg","datePublished":"2023-04-03T07:30:58+00:00","dateModified":"2023-06-05T13:00:33+00:00","author":{"@id":"https:\/\/www.kunstberatung.de\/newsletter\/#\/schema\/person\/5956216e01d75d6ee2e332111165db0a"},"description":"eva muellers visionary sunday post zur K\u00fcnstlerin Ulrike Heydenreich mit ihren zauberhaften Panorama-Bildern im Museum Mesdag in Den Haag","inLanguage":"de","potentialAction":[{"@type":"ReadAction","target":["https:\/\/www.kunstberatung.de\/newsletter\/blog\/eva-muellers-visionary-sunday-post-682-panorama\/"]}]},{"@type":"ImageObject","inLanguage":"de","@id":"https:\/\/www.kunstberatung.de\/newsletter\/blog\/eva-muellers-visionary-sunday-post-682-panorama\/#primaryimage","url":"https:\/\/www.kunstberatung.de\/newsletter\/wp-content\/uploads\/sites\/19\/2023\/03\/090423-header-emkb.jpg","contentUrl":"https:\/\/www.kunstberatung.de\/newsletter\/wp-content\/uploads\/sites\/19\/2023\/03\/090423-header-emkb.jpg","width":1200,"height":627},{"@type":"WebSite","@id":"https:\/\/www.kunstberatung.de\/newsletter\/#website","url":"https:\/\/www.kunstberatung.de\/newsletter\/","name":"Eva Muellers Visionary Sunday Post","description":"Eva Mueller Kunstberatung","potentialAction":[{"@type":"SearchAction","target":{"@type":"EntryPoint","urlTemplate":"https:\/\/www.kunstberatung.de\/newsletter\/?s={search_term_string}"},"query-input":{"@type":"PropertyValueSpecification","valueRequired":true,"valueName":"search_term_string"}}],"inLanguage":"de"},{"@type":"Person","@id":"https:\/\/www.kunstberatung.de\/newsletter\/#\/schema\/person\/5956216e01d75d6ee2e332111165db0a","name":"Eva Mueller","sameAs":["https:\/\/www.kunstberatung.de","https:\/\/de.linkedin.com\/in\/eva-mueller-kunstberatung","https:\/\/www.youtube.com\/kunstberatungde"]}]}},"acf":[],"_links":{"self":[{"href":"https:\/\/www.kunstberatung.de\/newsletter\/wp-json\/wp\/v2\/posts\/6000","targetHints":{"allow":["GET"]}}],"collection":[{"href":"https:\/\/www.kunstberatung.de\/newsletter\/wp-json\/wp\/v2\/posts"}],"about":[{"href":"https:\/\/www.kunstberatung.de\/newsletter\/wp-json\/wp\/v2\/types\/post"}],"author":[{"embeddable":true,"href":"https:\/\/www.kunstberatung.de\/newsletter\/wp-json\/wp\/v2\/users\/2"}],"replies":[{"embeddable":true,"href":"https:\/\/www.kunstberatung.de\/newsletter\/wp-json\/wp\/v2\/comments?post=6000"}],"version-history":[{"count":0,"href":"https:\/\/www.kunstberatung.de\/newsletter\/wp-json\/wp\/v2\/posts\/6000\/revisions"}],"wp:attachment":[{"href":"https:\/\/www.kunstberatung.de\/newsletter\/wp-json\/wp\/v2\/media?parent=6000"}],"wp:term":[{"taxonomy":"category","embeddable":true,"href":"https:\/\/www.kunstberatung.de\/newsletter\/wp-json\/wp\/v2\/categories?post=6000"},{"taxonomy":"post_tag","embeddable":true,"href":"https:\/\/www.kunstberatung.de\/newsletter\/wp-json\/wp\/v2\/tags?post=6000"}],"curies":[{"name":"wp","href":"https:\/\/api.w.org\/{rel}","templated":true}]}}