{"id":5965,"date":"2023-01-08T13:52:15","date_gmt":"2023-01-08T12:52:15","guid":{"rendered":"https:\/\/www.kunstberatung.de\/newsletter\/?p=5965"},"modified":"2023-01-08T13:52:17","modified_gmt":"2023-01-08T12:52:17","slug":"eva-muellers-visionary-sunday-post-670-moralophobie","status":"publish","type":"post","link":"https:\/\/www.kunstberatung.de\/newsletter\/blog\/eva-muellers-visionary-sunday-post-670-moralophobie\/","title":{"rendered":"eva muellers visionary sunday post 670 &#8211; moralophobie"},"content":{"rendered":"\n<h2 class=\"wp-block-heading\">Moralophobie von J\u00f6rg Uwe Albig<\/h2>\n\n\n\n<p>Wieso ist \u201eGutmensch\u201c eigentlich ein Schimpfwort? Welche Absicht steckt dahinter, wenn Menschen, die sich f\u00fcr andere einsetzen, Gerechtigkeit f\u00fcr die unterschiedlichsten Lebensformen fordern, so verunglimpft werden?<\/p>\n\n\n\n<p>Der Autor J\u00f6rg-Uwe Albig geht in seinem Buch \u201eMoralophobie\u201c diesen Fragen nach. Von Niccol\u00f2 Machiavelli, Marquis de Sade, Friedrich Nietzsche bis Al Capone und Donald Trump liefert er Beispiele, wie moralische Argumente immer dann in den Schmutz gezogen werden, wenn sich Gesellschaften ethisch weiterentwickeln.<\/p>\n\n\n\n<h2 class=\"wp-block-heading\">Was hinter der Verunglimpfung in der Moralophobie steckt<\/h2>\n\n\n\n<p>Ziemlich schnell ist dann von \u201eVerbotskultur\u201c die Rede. Die Angst geht um, es g\u00e4be eine \u201eDiktatur der Moral\u201c. Was soll das sein? Steckt dahinter der Wunsch sich doch bitte weiterhin unmoralisch verhalten zu k\u00f6nnen? Ein fehlgeleitetes Verst\u00e4ndnis von Freiheit? Beispielsweise \u201eMinderheiten zu verunglimpfen, Mitmenschen im Mittelmeer ertrinken zu lassen oder mit einem b\u00f6sen Virus anzustecken und, wenn man ihm auch diesen letzten Spass noch nehmen will, mit Fackeln und Trommeln vor dem Fachwerkhaus einer Gesundheitsministerin aufzumarschieren\u201c, wie Albig schreibt.<\/p>\n\n\n\n<p>Vielleicht zeigt diese Reaktion eher an, dass wir auf gutem Wege sind? Unwahrheiten, politische Dilemmata, mit wem wir wie unter welchen Bedingungen Handel treiben, diskriminierende Verhaltensweisen, all das wird nun heftig diskutiert. Auf die Dauer bleibt nichts mehr unentdeckt. F\u00fcr einige mag das recht unangenehm werden.<\/p>\n\n\n\n<p>Auf ein neues Jahr, das uns moralisch weiter st\u00e4rkt,<br>mit herzlichem Gruss<br>Ihre Eva Mueller<\/p>\n\n\n\n<figure class=\"wp-block-image size-full\"><img loading=\"lazy\" decoding=\"async\" width=\"1200\" height=\"627\" src=\"https:\/\/www.kunstberatung.de\/newsletter\/wp-content\/uploads\/sites\/19\/2023\/01\/header-080123.jpg\" alt=\"\" class=\"wp-image-5966\" srcset=\"https:\/\/www.kunstberatung.de\/newsletter\/wp-content\/uploads\/sites\/19\/2023\/01\/header-080123.jpg 1200w, https:\/\/www.kunstberatung.de\/newsletter\/wp-content\/uploads\/sites\/19\/2023\/01\/header-080123-768x401.jpg 768w\" sizes=\"auto, (max-width: 1200px) 100vw, 1200px\" \/><\/figure>\n","protected":false},"excerpt":{"rendered":"<p>Moralophobie von J\u00f6rg Uwe Albig Wieso ist \u201eGutmensch\u201c eigentlich ein Schimpfwort? Welche Absicht steckt dahinter, wenn Menschen, die sich f\u00fcr andere einsetzen, Gerechtigkeit f\u00fcr die unterschiedlichsten Lebensformen fordern, so verunglimpft werden? Der Autor J\u00f6rg-Uwe Albig geht in seinem Buch \u201eMoralophobie\u201c diesen Fragen nach. Von Niccol\u00f2 Machiavelli, Marquis de Sade, Friedrich Nietzsche bis Al Capone und [&hellip;]<\/p>\n","protected":false},"author":2,"featured_media":0,"comment_status":"closed","ping_status":"closed","sticky":false,"template":"","format":"standard","meta":{"_acf_changed":false,"footnotes":""},"categories":[2],"tags":[],"class_list":["post-5965","post","type-post","status-publish","format-standard","hentry","category-blog"],"yoast_head":"<!-- This site is optimized with the Yoast SEO plugin v26.6 - https:\/\/yoast.com\/wordpress\/plugins\/seo\/ -->\n<title>Eva Muellers Visionary Sunday Post 670 - Moralophobie | Eva Muellers Visionary Sunday Post<\/title>\n<meta name=\"description\" content=\"Gutmensch ein &quot;Schimpfwort&quot;, warum erkl\u00e4rt Autor J\u00f6rg-Uwe Albig in seinem Buch Moralophobie - Artikel in eva muellers visionary sunday post\" \/>\n<meta name=\"robots\" content=\"index, follow, max-snippet:-1, max-image-preview:large, max-video-preview:-1\" \/>\n<link rel=\"canonical\" href=\"https:\/\/www.kunstberatung.de\/newsletter\/blog\/eva-muellers-visionary-sunday-post-670-moralophobie\/\" \/>\n<meta property=\"og:locale\" content=\"de_DE\" \/>\n<meta property=\"og:type\" content=\"article\" \/>\n<meta property=\"og:title\" content=\"eva muellers visionary sunday post 670 - moralophobie | Eva Muellers Visionary Sunday Post\" \/>\n<meta property=\"og:description\" content=\"Gutmensch ein &quot;Schimpfwort&quot;, warum erkl\u00e4rt Autor J\u00f6rg-Uwe Albig in seinem Buch Moralophobie - Artikel in eva muellers visionary sunday post\" \/>\n<meta property=\"og:url\" content=\"https:\/\/www.kunstberatung.de\/newsletter\/blog\/eva-muellers-visionary-sunday-post-670-moralophobie\/\" \/>\n<meta property=\"og:site_name\" content=\"Eva Muellers Visionary Sunday Post\" \/>\n<meta property=\"article:published_time\" content=\"2023-01-08T12:52:15+00:00\" \/>\n<meta property=\"article:modified_time\" content=\"2023-01-08T12:52:17+00:00\" \/>\n<meta property=\"og:image\" content=\"https:\/\/www.kunstberatung.de\/newsletter\/wp-content\/uploads\/sites\/19\/2023\/01\/header-080123.jpg\" \/>\n<meta name=\"author\" content=\"Eva Mueller\" \/>\n<meta name=\"twitter:card\" content=\"summary_large_image\" \/>\n<meta name=\"twitter:label1\" content=\"Verfasst von\" \/>\n\t<meta name=\"twitter:data1\" content=\"Eva Mueller\" \/>\n\t<meta name=\"twitter:label2\" content=\"Gesch\u00e4tzte Lesezeit\" \/>\n\t<meta name=\"twitter:data2\" content=\"1\u00a0Minute\" \/>\n<script type=\"application\/ld+json\" class=\"yoast-schema-graph\">{\"@context\":\"https:\/\/schema.org\",\"@graph\":[{\"@type\":\"WebPage\",\"@id\":\"https:\/\/www.kunstberatung.de\/newsletter\/blog\/eva-muellers-visionary-sunday-post-670-moralophobie\/\",\"url\":\"https:\/\/www.kunstberatung.de\/newsletter\/blog\/eva-muellers-visionary-sunday-post-670-moralophobie\/\",\"name\":\"eva muellers visionary sunday post 670 - moralophobie | Eva Muellers Visionary Sunday Post\",\"isPartOf\":{\"@id\":\"https:\/\/www.kunstberatung.de\/newsletter\/#website\"},\"primaryImageOfPage\":{\"@id\":\"https:\/\/www.kunstberatung.de\/newsletter\/blog\/eva-muellers-visionary-sunday-post-670-moralophobie\/#primaryimage\"},\"image\":{\"@id\":\"https:\/\/www.kunstberatung.de\/newsletter\/blog\/eva-muellers-visionary-sunday-post-670-moralophobie\/#primaryimage\"},\"thumbnailUrl\":\"https:\/\/www.kunstberatung.de\/newsletter\/wp-content\/uploads\/sites\/19\/2023\/01\/header-080123.jpg\",\"datePublished\":\"2023-01-08T12:52:15+00:00\",\"dateModified\":\"2023-01-08T12:52:17+00:00\",\"author\":{\"@id\":\"https:\/\/www.kunstberatung.de\/newsletter\/#\/schema\/person\/5956216e01d75d6ee2e332111165db0a\"},\"description\":\"Gutmensch ein \\\"Schimpfwort\\\", warum erkl\u00e4rt Autor J\u00f6rg-Uwe Albig in seinem Buch Moralophobie - Artikel in eva muellers visionary sunday post\",\"inLanguage\":\"de\",\"potentialAction\":[{\"@type\":\"ReadAction\",\"target\":[\"https:\/\/www.kunstberatung.de\/newsletter\/blog\/eva-muellers-visionary-sunday-post-670-moralophobie\/\"]}]},{\"@type\":\"ImageObject\",\"inLanguage\":\"de\",\"@id\":\"https:\/\/www.kunstberatung.de\/newsletter\/blog\/eva-muellers-visionary-sunday-post-670-moralophobie\/#primaryimage\",\"url\":\"https:\/\/www.kunstberatung.de\/newsletter\/wp-content\/uploads\/sites\/19\/2023\/01\/header-080123.jpg\",\"contentUrl\":\"https:\/\/www.kunstberatung.de\/newsletter\/wp-content\/uploads\/sites\/19\/2023\/01\/header-080123.jpg\",\"width\":1200,\"height\":627},{\"@type\":\"WebSite\",\"@id\":\"https:\/\/www.kunstberatung.de\/newsletter\/#website\",\"url\":\"https:\/\/www.kunstberatung.de\/newsletter\/\",\"name\":\"Eva Muellers Visionary Sunday Post\",\"description\":\"Eva Mueller Kunstberatung\",\"potentialAction\":[{\"@type\":\"SearchAction\",\"target\":{\"@type\":\"EntryPoint\",\"urlTemplate\":\"https:\/\/www.kunstberatung.de\/newsletter\/?s={search_term_string}\"},\"query-input\":{\"@type\":\"PropertyValueSpecification\",\"valueRequired\":true,\"valueName\":\"search_term_string\"}}],\"inLanguage\":\"de\"},{\"@type\":\"Person\",\"@id\":\"https:\/\/www.kunstberatung.de\/newsletter\/#\/schema\/person\/5956216e01d75d6ee2e332111165db0a\",\"name\":\"Eva Mueller\",\"sameAs\":[\"https:\/\/www.kunstberatung.de\",\"https:\/\/de.linkedin.com\/in\/eva-mueller-kunstberatung\",\"https:\/\/www.youtube.com\/kunstberatungde\"]}]}<\/script>\n<!-- \/ Yoast SEO plugin. -->","yoast_head_json":{"title":"Eva Muellers Visionary Sunday Post 670 - Moralophobie | Eva Muellers Visionary Sunday Post","description":"Gutmensch ein \"Schimpfwort\", warum erkl\u00e4rt Autor J\u00f6rg-Uwe Albig in seinem Buch Moralophobie - Artikel in eva muellers visionary sunday post","robots":{"index":"index","follow":"follow","max-snippet":"max-snippet:-1","max-image-preview":"max-image-preview:large","max-video-preview":"max-video-preview:-1"},"canonical":"https:\/\/www.kunstberatung.de\/newsletter\/blog\/eva-muellers-visionary-sunday-post-670-moralophobie\/","og_locale":"de_DE","og_type":"article","og_title":"eva muellers visionary sunday post 670 - moralophobie | Eva Muellers Visionary Sunday Post","og_description":"Gutmensch ein \"Schimpfwort\", warum erkl\u00e4rt Autor J\u00f6rg-Uwe Albig in seinem Buch Moralophobie - Artikel in eva muellers visionary sunday post","og_url":"https:\/\/www.kunstberatung.de\/newsletter\/blog\/eva-muellers-visionary-sunday-post-670-moralophobie\/","og_site_name":"Eva Muellers Visionary Sunday Post","article_published_time":"2023-01-08T12:52:15+00:00","article_modified_time":"2023-01-08T12:52:17+00:00","og_image":[{"url":"https:\/\/www.kunstberatung.de\/newsletter\/wp-content\/uploads\/sites\/19\/2023\/01\/header-080123.jpg","type":"","width":"","height":""}],"author":"Eva Mueller","twitter_card":"summary_large_image","twitter_misc":{"Verfasst von":"Eva Mueller","Gesch\u00e4tzte Lesezeit":"1\u00a0Minute"},"schema":{"@context":"https:\/\/schema.org","@graph":[{"@type":"WebPage","@id":"https:\/\/www.kunstberatung.de\/newsletter\/blog\/eva-muellers-visionary-sunday-post-670-moralophobie\/","url":"https:\/\/www.kunstberatung.de\/newsletter\/blog\/eva-muellers-visionary-sunday-post-670-moralophobie\/","name":"eva muellers visionary sunday post 670 - moralophobie | Eva Muellers Visionary Sunday Post","isPartOf":{"@id":"https:\/\/www.kunstberatung.de\/newsletter\/#website"},"primaryImageOfPage":{"@id":"https:\/\/www.kunstberatung.de\/newsletter\/blog\/eva-muellers-visionary-sunday-post-670-moralophobie\/#primaryimage"},"image":{"@id":"https:\/\/www.kunstberatung.de\/newsletter\/blog\/eva-muellers-visionary-sunday-post-670-moralophobie\/#primaryimage"},"thumbnailUrl":"https:\/\/www.kunstberatung.de\/newsletter\/wp-content\/uploads\/sites\/19\/2023\/01\/header-080123.jpg","datePublished":"2023-01-08T12:52:15+00:00","dateModified":"2023-01-08T12:52:17+00:00","author":{"@id":"https:\/\/www.kunstberatung.de\/newsletter\/#\/schema\/person\/5956216e01d75d6ee2e332111165db0a"},"description":"Gutmensch ein \"Schimpfwort\", warum erkl\u00e4rt Autor J\u00f6rg-Uwe Albig in seinem Buch Moralophobie - Artikel in eva muellers visionary sunday post","inLanguage":"de","potentialAction":[{"@type":"ReadAction","target":["https:\/\/www.kunstberatung.de\/newsletter\/blog\/eva-muellers-visionary-sunday-post-670-moralophobie\/"]}]},{"@type":"ImageObject","inLanguage":"de","@id":"https:\/\/www.kunstberatung.de\/newsletter\/blog\/eva-muellers-visionary-sunday-post-670-moralophobie\/#primaryimage","url":"https:\/\/www.kunstberatung.de\/newsletter\/wp-content\/uploads\/sites\/19\/2023\/01\/header-080123.jpg","contentUrl":"https:\/\/www.kunstberatung.de\/newsletter\/wp-content\/uploads\/sites\/19\/2023\/01\/header-080123.jpg","width":1200,"height":627},{"@type":"WebSite","@id":"https:\/\/www.kunstberatung.de\/newsletter\/#website","url":"https:\/\/www.kunstberatung.de\/newsletter\/","name":"Eva Muellers Visionary Sunday Post","description":"Eva Mueller Kunstberatung","potentialAction":[{"@type":"SearchAction","target":{"@type":"EntryPoint","urlTemplate":"https:\/\/www.kunstberatung.de\/newsletter\/?s={search_term_string}"},"query-input":{"@type":"PropertyValueSpecification","valueRequired":true,"valueName":"search_term_string"}}],"inLanguage":"de"},{"@type":"Person","@id":"https:\/\/www.kunstberatung.de\/newsletter\/#\/schema\/person\/5956216e01d75d6ee2e332111165db0a","name":"Eva Mueller","sameAs":["https:\/\/www.kunstberatung.de","https:\/\/de.linkedin.com\/in\/eva-mueller-kunstberatung","https:\/\/www.youtube.com\/kunstberatungde"]}]}},"acf":[],"_links":{"self":[{"href":"https:\/\/www.kunstberatung.de\/newsletter\/wp-json\/wp\/v2\/posts\/5965","targetHints":{"allow":["GET"]}}],"collection":[{"href":"https:\/\/www.kunstberatung.de\/newsletter\/wp-json\/wp\/v2\/posts"}],"about":[{"href":"https:\/\/www.kunstberatung.de\/newsletter\/wp-json\/wp\/v2\/types\/post"}],"author":[{"embeddable":true,"href":"https:\/\/www.kunstberatung.de\/newsletter\/wp-json\/wp\/v2\/users\/2"}],"replies":[{"embeddable":true,"href":"https:\/\/www.kunstberatung.de\/newsletter\/wp-json\/wp\/v2\/comments?post=5965"}],"version-history":[{"count":0,"href":"https:\/\/www.kunstberatung.de\/newsletter\/wp-json\/wp\/v2\/posts\/5965\/revisions"}],"wp:attachment":[{"href":"https:\/\/www.kunstberatung.de\/newsletter\/wp-json\/wp\/v2\/media?parent=5965"}],"wp:term":[{"taxonomy":"category","embeddable":true,"href":"https:\/\/www.kunstberatung.de\/newsletter\/wp-json\/wp\/v2\/categories?post=5965"},{"taxonomy":"post_tag","embeddable":true,"href":"https:\/\/www.kunstberatung.de\/newsletter\/wp-json\/wp\/v2\/tags?post=5965"}],"curies":[{"name":"wp","href":"https:\/\/api.w.org\/{rel}","templated":true}]}}