{"id":5892,"date":"2022-09-18T08:00:07","date_gmt":"2022-09-18T06:00:07","guid":{"rendered":"https:\/\/www.kunstberatung.de\/newsletter\/?p=5892"},"modified":"2022-09-09T13:56:02","modified_gmt":"2022-09-09T11:56:02","slug":"eva-muellers-visionary-sunday-post-654-korea","status":"publish","type":"post","link":"https:\/\/www.kunstberatung.de\/newsletter\/blog\/eva-muellers-visionary-sunday-post-654-korea\/","title":{"rendered":"eva muellers visionary sunday post 654 &#8211; korea"},"content":{"rendered":"<p>Ich bin gerade noch f\u00fcr zwei F\u00fchrungen auf der Biennale in Venedig. Die Gelegenheit Ihnen diese und n\u00e4chste Woche interessante Einblicke zu geben.<\/p>\n<p>Der (s\u00fcd-)koreanische Pavillon bot schon in den Vorjahren h\u00e4ufig vision\u00e4re Zukunftsprojekte die Technik und Kunst verbinden. Auf diesem Gebiet gibt es vieles, das nach meiner Beurteilung kurzfristig gehypt wird. Und schnell wieder verschwindet. Weil ohne wirkliche Substanz.<\/p>\n<p>Der K\u00fcnstler Yunhul Kim verbindet in seinen Arbeiten Kompositionen elektroakustischer Musik mit kinetischen Objekten. Kosmische Ereignisse und computergesteuerte Installationen geh\u00f6ren bei ihm ganz selbstverst\u00e4ndlich zusammen. Empfindungen k\u00f6nnen sich wie materielle Ereignisse in etwas anderes verwandeln, je nachdem wie wir sie betrachten.<\/p>\n<p>Seine skulpturalen Werke in Venedig faszinieren visuell und intellektuell. Im Hauptraum des Pavillons begegnet uns \u201eChroma\u201c eine 50 Meter lange, schlangenartige Struktur. Die Kurven der Knoten wurden mathematisch erzeugt, durch physikalische Algorithmen bestimmt. Wie die Schuppen eines Drachen bewegen sich 382 Zellen durch eine mikroskopische Verformung der hochtransparenten Laminatpolymeren \u00fcber eine kinetische Vorrichtung. Dadurch ver\u00e4ndern sich Helligkeit und Farbe.<\/p>\n<p>Ein weiteres Werk im Raum sp\u00fcrt \u00fcber einen Teilchendetektor in Echtzeit Myonen auf. Das sind kosmische Teilchen, die beim Aufprall auf die Erdatmosph\u00e4re entstehen. So wird die Bewegung der Zellen von \u201eChroma\u201c beeinflusst.<\/p>\n<p>Das klingt alles hochkomplex und f\u00fcr Laien (wie mich) nur schwer verst\u00e4ndlich. Spricht damit aber ganz unterschiedliche Betrachter:innen an. Diejenigen, die sich f\u00fcr neueste Technik interessieren. Und jene, die unabh\u00e4ngig von jeder Erkl\u00e4rung k\u00fcnstlerisch-\u00e4sthetische Inspiration sch\u00e4tzen.<\/p>\n<p>Mit begeisterten Gr\u00fcssen<br \/>\nIhre Eva Mueller<\/p>\n<p>&nbsp;<\/p>\n<p><img loading=\"lazy\" decoding=\"async\" class=\"aligncenter size-full wp-image-5893\" src=\"https:\/\/www.kunstberatung.de\/newsletter\/wp-content\/uploads\/sites\/19\/2022\/09\/180922_header_emkb.jpg\" alt=\"\" width=\"1200\" height=\"627\" srcset=\"https:\/\/www.kunstberatung.de\/newsletter\/wp-content\/uploads\/sites\/19\/2022\/09\/180922_header_emkb.jpg 1200w, https:\/\/www.kunstberatung.de\/newsletter\/wp-content\/uploads\/sites\/19\/2022\/09\/180922_header_emkb-768x401.jpg 768w\" sizes=\"auto, (max-width: 1200px) 100vw, 1200px\" \/><\/p>\n<p>Abb: Blick in den koreanischen Pavillon, Foto Roman M\u00e4rz. Im Vordergrund ist \u201eChroma\u201c zu sehen.<\/p>\n","protected":false},"excerpt":{"rendered":"<p>Ich bin gerade noch f\u00fcr zwei F\u00fchrungen auf der Biennale in Venedig. Die Gelegenheit Ihnen diese und n\u00e4chste Woche interessante Einblicke zu geben. Der (s\u00fcd-)koreanische Pavillon bot schon in den Vorjahren h\u00e4ufig vision\u00e4re Zukunftsprojekte die Technik und Kunst verbinden. Auf diesem Gebiet gibt es vieles, das nach meiner Beurteilung kurzfristig gehypt wird. Und schnell wieder [&hellip;]<\/p>\n","protected":false},"author":2,"featured_media":0,"comment_status":"closed","ping_status":"closed","sticky":false,"template":"","format":"standard","meta":{"_acf_changed":false,"footnotes":""},"categories":[2],"tags":[],"class_list":["post-5892","post","type-post","status-publish","format-standard","hentry","category-blog"],"yoast_head":"<!-- This site is optimized with the Yoast SEO plugin v26.6 - https:\/\/yoast.com\/wordpress\/plugins\/seo\/ -->\n<title>Eva Muellers Visionary Sunday Post 654 - Korea | Eva Muellers Visionary Sunday Post<\/title>\n<meta name=\"robots\" content=\"index, follow, max-snippet:-1, max-image-preview:large, max-video-preview:-1\" \/>\n<link rel=\"canonical\" href=\"https:\/\/www.kunstberatung.de\/newsletter\/blog\/eva-muellers-visionary-sunday-post-654-korea\/\" \/>\n<meta property=\"og:locale\" content=\"de_DE\" \/>\n<meta property=\"og:type\" content=\"article\" \/>\n<meta property=\"og:title\" content=\"eva muellers visionary sunday post 654 - korea | Eva Muellers Visionary Sunday Post\" \/>\n<meta property=\"og:description\" content=\"Ich bin gerade noch f\u00fcr zwei F\u00fchrungen auf der Biennale in Venedig. Die Gelegenheit Ihnen diese und n\u00e4chste Woche interessante Einblicke zu geben. Der (s\u00fcd-)koreanische Pavillon bot schon in den Vorjahren h\u00e4ufig vision\u00e4re Zukunftsprojekte die Technik und Kunst verbinden. Auf diesem Gebiet gibt es vieles, das nach meiner Beurteilung kurzfristig gehypt wird. Und schnell wieder [&hellip;]\" \/>\n<meta property=\"og:url\" content=\"https:\/\/www.kunstberatung.de\/newsletter\/blog\/eva-muellers-visionary-sunday-post-654-korea\/\" \/>\n<meta property=\"og:site_name\" content=\"Eva Muellers Visionary Sunday Post\" \/>\n<meta property=\"article:published_time\" content=\"2022-09-18T06:00:07+00:00\" \/>\n<meta property=\"og:image\" content=\"https:\/\/www.kunstberatung.de\/newsletter\/wp-content\/uploads\/sites\/19\/2022\/09\/180922_header_emkb.jpg\" \/>\n<meta name=\"author\" content=\"Eva Mueller\" \/>\n<meta name=\"twitter:card\" content=\"summary_large_image\" \/>\n<meta name=\"twitter:label1\" content=\"Verfasst von\" \/>\n\t<meta name=\"twitter:data1\" content=\"Eva Mueller\" \/>\n\t<meta name=\"twitter:label2\" content=\"Gesch\u00e4tzte Lesezeit\" \/>\n\t<meta name=\"twitter:data2\" content=\"1\u00a0Minute\" \/>\n<script type=\"application\/ld+json\" class=\"yoast-schema-graph\">{\"@context\":\"https:\/\/schema.org\",\"@graph\":[{\"@type\":\"WebPage\",\"@id\":\"https:\/\/www.kunstberatung.de\/newsletter\/blog\/eva-muellers-visionary-sunday-post-654-korea\/\",\"url\":\"https:\/\/www.kunstberatung.de\/newsletter\/blog\/eva-muellers-visionary-sunday-post-654-korea\/\",\"name\":\"eva muellers visionary sunday post 654 - korea | Eva Muellers Visionary Sunday Post\",\"isPartOf\":{\"@id\":\"https:\/\/www.kunstberatung.de\/newsletter\/#website\"},\"primaryImageOfPage\":{\"@id\":\"https:\/\/www.kunstberatung.de\/newsletter\/blog\/eva-muellers-visionary-sunday-post-654-korea\/#primaryimage\"},\"image\":{\"@id\":\"https:\/\/www.kunstberatung.de\/newsletter\/blog\/eva-muellers-visionary-sunday-post-654-korea\/#primaryimage\"},\"thumbnailUrl\":\"https:\/\/www.kunstberatung.de\/newsletter\/wp-content\/uploads\/sites\/19\/2022\/09\/180922_header_emkb.jpg\",\"datePublished\":\"2022-09-18T06:00:07+00:00\",\"author\":{\"@id\":\"https:\/\/www.kunstberatung.de\/newsletter\/#\/schema\/person\/5956216e01d75d6ee2e332111165db0a\"},\"inLanguage\":\"de\",\"potentialAction\":[{\"@type\":\"ReadAction\",\"target\":[\"https:\/\/www.kunstberatung.de\/newsletter\/blog\/eva-muellers-visionary-sunday-post-654-korea\/\"]}]},{\"@type\":\"ImageObject\",\"inLanguage\":\"de\",\"@id\":\"https:\/\/www.kunstberatung.de\/newsletter\/blog\/eva-muellers-visionary-sunday-post-654-korea\/#primaryimage\",\"url\":\"https:\/\/www.kunstberatung.de\/newsletter\/wp-content\/uploads\/sites\/19\/2022\/09\/180922_header_emkb.jpg\",\"contentUrl\":\"https:\/\/www.kunstberatung.de\/newsletter\/wp-content\/uploads\/sites\/19\/2022\/09\/180922_header_emkb.jpg\",\"width\":1200,\"height\":627,\"caption\":\"eva muellers visionary sunday post berichtet \u00fcber den pavillon von korea auf der biennale in venedig\"},{\"@type\":\"WebSite\",\"@id\":\"https:\/\/www.kunstberatung.de\/newsletter\/#website\",\"url\":\"https:\/\/www.kunstberatung.de\/newsletter\/\",\"name\":\"Eva Muellers Visionary Sunday Post\",\"description\":\"Eva Mueller Kunstberatung\",\"potentialAction\":[{\"@type\":\"SearchAction\",\"target\":{\"@type\":\"EntryPoint\",\"urlTemplate\":\"https:\/\/www.kunstberatung.de\/newsletter\/?s={search_term_string}\"},\"query-input\":{\"@type\":\"PropertyValueSpecification\",\"valueRequired\":true,\"valueName\":\"search_term_string\"}}],\"inLanguage\":\"de\"},{\"@type\":\"Person\",\"@id\":\"https:\/\/www.kunstberatung.de\/newsletter\/#\/schema\/person\/5956216e01d75d6ee2e332111165db0a\",\"name\":\"Eva Mueller\",\"sameAs\":[\"https:\/\/www.kunstberatung.de\",\"https:\/\/de.linkedin.com\/in\/eva-mueller-kunstberatung\",\"https:\/\/www.youtube.com\/kunstberatungde\"]}]}<\/script>\n<!-- \/ Yoast SEO plugin. -->","yoast_head_json":{"title":"Eva Muellers Visionary Sunday Post 654 - Korea | Eva Muellers Visionary Sunday Post","robots":{"index":"index","follow":"follow","max-snippet":"max-snippet:-1","max-image-preview":"max-image-preview:large","max-video-preview":"max-video-preview:-1"},"canonical":"https:\/\/www.kunstberatung.de\/newsletter\/blog\/eva-muellers-visionary-sunday-post-654-korea\/","og_locale":"de_DE","og_type":"article","og_title":"eva muellers visionary sunday post 654 - korea | Eva Muellers Visionary Sunday Post","og_description":"Ich bin gerade noch f\u00fcr zwei F\u00fchrungen auf der Biennale in Venedig. Die Gelegenheit Ihnen diese und n\u00e4chste Woche interessante Einblicke zu geben. Der (s\u00fcd-)koreanische Pavillon bot schon in den Vorjahren h\u00e4ufig vision\u00e4re Zukunftsprojekte die Technik und Kunst verbinden. Auf diesem Gebiet gibt es vieles, das nach meiner Beurteilung kurzfristig gehypt wird. Und schnell wieder [&hellip;]","og_url":"https:\/\/www.kunstberatung.de\/newsletter\/blog\/eva-muellers-visionary-sunday-post-654-korea\/","og_site_name":"Eva Muellers Visionary Sunday Post","article_published_time":"2022-09-18T06:00:07+00:00","og_image":[{"url":"https:\/\/www.kunstberatung.de\/newsletter\/wp-content\/uploads\/sites\/19\/2022\/09\/180922_header_emkb.jpg","type":"","width":"","height":""}],"author":"Eva Mueller","twitter_card":"summary_large_image","twitter_misc":{"Verfasst von":"Eva Mueller","Gesch\u00e4tzte Lesezeit":"1\u00a0Minute"},"schema":{"@context":"https:\/\/schema.org","@graph":[{"@type":"WebPage","@id":"https:\/\/www.kunstberatung.de\/newsletter\/blog\/eva-muellers-visionary-sunday-post-654-korea\/","url":"https:\/\/www.kunstberatung.de\/newsletter\/blog\/eva-muellers-visionary-sunday-post-654-korea\/","name":"eva muellers visionary sunday post 654 - korea | Eva Muellers Visionary Sunday Post","isPartOf":{"@id":"https:\/\/www.kunstberatung.de\/newsletter\/#website"},"primaryImageOfPage":{"@id":"https:\/\/www.kunstberatung.de\/newsletter\/blog\/eva-muellers-visionary-sunday-post-654-korea\/#primaryimage"},"image":{"@id":"https:\/\/www.kunstberatung.de\/newsletter\/blog\/eva-muellers-visionary-sunday-post-654-korea\/#primaryimage"},"thumbnailUrl":"https:\/\/www.kunstberatung.de\/newsletter\/wp-content\/uploads\/sites\/19\/2022\/09\/180922_header_emkb.jpg","datePublished":"2022-09-18T06:00:07+00:00","author":{"@id":"https:\/\/www.kunstberatung.de\/newsletter\/#\/schema\/person\/5956216e01d75d6ee2e332111165db0a"},"inLanguage":"de","potentialAction":[{"@type":"ReadAction","target":["https:\/\/www.kunstberatung.de\/newsletter\/blog\/eva-muellers-visionary-sunday-post-654-korea\/"]}]},{"@type":"ImageObject","inLanguage":"de","@id":"https:\/\/www.kunstberatung.de\/newsletter\/blog\/eva-muellers-visionary-sunday-post-654-korea\/#primaryimage","url":"https:\/\/www.kunstberatung.de\/newsletter\/wp-content\/uploads\/sites\/19\/2022\/09\/180922_header_emkb.jpg","contentUrl":"https:\/\/www.kunstberatung.de\/newsletter\/wp-content\/uploads\/sites\/19\/2022\/09\/180922_header_emkb.jpg","width":1200,"height":627,"caption":"eva muellers visionary sunday post berichtet \u00fcber den pavillon von korea auf der biennale in venedig"},{"@type":"WebSite","@id":"https:\/\/www.kunstberatung.de\/newsletter\/#website","url":"https:\/\/www.kunstberatung.de\/newsletter\/","name":"Eva Muellers Visionary Sunday Post","description":"Eva Mueller Kunstberatung","potentialAction":[{"@type":"SearchAction","target":{"@type":"EntryPoint","urlTemplate":"https:\/\/www.kunstberatung.de\/newsletter\/?s={search_term_string}"},"query-input":{"@type":"PropertyValueSpecification","valueRequired":true,"valueName":"search_term_string"}}],"inLanguage":"de"},{"@type":"Person","@id":"https:\/\/www.kunstberatung.de\/newsletter\/#\/schema\/person\/5956216e01d75d6ee2e332111165db0a","name":"Eva Mueller","sameAs":["https:\/\/www.kunstberatung.de","https:\/\/de.linkedin.com\/in\/eva-mueller-kunstberatung","https:\/\/www.youtube.com\/kunstberatungde"]}]}},"acf":[],"_links":{"self":[{"href":"https:\/\/www.kunstberatung.de\/newsletter\/wp-json\/wp\/v2\/posts\/5892","targetHints":{"allow":["GET"]}}],"collection":[{"href":"https:\/\/www.kunstberatung.de\/newsletter\/wp-json\/wp\/v2\/posts"}],"about":[{"href":"https:\/\/www.kunstberatung.de\/newsletter\/wp-json\/wp\/v2\/types\/post"}],"author":[{"embeddable":true,"href":"https:\/\/www.kunstberatung.de\/newsletter\/wp-json\/wp\/v2\/users\/2"}],"replies":[{"embeddable":true,"href":"https:\/\/www.kunstberatung.de\/newsletter\/wp-json\/wp\/v2\/comments?post=5892"}],"version-history":[{"count":0,"href":"https:\/\/www.kunstberatung.de\/newsletter\/wp-json\/wp\/v2\/posts\/5892\/revisions"}],"wp:attachment":[{"href":"https:\/\/www.kunstberatung.de\/newsletter\/wp-json\/wp\/v2\/media?parent=5892"}],"wp:term":[{"taxonomy":"category","embeddable":true,"href":"https:\/\/www.kunstberatung.de\/newsletter\/wp-json\/wp\/v2\/categories?post=5892"},{"taxonomy":"post_tag","embeddable":true,"href":"https:\/\/www.kunstberatung.de\/newsletter\/wp-json\/wp\/v2\/tags?post=5892"}],"curies":[{"name":"wp","href":"https:\/\/api.w.org\/{rel}","templated":true}]}}