{"id":5875,"date":"2022-09-09T13:37:37","date_gmt":"2022-09-09T11:37:37","guid":{"rendered":"https:\/\/www.kunstberatung.de\/newsletter\/?p=5875"},"modified":"2022-09-09T13:39:56","modified_gmt":"2022-09-09T11:39:56","slug":"eva-muellers-visionary-sunday-post-652-geschichte-der-askanier","status":"publish","type":"post","link":"https:\/\/www.kunstberatung.de\/newsletter\/blog\/eva-muellers-visionary-sunday-post-652-geschichte-der-askanier\/","title":{"rendered":"eva muellers visionary sunday post 652 &#8211; geschichte der askanier"},"content":{"rendered":"<p>DIE GESCHICHTE DER ASKANIER<\/p>\n<p>Jetzt sind wir in Wittenberg angelangt. Und entdecken die Geschichte der Askanier.<\/p>\n<p>Bei Bauarbeiten wurde 2009 die Grabst\u00e4tte des Herzogs Rudolf II von Sachsen-Wittenberg gefunden. Bis dahin war wohl nicht klar, dass dieses alts\u00e4chsische Adelshaus hier verortet war.<\/p>\n<p>Ihren Namen verdanken sie der lateinischen Version ihrer urspr\u00fcnglichen Burg auf Aschersleben. Am bekanntesten ist wohl Albrecht der B\u00e4r, der im Mittelalter grosse Teile Slawiens eroberte und die Mark Brandenburg gr\u00fcndete. Nach seinem Tod teilten sich vier S\u00f6hne die umfangreichen L\u00e4ndereien.<\/p>\n<p>Damit gab es auch ein Haus \u201eAnhalt\u201c. Das bis heute besteht. Mit Ende der Monarchie gr\u00fcndete sich der Freistaat Anhalt, seit 1947 Sachsen-Anhalt.<\/p>\n<p>In der Klosterkirche Wittenberg wird die Geschichte der Askanier mit Lichtinstallationen und Projektionen lebendig. Und wir reisen durch die Zeit des 13. Jh.<\/p>\n<p>Mit herzlichem Gruss<\/p>\n<p>Ihre Eva Mueller<\/p>\n<p>&nbsp;<\/p>\n<p>Zur Geschichte der Ausgrabung und dem neuen Stadtquartier, das damit entstand, gibt es ein Video: <a href=\"https:\/\/www.youtube.com\/watch?v=amN77aQ8MVo&amp;t=4s\">https:\/\/www.youtube.com\/watch?v=amN77aQ8MVo&amp;t=4s<\/a><\/p>\n<p><img loading=\"lazy\" decoding=\"async\" class=\"aligncenter size-full wp-image-5879\" src=\"https:\/\/www.kunstberatung.de\/newsletter\/wp-content\/uploads\/sites\/19\/2022\/09\/header_040922_emkb.jpg\" alt=\"\" width=\"1200\" height=\"627\" srcset=\"https:\/\/www.kunstberatung.de\/newsletter\/wp-content\/uploads\/sites\/19\/2022\/09\/header_040922_emkb.jpg 1200w, https:\/\/www.kunstberatung.de\/newsletter\/wp-content\/uploads\/sites\/19\/2022\/09\/header_040922_emkb-768x401.jpg 768w\" sizes=\"auto, (max-width: 1200px) 100vw, 1200px\" \/><\/p>\n<p>Abb. im Header: Lichtinstallation in der Klosterkirche Wittenberg zur Geschichte der Askanier<\/p>\n<p>&nbsp;<\/p>\n","protected":false},"excerpt":{"rendered":"<p>DIE GESCHICHTE DER ASKANIER Jetzt sind wir in Wittenberg angelangt. Und entdecken die Geschichte der Askanier. Bei Bauarbeiten wurde 2009 die Grabst\u00e4tte des Herzogs Rudolf II von Sachsen-Wittenberg gefunden. Bis dahin war wohl nicht klar, dass dieses alts\u00e4chsische Adelshaus hier verortet war. Ihren Namen verdanken sie der lateinischen Version ihrer urspr\u00fcnglichen Burg auf Aschersleben. Am [&hellip;]<\/p>\n","protected":false},"author":2,"featured_media":0,"comment_status":"closed","ping_status":"closed","sticky":false,"template":"","format":"standard","meta":{"_acf_changed":false,"footnotes":""},"categories":[2],"tags":[],"class_list":["post-5875","post","type-post","status-publish","format-standard","hentry","category-blog"],"yoast_head":"<!-- This site is optimized with the Yoast SEO plugin v26.6 - https:\/\/yoast.com\/wordpress\/plugins\/seo\/ -->\n<title>Eva Muellers Visionary Sunday Post 652 - Geschichte Der Askanier | Eva Muellers Visionary Sunday Post<\/title>\n<meta name=\"description\" content=\"In der Klosterkirche Wittenberg wird die Geschichte der Askanier mit Lichtinstallationen und Projektionen anschaulich erz\u00e4hlt\" \/>\n<meta name=\"robots\" content=\"index, follow, max-snippet:-1, max-image-preview:large, max-video-preview:-1\" \/>\n<link rel=\"canonical\" href=\"https:\/\/www.kunstberatung.de\/newsletter\/blog\/eva-muellers-visionary-sunday-post-652-geschichte-der-askanier\/\" \/>\n<meta property=\"og:locale\" content=\"de_DE\" \/>\n<meta property=\"og:type\" content=\"article\" \/>\n<meta property=\"og:title\" content=\"eva muellers visionary sunday post 652 - geschichte der askanier | Eva Muellers Visionary Sunday Post\" \/>\n<meta property=\"og:description\" content=\"In der Klosterkirche Wittenberg wird die Geschichte der Askanier mit Lichtinstallationen und Projektionen anschaulich erz\u00e4hlt\" \/>\n<meta property=\"og:url\" content=\"https:\/\/www.kunstberatung.de\/newsletter\/blog\/eva-muellers-visionary-sunday-post-652-geschichte-der-askanier\/\" \/>\n<meta property=\"og:site_name\" content=\"Eva Muellers Visionary Sunday Post\" \/>\n<meta property=\"article:published_time\" content=\"2022-09-09T11:37:37+00:00\" \/>\n<meta property=\"article:modified_time\" content=\"2022-09-09T11:39:56+00:00\" \/>\n<meta property=\"og:image\" content=\"https:\/\/www.kunstberatung.de\/newsletter\/wp-content\/uploads\/sites\/19\/2022\/09\/header_040922_emkb.jpg\" \/>\n<meta name=\"author\" content=\"Eva Mueller\" \/>\n<meta name=\"twitter:card\" content=\"summary_large_image\" \/>\n<meta name=\"twitter:label1\" content=\"Verfasst von\" \/>\n\t<meta name=\"twitter:data1\" content=\"Eva Mueller\" \/>\n\t<meta name=\"twitter:label2\" content=\"Gesch\u00e4tzte Lesezeit\" \/>\n\t<meta name=\"twitter:data2\" content=\"1\u00a0Minute\" \/>\n<script type=\"application\/ld+json\" class=\"yoast-schema-graph\">{\"@context\":\"https:\/\/schema.org\",\"@graph\":[{\"@type\":\"WebPage\",\"@id\":\"https:\/\/www.kunstberatung.de\/newsletter\/blog\/eva-muellers-visionary-sunday-post-652-geschichte-der-askanier\/\",\"url\":\"https:\/\/www.kunstberatung.de\/newsletter\/blog\/eva-muellers-visionary-sunday-post-652-geschichte-der-askanier\/\",\"name\":\"eva muellers visionary sunday post 652 - geschichte der askanier | Eva Muellers Visionary Sunday Post\",\"isPartOf\":{\"@id\":\"https:\/\/www.kunstberatung.de\/newsletter\/#website\"},\"primaryImageOfPage\":{\"@id\":\"https:\/\/www.kunstberatung.de\/newsletter\/blog\/eva-muellers-visionary-sunday-post-652-geschichte-der-askanier\/#primaryimage\"},\"image\":{\"@id\":\"https:\/\/www.kunstberatung.de\/newsletter\/blog\/eva-muellers-visionary-sunday-post-652-geschichte-der-askanier\/#primaryimage\"},\"thumbnailUrl\":\"https:\/\/www.kunstberatung.de\/newsletter\/wp-content\/uploads\/sites\/19\/2022\/09\/header_040922_emkb.jpg\",\"datePublished\":\"2022-09-09T11:37:37+00:00\",\"dateModified\":\"2022-09-09T11:39:56+00:00\",\"author\":{\"@id\":\"https:\/\/www.kunstberatung.de\/newsletter\/#\/schema\/person\/5956216e01d75d6ee2e332111165db0a\"},\"description\":\"In der Klosterkirche Wittenberg wird die Geschichte der Askanier mit Lichtinstallationen und Projektionen anschaulich erz\u00e4hlt\",\"inLanguage\":\"de\",\"potentialAction\":[{\"@type\":\"ReadAction\",\"target\":[\"https:\/\/www.kunstberatung.de\/newsletter\/blog\/eva-muellers-visionary-sunday-post-652-geschichte-der-askanier\/\"]}]},{\"@type\":\"ImageObject\",\"inLanguage\":\"de\",\"@id\":\"https:\/\/www.kunstberatung.de\/newsletter\/blog\/eva-muellers-visionary-sunday-post-652-geschichte-der-askanier\/#primaryimage\",\"url\":\"https:\/\/www.kunstberatung.de\/newsletter\/wp-content\/uploads\/sites\/19\/2022\/09\/header_040922_emkb.jpg\",\"contentUrl\":\"https:\/\/www.kunstberatung.de\/newsletter\/wp-content\/uploads\/sites\/19\/2022\/09\/header_040922_emkb.jpg\",\"width\":1200,\"height\":627,\"caption\":\"Lichtshow Klosterkirche Wittenberg, Geschichte der Askanier\"},{\"@type\":\"WebSite\",\"@id\":\"https:\/\/www.kunstberatung.de\/newsletter\/#website\",\"url\":\"https:\/\/www.kunstberatung.de\/newsletter\/\",\"name\":\"Eva Muellers Visionary Sunday Post\",\"description\":\"Eva Mueller Kunstberatung\",\"potentialAction\":[{\"@type\":\"SearchAction\",\"target\":{\"@type\":\"EntryPoint\",\"urlTemplate\":\"https:\/\/www.kunstberatung.de\/newsletter\/?s={search_term_string}\"},\"query-input\":{\"@type\":\"PropertyValueSpecification\",\"valueRequired\":true,\"valueName\":\"search_term_string\"}}],\"inLanguage\":\"de\"},{\"@type\":\"Person\",\"@id\":\"https:\/\/www.kunstberatung.de\/newsletter\/#\/schema\/person\/5956216e01d75d6ee2e332111165db0a\",\"name\":\"Eva Mueller\",\"sameAs\":[\"https:\/\/www.kunstberatung.de\",\"https:\/\/de.linkedin.com\/in\/eva-mueller-kunstberatung\",\"https:\/\/www.youtube.com\/kunstberatungde\"]}]}<\/script>\n<!-- \/ Yoast SEO plugin. -->","yoast_head_json":{"title":"Eva Muellers Visionary Sunday Post 652 - Geschichte Der Askanier | Eva Muellers Visionary Sunday Post","description":"In der Klosterkirche Wittenberg wird die Geschichte der Askanier mit Lichtinstallationen und Projektionen anschaulich erz\u00e4hlt","robots":{"index":"index","follow":"follow","max-snippet":"max-snippet:-1","max-image-preview":"max-image-preview:large","max-video-preview":"max-video-preview:-1"},"canonical":"https:\/\/www.kunstberatung.de\/newsletter\/blog\/eva-muellers-visionary-sunday-post-652-geschichte-der-askanier\/","og_locale":"de_DE","og_type":"article","og_title":"eva muellers visionary sunday post 652 - geschichte der askanier | Eva Muellers Visionary Sunday Post","og_description":"In der Klosterkirche Wittenberg wird die Geschichte der Askanier mit Lichtinstallationen und Projektionen anschaulich erz\u00e4hlt","og_url":"https:\/\/www.kunstberatung.de\/newsletter\/blog\/eva-muellers-visionary-sunday-post-652-geschichte-der-askanier\/","og_site_name":"Eva Muellers Visionary Sunday Post","article_published_time":"2022-09-09T11:37:37+00:00","article_modified_time":"2022-09-09T11:39:56+00:00","og_image":[{"url":"https:\/\/www.kunstberatung.de\/newsletter\/wp-content\/uploads\/sites\/19\/2022\/09\/header_040922_emkb.jpg","type":"","width":"","height":""}],"author":"Eva Mueller","twitter_card":"summary_large_image","twitter_misc":{"Verfasst von":"Eva Mueller","Gesch\u00e4tzte Lesezeit":"1\u00a0Minute"},"schema":{"@context":"https:\/\/schema.org","@graph":[{"@type":"WebPage","@id":"https:\/\/www.kunstberatung.de\/newsletter\/blog\/eva-muellers-visionary-sunday-post-652-geschichte-der-askanier\/","url":"https:\/\/www.kunstberatung.de\/newsletter\/blog\/eva-muellers-visionary-sunday-post-652-geschichte-der-askanier\/","name":"eva muellers visionary sunday post 652 - geschichte der askanier | Eva Muellers Visionary Sunday Post","isPartOf":{"@id":"https:\/\/www.kunstberatung.de\/newsletter\/#website"},"primaryImageOfPage":{"@id":"https:\/\/www.kunstberatung.de\/newsletter\/blog\/eva-muellers-visionary-sunday-post-652-geschichte-der-askanier\/#primaryimage"},"image":{"@id":"https:\/\/www.kunstberatung.de\/newsletter\/blog\/eva-muellers-visionary-sunday-post-652-geschichte-der-askanier\/#primaryimage"},"thumbnailUrl":"https:\/\/www.kunstberatung.de\/newsletter\/wp-content\/uploads\/sites\/19\/2022\/09\/header_040922_emkb.jpg","datePublished":"2022-09-09T11:37:37+00:00","dateModified":"2022-09-09T11:39:56+00:00","author":{"@id":"https:\/\/www.kunstberatung.de\/newsletter\/#\/schema\/person\/5956216e01d75d6ee2e332111165db0a"},"description":"In der Klosterkirche Wittenberg wird die Geschichte der Askanier mit Lichtinstallationen und Projektionen anschaulich erz\u00e4hlt","inLanguage":"de","potentialAction":[{"@type":"ReadAction","target":["https:\/\/www.kunstberatung.de\/newsletter\/blog\/eva-muellers-visionary-sunday-post-652-geschichte-der-askanier\/"]}]},{"@type":"ImageObject","inLanguage":"de","@id":"https:\/\/www.kunstberatung.de\/newsletter\/blog\/eva-muellers-visionary-sunday-post-652-geschichte-der-askanier\/#primaryimage","url":"https:\/\/www.kunstberatung.de\/newsletter\/wp-content\/uploads\/sites\/19\/2022\/09\/header_040922_emkb.jpg","contentUrl":"https:\/\/www.kunstberatung.de\/newsletter\/wp-content\/uploads\/sites\/19\/2022\/09\/header_040922_emkb.jpg","width":1200,"height":627,"caption":"Lichtshow Klosterkirche Wittenberg, Geschichte der Askanier"},{"@type":"WebSite","@id":"https:\/\/www.kunstberatung.de\/newsletter\/#website","url":"https:\/\/www.kunstberatung.de\/newsletter\/","name":"Eva Muellers Visionary Sunday Post","description":"Eva Mueller Kunstberatung","potentialAction":[{"@type":"SearchAction","target":{"@type":"EntryPoint","urlTemplate":"https:\/\/www.kunstberatung.de\/newsletter\/?s={search_term_string}"},"query-input":{"@type":"PropertyValueSpecification","valueRequired":true,"valueName":"search_term_string"}}],"inLanguage":"de"},{"@type":"Person","@id":"https:\/\/www.kunstberatung.de\/newsletter\/#\/schema\/person\/5956216e01d75d6ee2e332111165db0a","name":"Eva Mueller","sameAs":["https:\/\/www.kunstberatung.de","https:\/\/de.linkedin.com\/in\/eva-mueller-kunstberatung","https:\/\/www.youtube.com\/kunstberatungde"]}]}},"acf":[],"_links":{"self":[{"href":"https:\/\/www.kunstberatung.de\/newsletter\/wp-json\/wp\/v2\/posts\/5875","targetHints":{"allow":["GET"]}}],"collection":[{"href":"https:\/\/www.kunstberatung.de\/newsletter\/wp-json\/wp\/v2\/posts"}],"about":[{"href":"https:\/\/www.kunstberatung.de\/newsletter\/wp-json\/wp\/v2\/types\/post"}],"author":[{"embeddable":true,"href":"https:\/\/www.kunstberatung.de\/newsletter\/wp-json\/wp\/v2\/users\/2"}],"replies":[{"embeddable":true,"href":"https:\/\/www.kunstberatung.de\/newsletter\/wp-json\/wp\/v2\/comments?post=5875"}],"version-history":[{"count":0,"href":"https:\/\/www.kunstberatung.de\/newsletter\/wp-json\/wp\/v2\/posts\/5875\/revisions"}],"wp:attachment":[{"href":"https:\/\/www.kunstberatung.de\/newsletter\/wp-json\/wp\/v2\/media?parent=5875"}],"wp:term":[{"taxonomy":"category","embeddable":true,"href":"https:\/\/www.kunstberatung.de\/newsletter\/wp-json\/wp\/v2\/categories?post=5875"},{"taxonomy":"post_tag","embeddable":true,"href":"https:\/\/www.kunstberatung.de\/newsletter\/wp-json\/wp\/v2\/tags?post=5875"}],"curies":[{"name":"wp","href":"https:\/\/api.w.org\/{rel}","templated":true}]}}