{"id":5791,"date":"2022-06-09T22:07:55","date_gmt":"2022-06-09T20:07:55","guid":{"rendered":"https:\/\/www.kunstberatung.de\/newsletter\/?p=5791"},"modified":"2022-07-15T16:53:25","modified_gmt":"2022-07-15T14:53:25","slug":"mutletter-640-die-kunst-der-demokratie","status":"publish","type":"post","link":"https:\/\/www.kunstberatung.de\/newsletter\/blog\/mutletter-640-die-kunst-der-demokratie\/","title":{"rendered":"eva muellers visionary sunday post 640 &#8211; die kunst der demokratie"},"content":{"rendered":"<p>Claudia Roth, die neue Kulturstaatsministerin er\u00f6ffnete ihn mit deutlichen Worten, den diesj\u00e4hrigen 11. Kulturpolitischen Bundeskongress in Berlin. Und weil \u2013 zumindest f\u00fcr manche &#8211; die Demokratie kriselt, ging es um die Verbindung von Kunst und Demokratie. Wobei ich glaube, wir k\u00f6nnten uns nat\u00fcrlich genau so gut fragen, ob nicht die kriseln, die demokratische Prozesse anzweifeln?<\/p>\n<p>Dabei hat es sicher seine Berechtigung, \u00fcber \u201eKulturpolitik als Demokratiepolitik\u201c nachzudenken. Und Claudia Roth ging das Thema &#8211; wie immer &#8211; beherzt an: \u201eKultur ist keine verzichtbare Beigabe. Sie ist von existentieller Bedeutung. Kultur ist die Stimme der Demokratie. Ohne Kunst und Kultur ist alles stumm.\u201c<\/p>\n<p>Gerade kam sie ja von ihrem Besuch der alten Kulturstadt Odessa in der Ukraine zur\u00fcck. Ausdr\u00fccklich gew\u00e4hlt, weil sich hier besonders viele Denkm\u00e4ler, Museen und Kulturinitiativen befinden. Im Bewusstsein dieser Gef\u00e4hrdung hofft sie, dass uns deutlicher wird, wie unsere Demokratie auf unseren Einsatz und Schutz angewiesen ist.<\/p>\n<p>Die Kunst- und Kulturszene muss sich dazu auch an der eigenen Nase fassen. Viel breiter aufstellen. Mehr Zug\u00e4nge f\u00fcr unterschiedliche Bev\u00f6lkerungsgruppen schaffen. Das Kunst-Kauderwelsch abstellen. Ich freue mich zwar \u00fcber das Lob bei Vernissagen oder F\u00fchrungen f\u00fcr meine verst\u00e4ndlichen Einf\u00fchrungen. Aber zugleich macht es mich auch traurig. Das Defizit in diesem Bereich deutlich.<\/p>\n<p>Dies st\u00e4rker in den Fokus zu r\u00fccken ist auch ein Anliegen der Kulturpolitischen Gesellschaft e.V., die den Bundeskongress mitgestaltete.<\/p>\n<p>Mit herzlichen Gr\u00fcssen<br \/>\nIhre Eva Mueller<\/p>\n<figure id=\"attachment_5800\" aria-describedby=\"caption-attachment-5800\" style=\"width: 1200px\" class=\"wp-caption aligncenter\"><img loading=\"lazy\" decoding=\"async\" class=\"size-full wp-image-5800\" src=\"https:\/\/www.kunstberatung.de\/newsletter\/wp-content\/uploads\/sites\/19\/2022\/06\/120622_header_em.jpg\" alt=\"we are all in the same boat von banksy zu kunst und demokratie\" width=\"1200\" height=\"627\" srcset=\"https:\/\/www.kunstberatung.de\/newsletter\/wp-content\/uploads\/sites\/19\/2022\/06\/120622_header_em.jpg 1200w, https:\/\/www.kunstberatung.de\/newsletter\/wp-content\/uploads\/sites\/19\/2022\/06\/120622_header_em-768x401.jpg 768w\" sizes=\"auto, (max-width: 1200px) 100vw, 1200px\" \/><figcaption id=\"caption-attachment-5800\" class=\"wp-caption-text\">We are all in the same boat von Banksy in eva muellers visionary sunday post<\/figcaption><\/figure>\n","protected":false},"excerpt":{"rendered":"<p>Claudia Roth, die neue Kulturstaatsministerin er\u00f6ffnete ihn mit deutlichen Worten, den diesj\u00e4hrigen 11. Kulturpolitischen Bundeskongress in Berlin. Und weil \u2013 zumindest f\u00fcr manche &#8211; die Demokratie kriselt, ging es um die Verbindung von Kunst und Demokratie. Wobei ich glaube, wir k\u00f6nnten uns nat\u00fcrlich genau so gut fragen, ob nicht die kriseln, die demokratische Prozesse anzweifeln? [&hellip;]<\/p>\n","protected":false},"author":2,"featured_media":0,"comment_status":"closed","ping_status":"closed","sticky":false,"template":"","format":"standard","meta":{"_acf_changed":false,"footnotes":""},"categories":[2],"tags":[],"class_list":["post-5791","post","type-post","status-publish","format-standard","hentry","category-blog"],"yoast_head":"<!-- This site is optimized with the Yoast SEO plugin v26.6 - https:\/\/yoast.com\/wordpress\/plugins\/seo\/ -->\n<title>Eva Muellers Visionary Sunday Post 640 - Die Kunst Der Demokratie | Eva Muellers Visionary Sunday Post<\/title>\n<meta name=\"description\" content=\"Kulturstaatsministerin Claudia Roth er\u00f6ffnete den 11. Kulturpolitschen Bundeskongress 2022 zur Kunst der Demokratie\" \/>\n<meta name=\"robots\" content=\"index, follow, max-snippet:-1, max-image-preview:large, max-video-preview:-1\" \/>\n<link rel=\"canonical\" href=\"https:\/\/www.kunstberatung.de\/newsletter\/blog\/mutletter-640-die-kunst-der-demokratie\/\" \/>\n<meta property=\"og:locale\" content=\"de_DE\" \/>\n<meta property=\"og:type\" content=\"article\" \/>\n<meta property=\"og:title\" content=\"eva muellers visionary sunday post 640 - die kunst der demokratie | Eva Muellers Visionary Sunday Post\" \/>\n<meta property=\"og:description\" content=\"Kulturstaatsministerin Claudia Roth er\u00f6ffnete den 11. Kulturpolitschen Bundeskongress 2022 zur Kunst der Demokratie\" \/>\n<meta property=\"og:url\" content=\"https:\/\/www.kunstberatung.de\/newsletter\/blog\/mutletter-640-die-kunst-der-demokratie\/\" \/>\n<meta property=\"og:site_name\" content=\"Eva Muellers Visionary Sunday Post\" \/>\n<meta property=\"article:published_time\" content=\"2022-06-09T20:07:55+00:00\" \/>\n<meta property=\"article:modified_time\" content=\"2022-07-15T14:53:25+00:00\" \/>\n<meta property=\"og:image\" content=\"https:\/\/www.kunstberatung.de\/newsletter\/wp-content\/uploads\/sites\/19\/2022\/06\/120622_header_em.jpg\" \/>\n<meta name=\"author\" content=\"Eva Mueller\" \/>\n<meta name=\"twitter:card\" content=\"summary_large_image\" \/>\n<meta name=\"twitter:label1\" content=\"Verfasst von\" \/>\n\t<meta name=\"twitter:data1\" content=\"Eva Mueller\" \/>\n\t<meta name=\"twitter:label2\" content=\"Gesch\u00e4tzte Lesezeit\" \/>\n\t<meta name=\"twitter:data2\" content=\"1\u00a0Minute\" \/>\n<script type=\"application\/ld+json\" class=\"yoast-schema-graph\">{\"@context\":\"https:\/\/schema.org\",\"@graph\":[{\"@type\":\"WebPage\",\"@id\":\"https:\/\/www.kunstberatung.de\/newsletter\/blog\/mutletter-640-die-kunst-der-demokratie\/\",\"url\":\"https:\/\/www.kunstberatung.de\/newsletter\/blog\/mutletter-640-die-kunst-der-demokratie\/\",\"name\":\"eva muellers visionary sunday post 640 - die kunst der demokratie | Eva Muellers Visionary Sunday Post\",\"isPartOf\":{\"@id\":\"https:\/\/www.kunstberatung.de\/newsletter\/#website\"},\"primaryImageOfPage\":{\"@id\":\"https:\/\/www.kunstberatung.de\/newsletter\/blog\/mutletter-640-die-kunst-der-demokratie\/#primaryimage\"},\"image\":{\"@id\":\"https:\/\/www.kunstberatung.de\/newsletter\/blog\/mutletter-640-die-kunst-der-demokratie\/#primaryimage\"},\"thumbnailUrl\":\"https:\/\/www.kunstberatung.de\/newsletter\/wp-content\/uploads\/sites\/19\/2022\/06\/120622_header_em.jpg\",\"datePublished\":\"2022-06-09T20:07:55+00:00\",\"dateModified\":\"2022-07-15T14:53:25+00:00\",\"author\":{\"@id\":\"https:\/\/www.kunstberatung.de\/newsletter\/#\/schema\/person\/5956216e01d75d6ee2e332111165db0a\"},\"description\":\"Kulturstaatsministerin Claudia Roth er\u00f6ffnete den 11. Kulturpolitschen Bundeskongress 2022 zur Kunst der Demokratie\",\"inLanguage\":\"de\",\"potentialAction\":[{\"@type\":\"ReadAction\",\"target\":[\"https:\/\/www.kunstberatung.de\/newsletter\/blog\/mutletter-640-die-kunst-der-demokratie\/\"]}]},{\"@type\":\"ImageObject\",\"inLanguage\":\"de\",\"@id\":\"https:\/\/www.kunstberatung.de\/newsletter\/blog\/mutletter-640-die-kunst-der-demokratie\/#primaryimage\",\"url\":\"https:\/\/www.kunstberatung.de\/newsletter\/wp-content\/uploads\/sites\/19\/2022\/06\/120622_header_em.jpg\",\"contentUrl\":\"https:\/\/www.kunstberatung.de\/newsletter\/wp-content\/uploads\/sites\/19\/2022\/06\/120622_header_em.jpg\",\"width\":1200,\"height\":627,\"caption\":\"We are all in the same boat von Banksy in eva muellers visionary sunday post\"},{\"@type\":\"WebSite\",\"@id\":\"https:\/\/www.kunstberatung.de\/newsletter\/#website\",\"url\":\"https:\/\/www.kunstberatung.de\/newsletter\/\",\"name\":\"Eva Muellers Visionary Sunday Post\",\"description\":\"Eva Mueller Kunstberatung\",\"potentialAction\":[{\"@type\":\"SearchAction\",\"target\":{\"@type\":\"EntryPoint\",\"urlTemplate\":\"https:\/\/www.kunstberatung.de\/newsletter\/?s={search_term_string}\"},\"query-input\":{\"@type\":\"PropertyValueSpecification\",\"valueRequired\":true,\"valueName\":\"search_term_string\"}}],\"inLanguage\":\"de\"},{\"@type\":\"Person\",\"@id\":\"https:\/\/www.kunstberatung.de\/newsletter\/#\/schema\/person\/5956216e01d75d6ee2e332111165db0a\",\"name\":\"Eva Mueller\",\"sameAs\":[\"https:\/\/www.kunstberatung.de\",\"https:\/\/de.linkedin.com\/in\/eva-mueller-kunstberatung\",\"https:\/\/www.youtube.com\/kunstberatungde\"]}]}<\/script>\n<!-- \/ Yoast SEO plugin. -->","yoast_head_json":{"title":"Eva Muellers Visionary Sunday Post 640 - Die Kunst Der Demokratie | Eva Muellers Visionary Sunday Post","description":"Kulturstaatsministerin Claudia Roth er\u00f6ffnete den 11. Kulturpolitschen Bundeskongress 2022 zur Kunst der Demokratie","robots":{"index":"index","follow":"follow","max-snippet":"max-snippet:-1","max-image-preview":"max-image-preview:large","max-video-preview":"max-video-preview:-1"},"canonical":"https:\/\/www.kunstberatung.de\/newsletter\/blog\/mutletter-640-die-kunst-der-demokratie\/","og_locale":"de_DE","og_type":"article","og_title":"eva muellers visionary sunday post 640 - die kunst der demokratie | Eva Muellers Visionary Sunday Post","og_description":"Kulturstaatsministerin Claudia Roth er\u00f6ffnete den 11. Kulturpolitschen Bundeskongress 2022 zur Kunst der Demokratie","og_url":"https:\/\/www.kunstberatung.de\/newsletter\/blog\/mutletter-640-die-kunst-der-demokratie\/","og_site_name":"Eva Muellers Visionary Sunday Post","article_published_time":"2022-06-09T20:07:55+00:00","article_modified_time":"2022-07-15T14:53:25+00:00","og_image":[{"url":"https:\/\/www.kunstberatung.de\/newsletter\/wp-content\/uploads\/sites\/19\/2022\/06\/120622_header_em.jpg","type":"","width":"","height":""}],"author":"Eva Mueller","twitter_card":"summary_large_image","twitter_misc":{"Verfasst von":"Eva Mueller","Gesch\u00e4tzte Lesezeit":"1\u00a0Minute"},"schema":{"@context":"https:\/\/schema.org","@graph":[{"@type":"WebPage","@id":"https:\/\/www.kunstberatung.de\/newsletter\/blog\/mutletter-640-die-kunst-der-demokratie\/","url":"https:\/\/www.kunstberatung.de\/newsletter\/blog\/mutletter-640-die-kunst-der-demokratie\/","name":"eva muellers visionary sunday post 640 - die kunst der demokratie | Eva Muellers Visionary Sunday Post","isPartOf":{"@id":"https:\/\/www.kunstberatung.de\/newsletter\/#website"},"primaryImageOfPage":{"@id":"https:\/\/www.kunstberatung.de\/newsletter\/blog\/mutletter-640-die-kunst-der-demokratie\/#primaryimage"},"image":{"@id":"https:\/\/www.kunstberatung.de\/newsletter\/blog\/mutletter-640-die-kunst-der-demokratie\/#primaryimage"},"thumbnailUrl":"https:\/\/www.kunstberatung.de\/newsletter\/wp-content\/uploads\/sites\/19\/2022\/06\/120622_header_em.jpg","datePublished":"2022-06-09T20:07:55+00:00","dateModified":"2022-07-15T14:53:25+00:00","author":{"@id":"https:\/\/www.kunstberatung.de\/newsletter\/#\/schema\/person\/5956216e01d75d6ee2e332111165db0a"},"description":"Kulturstaatsministerin Claudia Roth er\u00f6ffnete den 11. Kulturpolitschen Bundeskongress 2022 zur Kunst der Demokratie","inLanguage":"de","potentialAction":[{"@type":"ReadAction","target":["https:\/\/www.kunstberatung.de\/newsletter\/blog\/mutletter-640-die-kunst-der-demokratie\/"]}]},{"@type":"ImageObject","inLanguage":"de","@id":"https:\/\/www.kunstberatung.de\/newsletter\/blog\/mutletter-640-die-kunst-der-demokratie\/#primaryimage","url":"https:\/\/www.kunstberatung.de\/newsletter\/wp-content\/uploads\/sites\/19\/2022\/06\/120622_header_em.jpg","contentUrl":"https:\/\/www.kunstberatung.de\/newsletter\/wp-content\/uploads\/sites\/19\/2022\/06\/120622_header_em.jpg","width":1200,"height":627,"caption":"We are all in the same boat von Banksy in eva muellers visionary sunday post"},{"@type":"WebSite","@id":"https:\/\/www.kunstberatung.de\/newsletter\/#website","url":"https:\/\/www.kunstberatung.de\/newsletter\/","name":"Eva Muellers Visionary Sunday Post","description":"Eva Mueller Kunstberatung","potentialAction":[{"@type":"SearchAction","target":{"@type":"EntryPoint","urlTemplate":"https:\/\/www.kunstberatung.de\/newsletter\/?s={search_term_string}"},"query-input":{"@type":"PropertyValueSpecification","valueRequired":true,"valueName":"search_term_string"}}],"inLanguage":"de"},{"@type":"Person","@id":"https:\/\/www.kunstberatung.de\/newsletter\/#\/schema\/person\/5956216e01d75d6ee2e332111165db0a","name":"Eva Mueller","sameAs":["https:\/\/www.kunstberatung.de","https:\/\/de.linkedin.com\/in\/eva-mueller-kunstberatung","https:\/\/www.youtube.com\/kunstberatungde"]}]}},"acf":[],"_links":{"self":[{"href":"https:\/\/www.kunstberatung.de\/newsletter\/wp-json\/wp\/v2\/posts\/5791","targetHints":{"allow":["GET"]}}],"collection":[{"href":"https:\/\/www.kunstberatung.de\/newsletter\/wp-json\/wp\/v2\/posts"}],"about":[{"href":"https:\/\/www.kunstberatung.de\/newsletter\/wp-json\/wp\/v2\/types\/post"}],"author":[{"embeddable":true,"href":"https:\/\/www.kunstberatung.de\/newsletter\/wp-json\/wp\/v2\/users\/2"}],"replies":[{"embeddable":true,"href":"https:\/\/www.kunstberatung.de\/newsletter\/wp-json\/wp\/v2\/comments?post=5791"}],"version-history":[{"count":0,"href":"https:\/\/www.kunstberatung.de\/newsletter\/wp-json\/wp\/v2\/posts\/5791\/revisions"}],"wp:attachment":[{"href":"https:\/\/www.kunstberatung.de\/newsletter\/wp-json\/wp\/v2\/media?parent=5791"}],"wp:term":[{"taxonomy":"category","embeddable":true,"href":"https:\/\/www.kunstberatung.de\/newsletter\/wp-json\/wp\/v2\/categories?post=5791"},{"taxonomy":"post_tag","embeddable":true,"href":"https:\/\/www.kunstberatung.de\/newsletter\/wp-json\/wp\/v2\/tags?post=5791"}],"curies":[{"name":"wp","href":"https:\/\/api.w.org\/{rel}","templated":true}]}}