{"id":5768,"date":"2022-05-08T17:32:29","date_gmt":"2022-05-08T15:32:29","guid":{"rendered":"https:\/\/www.kunstberatung.de\/newsletter\/?p=5768"},"modified":"2022-05-08T17:33:43","modified_gmt":"2022-05-08T15:33:43","slug":"eva-muellers-visionary-sunday-post-635-biennale-2022-venedig","status":"publish","type":"post","link":"https:\/\/www.kunstberatung.de\/newsletter\/blog\/eva-muellers-visionary-sunday-post-635-biennale-2022-venedig\/","title":{"rendered":"eva muellers visionary sunday post 635 &#8211; biennale 2022 venedig"},"content":{"rendered":"<p>In einer der Zeitkapseln hing sie selbst fest. Eigentlich h\u00e4tte sie ja 2021 stattfinden sollen. Aber nachdem die im zweij\u00e4hrlichen Rhythmus mit ihr wechselnde Architekturbiennale im Jahr davor pandemiebedingt ausfallen musste, wurde sie verschoben.<\/p>\n<p>Die legend\u00e4re La Biennale Arte 2022 di Venezia. Und so empf\u00e4ngt sie heuer wieder G\u00e4ste aus aller Welt. Als eine der international bedeutendsten Kunstausstellungen.<\/p>\n<p>In den Giardini und Arsenale Hallen hat die Kuratorin Cecilia Alemani einen Buchtitel der surrealistischen K\u00fcnstlerin Leonor Carrington gew\u00e4hlt: \u201eThe Milk of Dreams\u201c. Weil die Phantasie alles verwandeln kann. Wie wir in unseren Tr\u00e4umen immer wieder erfahren.<\/p>\n<p>In 5 Zeitkapseln zeigen sich die Verkn\u00fcpfungen bedeutender Kunstwerke aus der Vergangenheit mit zeitgen\u00f6ssischen Werken. In den letzten zwei Jahren und angesichts der aktuellen Ereignisse lag es nahe, die Darstellung von K\u00f6rpern und ihren Bezug zur Umwelt aber auch zu neuen Technologien in den Fokus zu nehmen.<\/p>\n<p>213 K\u00fcnstler:innen aus 58 L\u00e4ndern sind in der Ausstellung von Cecilia Alemani zu entdecken. Dar\u00fcber hinaus 79 L\u00e4nderpavillons, die von den Nationen mit ihren eigenen Themen bespielt werden. Womit wir pl\u00f6tzlich in ganz unterschiedlichen Welten landen. Nur ein paar Schritte entfernt von anderen Sichtweisen und Darstellungsformen.<\/p>\n<p>Eine ganze Menge. Un\u00fcberschaubar, wenn man nur ein paar Tage Zeit hat und die Highlights sehen m\u00f6chte. Deshalb f\u00fchre ich seit \u00fcber 15 Jahren kleine exklusive Gruppen zu den erstaunlichsten und interessantesten Beitr\u00e4gen. Der Juli ist bereits ausgebucht, aber im September g\u00e4be es noch 2 freie Pl\u00e4tze.<\/p>\n<p>Wenn Sie sich daf\u00fcr interessieren, einfach eine Antwortmail zu dieser sunday post schicken. Dann erhalten Sie alle Details f\u00fcr Ihre Reise.<\/p>\n<p>Ciao! Und vielleicht sehen wir uns in Venedig?<br \/>\nMit herzlichem Gruss Ihre Eva Mueller<\/p>\n<p>&nbsp;<\/p>\n<p><img loading=\"lazy\" decoding=\"async\" class=\"aligncenter size-full wp-image-5770\" src=\"https:\/\/www.kunstberatung.de\/newsletter\/wp-content\/uploads\/sites\/19\/2022\/05\/090522_header_em-1.jpg\" alt=\"\" width=\"1200\" height=\"627\" srcset=\"https:\/\/www.kunstberatung.de\/newsletter\/wp-content\/uploads\/sites\/19\/2022\/05\/090522_header_em-1.jpg 1200w, https:\/\/www.kunstberatung.de\/newsletter\/wp-content\/uploads\/sites\/19\/2022\/05\/090522_header_em-1-768x401.jpg 768w\" sizes=\"auto, (max-width: 1200px) 100vw, 1200px\" \/><\/p>\n","protected":false},"excerpt":{"rendered":"<p>In einer der Zeitkapseln hing sie selbst fest. Eigentlich h\u00e4tte sie ja 2021 stattfinden sollen. Aber nachdem die im zweij\u00e4hrlichen Rhythmus mit ihr wechselnde Architekturbiennale im Jahr davor pandemiebedingt ausfallen musste, wurde sie verschoben. Die legend\u00e4re La Biennale Arte 2022 di Venezia. Und so empf\u00e4ngt sie heuer wieder G\u00e4ste aus aller Welt. Als eine der [&hellip;]<\/p>\n","protected":false},"author":2,"featured_media":0,"comment_status":"closed","ping_status":"closed","sticky":false,"template":"","format":"standard","meta":{"_acf_changed":false,"footnotes":""},"categories":[2],"tags":[],"class_list":["post-5768","post","type-post","status-publish","format-standard","hentry","category-blog"],"yoast_head":"<!-- This site is optimized with the Yoast SEO plugin v26.6 - https:\/\/yoast.com\/wordpress\/plugins\/seo\/ -->\n<title>Eva Muellers Visionary Sunday Post 635 - Biennale 2022 Venedig | Eva Muellers Visionary Sunday Post<\/title>\n<meta name=\"description\" content=\"eva muellers visionary sunday post 635 zur biennale in venedig 2022, Zeitkapseln kuratiert von Cecilia Alemani in den Giardini und Arsenale\" \/>\n<meta name=\"robots\" content=\"index, follow, max-snippet:-1, max-image-preview:large, max-video-preview:-1\" \/>\n<link rel=\"canonical\" href=\"https:\/\/www.kunstberatung.de\/newsletter\/blog\/eva-muellers-visionary-sunday-post-635-biennale-2022-venedig\/\" \/>\n<meta property=\"og:locale\" content=\"de_DE\" \/>\n<meta property=\"og:type\" content=\"article\" \/>\n<meta property=\"og:title\" content=\"eva muellers visionary sunday post 635 - biennale 2022 venedig | Eva Muellers Visionary Sunday Post\" \/>\n<meta property=\"og:description\" content=\"eva muellers visionary sunday post 635 zur biennale in venedig 2022, Zeitkapseln kuratiert von Cecilia Alemani in den Giardini und Arsenale\" \/>\n<meta property=\"og:url\" content=\"https:\/\/www.kunstberatung.de\/newsletter\/blog\/eva-muellers-visionary-sunday-post-635-biennale-2022-venedig\/\" \/>\n<meta property=\"og:site_name\" content=\"Eva Muellers Visionary Sunday Post\" \/>\n<meta property=\"article:published_time\" content=\"2022-05-08T15:32:29+00:00\" \/>\n<meta property=\"article:modified_time\" content=\"2022-05-08T15:33:43+00:00\" \/>\n<meta property=\"og:image\" content=\"https:\/\/www.kunstberatung.de\/newsletter\/wp-content\/uploads\/sites\/19\/2022\/05\/090522_header_em-1.jpg\" \/>\n<meta name=\"author\" content=\"Eva Mueller\" \/>\n<meta name=\"twitter:card\" content=\"summary_large_image\" \/>\n<meta name=\"twitter:label1\" content=\"Verfasst von\" \/>\n\t<meta name=\"twitter:data1\" content=\"Eva Mueller\" \/>\n\t<meta name=\"twitter:label2\" content=\"Gesch\u00e4tzte Lesezeit\" \/>\n\t<meta name=\"twitter:data2\" content=\"1\u00a0Minute\" \/>\n<script type=\"application\/ld+json\" class=\"yoast-schema-graph\">{\"@context\":\"https:\/\/schema.org\",\"@graph\":[{\"@type\":\"WebPage\",\"@id\":\"https:\/\/www.kunstberatung.de\/newsletter\/blog\/eva-muellers-visionary-sunday-post-635-biennale-2022-venedig\/\",\"url\":\"https:\/\/www.kunstberatung.de\/newsletter\/blog\/eva-muellers-visionary-sunday-post-635-biennale-2022-venedig\/\",\"name\":\"eva muellers visionary sunday post 635 - biennale 2022 venedig | Eva Muellers Visionary Sunday Post\",\"isPartOf\":{\"@id\":\"https:\/\/www.kunstberatung.de\/newsletter\/#website\"},\"primaryImageOfPage\":{\"@id\":\"https:\/\/www.kunstberatung.de\/newsletter\/blog\/eva-muellers-visionary-sunday-post-635-biennale-2022-venedig\/#primaryimage\"},\"image\":{\"@id\":\"https:\/\/www.kunstberatung.de\/newsletter\/blog\/eva-muellers-visionary-sunday-post-635-biennale-2022-venedig\/#primaryimage\"},\"thumbnailUrl\":\"https:\/\/www.kunstberatung.de\/newsletter\/wp-content\/uploads\/sites\/19\/2022\/05\/090522_header_em-1.jpg\",\"datePublished\":\"2022-05-08T15:32:29+00:00\",\"dateModified\":\"2022-05-08T15:33:43+00:00\",\"author\":{\"@id\":\"https:\/\/www.kunstberatung.de\/newsletter\/#\/schema\/person\/5956216e01d75d6ee2e332111165db0a\"},\"description\":\"eva muellers visionary sunday post 635 zur biennale in venedig 2022, Zeitkapseln kuratiert von Cecilia Alemani in den Giardini und Arsenale\",\"inLanguage\":\"de\",\"potentialAction\":[{\"@type\":\"ReadAction\",\"target\":[\"https:\/\/www.kunstberatung.de\/newsletter\/blog\/eva-muellers-visionary-sunday-post-635-biennale-2022-venedig\/\"]}]},{\"@type\":\"ImageObject\",\"inLanguage\":\"de\",\"@id\":\"https:\/\/www.kunstberatung.de\/newsletter\/blog\/eva-muellers-visionary-sunday-post-635-biennale-2022-venedig\/#primaryimage\",\"url\":\"https:\/\/www.kunstberatung.de\/newsletter\/wp-content\/uploads\/sites\/19\/2022\/05\/090522_header_em-1.jpg\",\"contentUrl\":\"https:\/\/www.kunstberatung.de\/newsletter\/wp-content\/uploads\/sites\/19\/2022\/05\/090522_header_em-1.jpg\",\"width\":1200,\"height\":627,\"caption\":\"eva muellers visionary sunday post 635 biennale venedig 2022\"},{\"@type\":\"WebSite\",\"@id\":\"https:\/\/www.kunstberatung.de\/newsletter\/#website\",\"url\":\"https:\/\/www.kunstberatung.de\/newsletter\/\",\"name\":\"Eva Muellers Visionary Sunday Post\",\"description\":\"Eva Mueller Kunstberatung\",\"potentialAction\":[{\"@type\":\"SearchAction\",\"target\":{\"@type\":\"EntryPoint\",\"urlTemplate\":\"https:\/\/www.kunstberatung.de\/newsletter\/?s={search_term_string}\"},\"query-input\":{\"@type\":\"PropertyValueSpecification\",\"valueRequired\":true,\"valueName\":\"search_term_string\"}}],\"inLanguage\":\"de\"},{\"@type\":\"Person\",\"@id\":\"https:\/\/www.kunstberatung.de\/newsletter\/#\/schema\/person\/5956216e01d75d6ee2e332111165db0a\",\"name\":\"Eva Mueller\",\"sameAs\":[\"https:\/\/www.kunstberatung.de\",\"https:\/\/de.linkedin.com\/in\/eva-mueller-kunstberatung\",\"https:\/\/www.youtube.com\/kunstberatungde\"]}]}<\/script>\n<!-- \/ Yoast SEO plugin. -->","yoast_head_json":{"title":"Eva Muellers Visionary Sunday Post 635 - Biennale 2022 Venedig | Eva Muellers Visionary Sunday Post","description":"eva muellers visionary sunday post 635 zur biennale in venedig 2022, Zeitkapseln kuratiert von Cecilia Alemani in den Giardini und Arsenale","robots":{"index":"index","follow":"follow","max-snippet":"max-snippet:-1","max-image-preview":"max-image-preview:large","max-video-preview":"max-video-preview:-1"},"canonical":"https:\/\/www.kunstberatung.de\/newsletter\/blog\/eva-muellers-visionary-sunday-post-635-biennale-2022-venedig\/","og_locale":"de_DE","og_type":"article","og_title":"eva muellers visionary sunday post 635 - biennale 2022 venedig | Eva Muellers Visionary Sunday Post","og_description":"eva muellers visionary sunday post 635 zur biennale in venedig 2022, Zeitkapseln kuratiert von Cecilia Alemani in den Giardini und Arsenale","og_url":"https:\/\/www.kunstberatung.de\/newsletter\/blog\/eva-muellers-visionary-sunday-post-635-biennale-2022-venedig\/","og_site_name":"Eva Muellers Visionary Sunday Post","article_published_time":"2022-05-08T15:32:29+00:00","article_modified_time":"2022-05-08T15:33:43+00:00","og_image":[{"url":"https:\/\/www.kunstberatung.de\/newsletter\/wp-content\/uploads\/sites\/19\/2022\/05\/090522_header_em-1.jpg","type":"","width":"","height":""}],"author":"Eva Mueller","twitter_card":"summary_large_image","twitter_misc":{"Verfasst von":"Eva Mueller","Gesch\u00e4tzte Lesezeit":"1\u00a0Minute"},"schema":{"@context":"https:\/\/schema.org","@graph":[{"@type":"WebPage","@id":"https:\/\/www.kunstberatung.de\/newsletter\/blog\/eva-muellers-visionary-sunday-post-635-biennale-2022-venedig\/","url":"https:\/\/www.kunstberatung.de\/newsletter\/blog\/eva-muellers-visionary-sunday-post-635-biennale-2022-venedig\/","name":"eva muellers visionary sunday post 635 - biennale 2022 venedig | Eva Muellers Visionary Sunday Post","isPartOf":{"@id":"https:\/\/www.kunstberatung.de\/newsletter\/#website"},"primaryImageOfPage":{"@id":"https:\/\/www.kunstberatung.de\/newsletter\/blog\/eva-muellers-visionary-sunday-post-635-biennale-2022-venedig\/#primaryimage"},"image":{"@id":"https:\/\/www.kunstberatung.de\/newsletter\/blog\/eva-muellers-visionary-sunday-post-635-biennale-2022-venedig\/#primaryimage"},"thumbnailUrl":"https:\/\/www.kunstberatung.de\/newsletter\/wp-content\/uploads\/sites\/19\/2022\/05\/090522_header_em-1.jpg","datePublished":"2022-05-08T15:32:29+00:00","dateModified":"2022-05-08T15:33:43+00:00","author":{"@id":"https:\/\/www.kunstberatung.de\/newsletter\/#\/schema\/person\/5956216e01d75d6ee2e332111165db0a"},"description":"eva muellers visionary sunday post 635 zur biennale in venedig 2022, Zeitkapseln kuratiert von Cecilia Alemani in den Giardini und Arsenale","inLanguage":"de","potentialAction":[{"@type":"ReadAction","target":["https:\/\/www.kunstberatung.de\/newsletter\/blog\/eva-muellers-visionary-sunday-post-635-biennale-2022-venedig\/"]}]},{"@type":"ImageObject","inLanguage":"de","@id":"https:\/\/www.kunstberatung.de\/newsletter\/blog\/eva-muellers-visionary-sunday-post-635-biennale-2022-venedig\/#primaryimage","url":"https:\/\/www.kunstberatung.de\/newsletter\/wp-content\/uploads\/sites\/19\/2022\/05\/090522_header_em-1.jpg","contentUrl":"https:\/\/www.kunstberatung.de\/newsletter\/wp-content\/uploads\/sites\/19\/2022\/05\/090522_header_em-1.jpg","width":1200,"height":627,"caption":"eva muellers visionary sunday post 635 biennale venedig 2022"},{"@type":"WebSite","@id":"https:\/\/www.kunstberatung.de\/newsletter\/#website","url":"https:\/\/www.kunstberatung.de\/newsletter\/","name":"Eva Muellers Visionary Sunday Post","description":"Eva Mueller Kunstberatung","potentialAction":[{"@type":"SearchAction","target":{"@type":"EntryPoint","urlTemplate":"https:\/\/www.kunstberatung.de\/newsletter\/?s={search_term_string}"},"query-input":{"@type":"PropertyValueSpecification","valueRequired":true,"valueName":"search_term_string"}}],"inLanguage":"de"},{"@type":"Person","@id":"https:\/\/www.kunstberatung.de\/newsletter\/#\/schema\/person\/5956216e01d75d6ee2e332111165db0a","name":"Eva Mueller","sameAs":["https:\/\/www.kunstberatung.de","https:\/\/de.linkedin.com\/in\/eva-mueller-kunstberatung","https:\/\/www.youtube.com\/kunstberatungde"]}]}},"acf":[],"_links":{"self":[{"href":"https:\/\/www.kunstberatung.de\/newsletter\/wp-json\/wp\/v2\/posts\/5768","targetHints":{"allow":["GET"]}}],"collection":[{"href":"https:\/\/www.kunstberatung.de\/newsletter\/wp-json\/wp\/v2\/posts"}],"about":[{"href":"https:\/\/www.kunstberatung.de\/newsletter\/wp-json\/wp\/v2\/types\/post"}],"author":[{"embeddable":true,"href":"https:\/\/www.kunstberatung.de\/newsletter\/wp-json\/wp\/v2\/users\/2"}],"replies":[{"embeddable":true,"href":"https:\/\/www.kunstberatung.de\/newsletter\/wp-json\/wp\/v2\/comments?post=5768"}],"version-history":[{"count":0,"href":"https:\/\/www.kunstberatung.de\/newsletter\/wp-json\/wp\/v2\/posts\/5768\/revisions"}],"wp:attachment":[{"href":"https:\/\/www.kunstberatung.de\/newsletter\/wp-json\/wp\/v2\/media?parent=5768"}],"wp:term":[{"taxonomy":"category","embeddable":true,"href":"https:\/\/www.kunstberatung.de\/newsletter\/wp-json\/wp\/v2\/categories?post=5768"},{"taxonomy":"post_tag","embeddable":true,"href":"https:\/\/www.kunstberatung.de\/newsletter\/wp-json\/wp\/v2\/tags?post=5768"}],"curies":[{"name":"wp","href":"https:\/\/api.w.org\/{rel}","templated":true}]}}