{"id":5603,"date":"2022-01-03T15:57:36","date_gmt":"2022-01-03T14:57:36","guid":{"rendered":"https:\/\/www.kunstberatung.de\/newsletter\/?p=5603"},"modified":"2022-04-14T09:10:29","modified_gmt":"2022-04-14T07:10:29","slug":"eva-muellers-visionary-sunday-post-607-michael-danner","status":"publish","type":"post","link":"https:\/\/www.kunstberatung.de\/newsletter\/blog\/eva-muellers-visionary-sunday-post-607-michael-danner\/","title":{"rendered":"eva muellers visionary sunday post 608 &#8211; michael danner"},"content":{"rendered":"<p><span style=\"color: #ff9900\"><strong>GE-WAAGT &#8211; SKULPTUREN MICHAEL DANNER<\/strong><\/span><\/p>\n<p>Eine wirkliche Freude diese Woche war die Vernissage \u201ege-waagt\u201c. Eine Ausstellung mit Skulpturen von Michael Danner, die ich \u2013 wie jedes Jahr zu den N\u00fcrtinger Kunsttagen \u2013 f\u00fcr die Volksbank Mittlerer Neckar eG organisieren durfte.<\/p>\n<p>Mit einem interessanten Ph\u00e4nomen! Nachdem es so lange nicht m\u00f6glich war, gr\u00f6ssere Er\u00f6ffnungen miteinander zu feiern (und die H\u00fcrden der 3G Regel doch leider noch manche abschrecken), entstand eine ganz besondere Stimmung. Wir hatten das Vergn\u00fcgen einer intensiven Kommunikation mit h\u00f6chst interessierten und aufgeschlossenen Besucher*innen.<\/p>\n<p>Die Skulpturen von Michael Danner geben dazu auch allen Anlass. Wie der Titel unserer Ausstellung so treffend beschreibt, sie sind \u201ege-waagt\u201c in mehrfacher Weise. Mit einfachsten Mitteln \u2013 Federstahlb\u00e4ndern und Stahlformen \u2013 und wenigen, gekonnten Handgriffen biegt, verbindet, steckt Michael Danner die einzelnen Komponenten zusammen, bis sie eine stimmige Balance entwickeln. Es entstehen hohe Spannungen, die wir als Betrachter*innen k\u00f6rperlich sp\u00fcren k\u00f6nnen.<\/p>\n<p>Der K\u00fcnstler lotet mit seinen Werken die Grenzen des Materials aus. Stabilisierende Elemente halten sich im Kontrast mit feinen, ausgreifenden Linien des Federstahls die Waage. Jede kleinste Ver\u00e4nderung macht sich in seinen Skulpturen sofort bemerkbar. Verschiebt das Gleichgewicht. St\u00f6rt die Balance. Bringt andere Bewegungen zum Vorschein. Mit zarter Hand \u2013 oder durch einen Luftstoss bewegt, schwingen sie noch lange nach.<\/p>\n<p>Eine treffende Metapher f\u00fcr verschiedenste Ph\u00e4nomene in unserem Leben. Welche Ver\u00e4nderungen bringen uns aus dem Gleichgewicht? Wie finden wir es wieder? Wie gehen wir mit Spannungen um? Welches Mass an Spannung und Entspannung erleben wir als anregend, interessant oder harmonisch? An welchem Punkt wird es zu dramatisch oder langweilig? Wann ist der Bogen \u00fcberspannt?<\/p>\n<p>Nehmen wir wahr, wenn etwas aus dem Gleichgewicht ger\u00e4t? Wenn unser \u00d6kosystem kippt? Unser Verh\u00e4ltnis zum uns umgebenden Raum?<\/p>\n<p>Mit minimalsten Stahl- und Federstahlelementen erschafft Michael Danner erstaunliche, raumbildende Arbeiten. Sie verzaubern durch ihre Schlichtheit und die sp\u00fcrbar energiegeladene Spannung. Veranschaulichen auf einzigartige Weise Beziehungsgef\u00fcge, den Wechsel von Dynamik und Stille.<\/p>\n<p>Mit bewegten Gr\u00fcssen<br \/>\nIhre Eva Mueller<\/p>\n<table class=\"content\" cellspacing=\"0\" cellpadding=\"0\" align=\"center\">\n<tbody>\n<tr>\n<td>\n<div align=\"center\"><img loading=\"lazy\" decoding=\"async\" class=\"responsive\" src=\"https:\/\/i1.createsend1.com\/ei\/r\/DB\/ACA\/7A7\/csimport\/danner.193840.jpg\" width=\"300\" height=\"425\" \/><\/div>\n<p>Abb.: Blick in die Schaufenster am Abend der Er\u00f6ffnung, in denen die Ausstellung der ganzen Stadtgemeinschaft leicht zug\u00e4nglich ist. Foto: Michael Handte<\/td>\n<td width=\"50\"><\/td>\n<\/tr>\n<\/tbody>\n<\/table>\n<p>&nbsp;<\/p>\n<div align=\"center\"><img loading=\"lazy\" decoding=\"async\" class=\"responsive\" src=\"https:\/\/i2.createsend1.com\/ei\/r\/DB\/ACA\/7A7\/csimport\/grasevadanner.193941.jpg\" width=\"300\" height=\"193\" \/><\/div>\n<p>&nbsp;<\/p>\n<p>Abb.: Er\u00f6ffnung der Austellung mit Herr Eberhard Gras, Vorstand der Volksbank Mittlerer Neckar eG, Eva Mueller und dem K\u00fcnstler Michael Danner vor der grossen Skulptur im Schaufenster<br \/>\nFoto: Michael Handte<\/p>\n<table class=\"content\" style=\"width: 838px\" cellspacing=\"0\" cellpadding=\"0\" align=\"center\">\n<tbody>\n<tr>\n<td style=\"width: 787px\">\n<div align=\"center\"><img loading=\"lazy\" decoding=\"async\" class=\"responsive\" src=\"https:\/\/i3.createsend1.com\/ei\/r\/DB\/ACA\/7A7\/csimport\/danner.160518.jpg\" width=\"300\" height=\"198\" \/><\/div>\n<p>Abb.: &#8222;zwei B\u00f6gen aufeinander VIII-1\u201c, Skulptur von Michael Danner, 2017, Stahl, Federstahl, 115 x 143 x 10 cm<\/p>\n<p>Die Skulptur aus obigem Foto von vorne<\/td>\n<td style=\"width: 51px\" width=\"50\"><\/td>\n<\/tr>\n<tr>\n<td style=\"width: 787px\" height=\"15\"><\/td>\n<td style=\"width: 51px\"><\/td>\n<\/tr>\n<\/tbody>\n<\/table>\n","protected":false},"excerpt":{"rendered":"<p>GE-WAAGT &#8211; SKULPTUREN MICHAEL DANNER Eine wirkliche Freude diese Woche war die Vernissage \u201ege-waagt\u201c. Eine Ausstellung mit Skulpturen von Michael Danner, die ich \u2013 wie jedes Jahr zu den N\u00fcrtinger Kunsttagen \u2013 f\u00fcr die Volksbank Mittlerer Neckar eG organisieren durfte. Mit einem interessanten Ph\u00e4nomen! Nachdem es so lange nicht m\u00f6glich war, gr\u00f6ssere Er\u00f6ffnungen miteinander zu [&hellip;]<\/p>\n","protected":false},"author":2,"featured_media":0,"comment_status":"closed","ping_status":"closed","sticky":false,"template":"","format":"standard","meta":{"_acf_changed":false,"footnotes":""},"categories":[2],"tags":[],"class_list":["post-5603","post","type-post","status-publish","format-standard","hentry","category-blog"],"yoast_head":"<!-- This site is optimized with the Yoast SEO plugin v26.6 - https:\/\/yoast.com\/wordpress\/plugins\/seo\/ -->\n<title>Eva Muellers Visionary Sunday Post 608 - Michael Danner | Eva Muellers Visionary Sunday Post<\/title>\n<meta name=\"robots\" content=\"index, follow, max-snippet:-1, max-image-preview:large, max-video-preview:-1\" \/>\n<link rel=\"canonical\" href=\"https:\/\/www.kunstberatung.de\/newsletter\/blog\/eva-muellers-visionary-sunday-post-607-michael-danner\/\" \/>\n<meta property=\"og:locale\" content=\"de_DE\" \/>\n<meta property=\"og:type\" content=\"article\" \/>\n<meta property=\"og:title\" content=\"eva muellers visionary sunday post 608 - michael danner | Eva Muellers Visionary Sunday Post\" \/>\n<meta property=\"og:description\" content=\"GE-WAAGT &#8211; SKULPTUREN MICHAEL DANNER Eine wirkliche Freude diese Woche war die Vernissage \u201ege-waagt\u201c. Eine Ausstellung mit Skulpturen von Michael Danner, die ich \u2013 wie jedes Jahr zu den N\u00fcrtinger Kunsttagen \u2013 f\u00fcr die Volksbank Mittlerer Neckar eG organisieren durfte. Mit einem interessanten Ph\u00e4nomen! Nachdem es so lange nicht m\u00f6glich war, gr\u00f6ssere Er\u00f6ffnungen miteinander zu [&hellip;]\" \/>\n<meta property=\"og:url\" content=\"https:\/\/www.kunstberatung.de\/newsletter\/blog\/eva-muellers-visionary-sunday-post-607-michael-danner\/\" \/>\n<meta property=\"og:site_name\" content=\"Eva Muellers Visionary Sunday Post\" \/>\n<meta property=\"article:published_time\" content=\"2022-01-03T14:57:36+00:00\" \/>\n<meta property=\"article:modified_time\" content=\"2022-04-14T07:10:29+00:00\" \/>\n<meta property=\"og:image\" content=\"https:\/\/i1.createsend1.com\/ei\/r\/DB\/ACA\/7A7\/csimport\/danner.193840.jpg\" \/>\n<meta name=\"author\" content=\"Eva Mueller\" \/>\n<meta name=\"twitter:card\" content=\"summary_large_image\" \/>\n<meta name=\"twitter:label1\" content=\"Verfasst von\" \/>\n\t<meta name=\"twitter:data1\" content=\"Eva Mueller\" \/>\n\t<meta name=\"twitter:label2\" content=\"Gesch\u00e4tzte Lesezeit\" \/>\n\t<meta name=\"twitter:data2\" content=\"2\u00a0Minuten\" \/>\n<script type=\"application\/ld+json\" class=\"yoast-schema-graph\">{\"@context\":\"https:\/\/schema.org\",\"@graph\":[{\"@type\":\"WebPage\",\"@id\":\"https:\/\/www.kunstberatung.de\/newsletter\/blog\/eva-muellers-visionary-sunday-post-607-michael-danner\/\",\"url\":\"https:\/\/www.kunstberatung.de\/newsletter\/blog\/eva-muellers-visionary-sunday-post-607-michael-danner\/\",\"name\":\"eva muellers visionary sunday post 608 - michael danner | Eva Muellers Visionary Sunday Post\",\"isPartOf\":{\"@id\":\"https:\/\/www.kunstberatung.de\/newsletter\/#website\"},\"primaryImageOfPage\":{\"@id\":\"https:\/\/www.kunstberatung.de\/newsletter\/blog\/eva-muellers-visionary-sunday-post-607-michael-danner\/#primaryimage\"},\"image\":{\"@id\":\"https:\/\/www.kunstberatung.de\/newsletter\/blog\/eva-muellers-visionary-sunday-post-607-michael-danner\/#primaryimage\"},\"thumbnailUrl\":\"https:\/\/i1.createsend1.com\/ei\/r\/DB\/ACA\/7A7\/csimport\/danner.193840.jpg\",\"datePublished\":\"2022-01-03T14:57:36+00:00\",\"dateModified\":\"2022-04-14T07:10:29+00:00\",\"author\":{\"@id\":\"https:\/\/www.kunstberatung.de\/newsletter\/#\/schema\/person\/5956216e01d75d6ee2e332111165db0a\"},\"inLanguage\":\"de\",\"potentialAction\":[{\"@type\":\"ReadAction\",\"target\":[\"https:\/\/www.kunstberatung.de\/newsletter\/blog\/eva-muellers-visionary-sunday-post-607-michael-danner\/\"]}]},{\"@type\":\"ImageObject\",\"inLanguage\":\"de\",\"@id\":\"https:\/\/www.kunstberatung.de\/newsletter\/blog\/eva-muellers-visionary-sunday-post-607-michael-danner\/#primaryimage\",\"url\":\"https:\/\/i1.createsend1.com\/ei\/r\/DB\/ACA\/7A7\/csimport\/danner.193840.jpg\",\"contentUrl\":\"https:\/\/i1.createsend1.com\/ei\/r\/DB\/ACA\/7A7\/csimport\/danner.193840.jpg\"},{\"@type\":\"WebSite\",\"@id\":\"https:\/\/www.kunstberatung.de\/newsletter\/#website\",\"url\":\"https:\/\/www.kunstberatung.de\/newsletter\/\",\"name\":\"Eva Muellers Visionary Sunday Post\",\"description\":\"Eva Mueller Kunstberatung\",\"potentialAction\":[{\"@type\":\"SearchAction\",\"target\":{\"@type\":\"EntryPoint\",\"urlTemplate\":\"https:\/\/www.kunstberatung.de\/newsletter\/?s={search_term_string}\"},\"query-input\":{\"@type\":\"PropertyValueSpecification\",\"valueRequired\":true,\"valueName\":\"search_term_string\"}}],\"inLanguage\":\"de\"},{\"@type\":\"Person\",\"@id\":\"https:\/\/www.kunstberatung.de\/newsletter\/#\/schema\/person\/5956216e01d75d6ee2e332111165db0a\",\"name\":\"Eva Mueller\",\"sameAs\":[\"https:\/\/www.kunstberatung.de\",\"https:\/\/de.linkedin.com\/in\/eva-mueller-kunstberatung\",\"https:\/\/www.youtube.com\/kunstberatungde\"]}]}<\/script>\n<!-- \/ Yoast SEO plugin. -->","yoast_head_json":{"title":"Eva Muellers Visionary Sunday Post 608 - Michael Danner | Eva Muellers Visionary Sunday Post","robots":{"index":"index","follow":"follow","max-snippet":"max-snippet:-1","max-image-preview":"max-image-preview:large","max-video-preview":"max-video-preview:-1"},"canonical":"https:\/\/www.kunstberatung.de\/newsletter\/blog\/eva-muellers-visionary-sunday-post-607-michael-danner\/","og_locale":"de_DE","og_type":"article","og_title":"eva muellers visionary sunday post 608 - michael danner | Eva Muellers Visionary Sunday Post","og_description":"GE-WAAGT &#8211; SKULPTUREN MICHAEL DANNER Eine wirkliche Freude diese Woche war die Vernissage \u201ege-waagt\u201c. Eine Ausstellung mit Skulpturen von Michael Danner, die ich \u2013 wie jedes Jahr zu den N\u00fcrtinger Kunsttagen \u2013 f\u00fcr die Volksbank Mittlerer Neckar eG organisieren durfte. Mit einem interessanten Ph\u00e4nomen! Nachdem es so lange nicht m\u00f6glich war, gr\u00f6ssere Er\u00f6ffnungen miteinander zu [&hellip;]","og_url":"https:\/\/www.kunstberatung.de\/newsletter\/blog\/eva-muellers-visionary-sunday-post-607-michael-danner\/","og_site_name":"Eva Muellers Visionary Sunday Post","article_published_time":"2022-01-03T14:57:36+00:00","article_modified_time":"2022-04-14T07:10:29+00:00","og_image":[{"url":"https:\/\/i1.createsend1.com\/ei\/r\/DB\/ACA\/7A7\/csimport\/danner.193840.jpg","type":"","width":"","height":""}],"author":"Eva Mueller","twitter_card":"summary_large_image","twitter_misc":{"Verfasst von":"Eva Mueller","Gesch\u00e4tzte Lesezeit":"2\u00a0Minuten"},"schema":{"@context":"https:\/\/schema.org","@graph":[{"@type":"WebPage","@id":"https:\/\/www.kunstberatung.de\/newsletter\/blog\/eva-muellers-visionary-sunday-post-607-michael-danner\/","url":"https:\/\/www.kunstberatung.de\/newsletter\/blog\/eva-muellers-visionary-sunday-post-607-michael-danner\/","name":"eva muellers visionary sunday post 608 - michael danner | Eva Muellers Visionary Sunday Post","isPartOf":{"@id":"https:\/\/www.kunstberatung.de\/newsletter\/#website"},"primaryImageOfPage":{"@id":"https:\/\/www.kunstberatung.de\/newsletter\/blog\/eva-muellers-visionary-sunday-post-607-michael-danner\/#primaryimage"},"image":{"@id":"https:\/\/www.kunstberatung.de\/newsletter\/blog\/eva-muellers-visionary-sunday-post-607-michael-danner\/#primaryimage"},"thumbnailUrl":"https:\/\/i1.createsend1.com\/ei\/r\/DB\/ACA\/7A7\/csimport\/danner.193840.jpg","datePublished":"2022-01-03T14:57:36+00:00","dateModified":"2022-04-14T07:10:29+00:00","author":{"@id":"https:\/\/www.kunstberatung.de\/newsletter\/#\/schema\/person\/5956216e01d75d6ee2e332111165db0a"},"inLanguage":"de","potentialAction":[{"@type":"ReadAction","target":["https:\/\/www.kunstberatung.de\/newsletter\/blog\/eva-muellers-visionary-sunday-post-607-michael-danner\/"]}]},{"@type":"ImageObject","inLanguage":"de","@id":"https:\/\/www.kunstberatung.de\/newsletter\/blog\/eva-muellers-visionary-sunday-post-607-michael-danner\/#primaryimage","url":"https:\/\/i1.createsend1.com\/ei\/r\/DB\/ACA\/7A7\/csimport\/danner.193840.jpg","contentUrl":"https:\/\/i1.createsend1.com\/ei\/r\/DB\/ACA\/7A7\/csimport\/danner.193840.jpg"},{"@type":"WebSite","@id":"https:\/\/www.kunstberatung.de\/newsletter\/#website","url":"https:\/\/www.kunstberatung.de\/newsletter\/","name":"Eva Muellers Visionary Sunday Post","description":"Eva Mueller Kunstberatung","potentialAction":[{"@type":"SearchAction","target":{"@type":"EntryPoint","urlTemplate":"https:\/\/www.kunstberatung.de\/newsletter\/?s={search_term_string}"},"query-input":{"@type":"PropertyValueSpecification","valueRequired":true,"valueName":"search_term_string"}}],"inLanguage":"de"},{"@type":"Person","@id":"https:\/\/www.kunstberatung.de\/newsletter\/#\/schema\/person\/5956216e01d75d6ee2e332111165db0a","name":"Eva Mueller","sameAs":["https:\/\/www.kunstberatung.de","https:\/\/de.linkedin.com\/in\/eva-mueller-kunstberatung","https:\/\/www.youtube.com\/kunstberatungde"]}]}},"acf":[],"_links":{"self":[{"href":"https:\/\/www.kunstberatung.de\/newsletter\/wp-json\/wp\/v2\/posts\/5603","targetHints":{"allow":["GET"]}}],"collection":[{"href":"https:\/\/www.kunstberatung.de\/newsletter\/wp-json\/wp\/v2\/posts"}],"about":[{"href":"https:\/\/www.kunstberatung.de\/newsletter\/wp-json\/wp\/v2\/types\/post"}],"author":[{"embeddable":true,"href":"https:\/\/www.kunstberatung.de\/newsletter\/wp-json\/wp\/v2\/users\/2"}],"replies":[{"embeddable":true,"href":"https:\/\/www.kunstberatung.de\/newsletter\/wp-json\/wp\/v2\/comments?post=5603"}],"version-history":[{"count":0,"href":"https:\/\/www.kunstberatung.de\/newsletter\/wp-json\/wp\/v2\/posts\/5603\/revisions"}],"wp:attachment":[{"href":"https:\/\/www.kunstberatung.de\/newsletter\/wp-json\/wp\/v2\/media?parent=5603"}],"wp:term":[{"taxonomy":"category","embeddable":true,"href":"https:\/\/www.kunstberatung.de\/newsletter\/wp-json\/wp\/v2\/categories?post=5603"},{"taxonomy":"post_tag","embeddable":true,"href":"https:\/\/www.kunstberatung.de\/newsletter\/wp-json\/wp\/v2\/tags?post=5603"}],"curies":[{"name":"wp","href":"https:\/\/api.w.org\/{rel}","templated":true}]}}