{"id":5599,"date":"2022-01-03T15:51:51","date_gmt":"2022-01-03T14:51:51","guid":{"rendered":"https:\/\/www.kunstberatung.de\/newsletter\/?p=5599"},"modified":"2022-04-14T09:09:19","modified_gmt":"2022-04-14T07:09:19","slug":"eva-muellers-visionary-sunday-post-605-kunstdiebstahl","status":"publish","type":"post","link":"https:\/\/www.kunstberatung.de\/newsletter\/blog\/eva-muellers-visionary-sunday-post-605-kunstdiebstahl\/","title":{"rendered":"eva muellers visionary sunday post 606 &#8211; kunstdiebstahl"},"content":{"rendered":"<p><strong><span style=\"color: #ff9900\">KUNSTDIEBSTAHL ERLAUBT?<\/span><\/strong><\/p>\n<p>wie w\u00e4re es, wenn ich in Ihr Haus einbrechen und ein paar Kunstgegenst\u00e4nde mitnehmen w\u00fcrde? W\u00e4re das erlaubt? Weil ich doch als Kunstberaterin und Expertin den Wert besonders gut einsch\u00e4tzen kann \u2013 und Sie vielleicht nicht? Weil Sie die Exponate eventuell gar nicht so richtig zur Geltung bringen in Ihrem Umfeld. Weil ich also besser f\u00fcr die Kunst sorgen w\u00fcrde wie Sie. F\u00fcr eine gute Versicherung, die richtige Restaurierung und Aufbewahrung. Ja, ich k\u00f6nnte Ihre Kunst sogar sch\u00f6n pr\u00e4sentieren und ausstellen, anderen Menschen zug\u00e4nglich machen. Vielleicht mach ich aber auch gar nichts damit und lasse die Dinge einfach ungepflegt in meinem Archiv, k\u00f6nnte doch sein, dass ich sie mal brauche.<\/p>\n<p>Wie finden Sie das?<\/p>\n<p>Wahrscheinlich sind Sie nicht so unbedingt von der Richtigkeit meiner Argumentation \u00fcberzeugt. Dann geht es Ihnen so \u00e4hnlich wie mir, wenn ich die Ethnologischen Sammlungen der Welt betrachte. Gerade aktuell war ich nun zum zweiten Mal im neu er\u00f6ffneten Humboldt Forum in Berlin. Nur ein Bruchteil der im Archiv gesammelten Kunstwerke aus aller Welt, vorwiegend aus fr\u00fcher besetzten oder kolonialisierten asiatischen und afrikanischen L\u00e4ndern ist dort ausgestellt. Trotzdem unglaublich umfangreich. Vitrinen \u00fcber Vitrinen.<\/p>\n<p>Durch die kontroverse Diskussion, speziell auch zur Er\u00f6ffnung des Humboldt Forums im Berliner Schloss, die Ank\u00fcndigung Emmanuel Macrons f\u00fcr Frankreich eine Untersuchung einzuleiten und die Kunst konsequent zur\u00fcck geben zu wollen, ist einiges in Bewegung geraten. Die Werke werden nicht mehr einfach so ausgestellt. V\u00f6lkerkundemuseen, die mit dieser Bezeichnung suggerierten, dass es sich dabei ja nicht um Kunstwerke handelt, heissen heute Ethnologische Museen. Und im Humboldt Forum wird der Diebstahl nun auch als solcher benannt und mit Bildern und Video-Statements von Menschen aus den betroffenen L\u00e4ndern erg\u00e4nzt.<\/p>\n<p>Aber w\u00fcrde Sie das befriedigen, wenn ich nach meinem oben genannten Diebstahl ein Video mit Ihnen drehen w\u00fcrde, um Ihre Meinung zu dokumentieren? Nur zur\u00fcckgeben w\u00fcrde ich Ihre Kunstwerke nat\u00fcrlich nicht! Auch wenn Sie \u00fcber die Jahrzehnte und Jahrhunderte hinweg immer neue Forscher*innen und Anw\u00e4lt*innen beauftragen, die das Unrecht best\u00e4tigen und L\u00f6sungen aufzeigen.<\/p>\n<p>Es kommt eigentlich nie vor, dass ich aus einem Museum komme und zutiefst traurig bin. Doch diese Ethnologischen Ausstellungsr\u00e4ume im Humboldt Museum deprimieren. So \u00fcberw\u00e4ltigend sch\u00f6n die Exponate sind. Sie geh\u00f6ren nicht hierher. Sie geh\u00f6ren uns nicht.<\/p>\n<p>Mit bewegten Gr\u00fcssen<br \/>\nIhre Eva Mueller<\/p>\n<div align=\"center\"><img loading=\"lazy\" decoding=\"async\" class=\"responsive\" src=\"https:\/\/i1.createsend1.com\/ei\/r\/E2\/344\/CB9\/csimport\/humboldtforum.150033.jpg\" width=\"300\" height=\"388\" \/><\/div>\n<p>&nbsp;<\/p>\n<p>Abb.: Blick in die Ausstellung der neu er\u00f6ffneten Ethnologischen Sammlungen im Humboldt Forum, Berliner Schloss<\/p>\n<div align=\"center\"><img loading=\"lazy\" decoding=\"async\" class=\"responsive\" src=\"https:\/\/i2.createsend1.com\/ei\/r\/E2\/344\/CB9\/csimport\/humboldt2.150056.jpg\" width=\"300\" height=\"207\" \/><\/div>\n<p>&nbsp;<\/p>\n<p>Und hier mal das umgekehrte Bild. eine holografische Reproduktion von K\u00f6nigin Victoria und den Weissen, die in ihrem Umfeld in Afrika auftauchten, von Missionaren bis zu Soldaten und fotografierenden Forscher*innen.<\/p>\n<p>Die 3D Visualisierung auf autsteroskopischem Display zeigt das Original aus Yoruba, Nigeria, Westafrika um 1900, K\u00fcnstler*in (nicht dokumentiert) aus dem Rautenstrauch-Joest-Museum K\u00f6ln, RJM 38801, Ver\u00e4ussert von J.F.G. Umlauff, Hamburg 1929<\/p>\n<p>Copyright Rheinisches Bildarchiv K\u00f6ln, Fotovorlage f\u00fcr die Reproduktion: Wolfgang Meier<\/p>\n","protected":false},"excerpt":{"rendered":"<p>KUNSTDIEBSTAHL ERLAUBT? wie w\u00e4re es, wenn ich in Ihr Haus einbrechen und ein paar Kunstgegenst\u00e4nde mitnehmen w\u00fcrde? W\u00e4re das erlaubt? Weil ich doch als Kunstberaterin und Expertin den Wert besonders gut einsch\u00e4tzen kann \u2013 und Sie vielleicht nicht? Weil Sie die Exponate eventuell gar nicht so richtig zur Geltung bringen in Ihrem Umfeld. Weil ich [&hellip;]<\/p>\n","protected":false},"author":2,"featured_media":0,"comment_status":"closed","ping_status":"closed","sticky":false,"template":"","format":"standard","meta":{"_acf_changed":false,"footnotes":""},"categories":[2],"tags":[],"class_list":["post-5599","post","type-post","status-publish","format-standard","hentry","category-blog"],"yoast_head":"<!-- This site is optimized with the Yoast SEO plugin v26.6 - https:\/\/yoast.com\/wordpress\/plugins\/seo\/ -->\n<title>Eva Muellers Visionary Sunday Post 606 - Kunstdiebstahl | Eva Muellers Visionary Sunday Post<\/title>\n<meta name=\"robots\" content=\"index, follow, max-snippet:-1, max-image-preview:large, max-video-preview:-1\" \/>\n<link rel=\"canonical\" href=\"https:\/\/www.kunstberatung.de\/newsletter\/blog\/eva-muellers-visionary-sunday-post-605-kunstdiebstahl\/\" \/>\n<meta property=\"og:locale\" content=\"de_DE\" \/>\n<meta property=\"og:type\" content=\"article\" \/>\n<meta property=\"og:title\" content=\"eva muellers visionary sunday post 606 - kunstdiebstahl | Eva Muellers Visionary Sunday Post\" \/>\n<meta property=\"og:description\" content=\"KUNSTDIEBSTAHL ERLAUBT? wie w\u00e4re es, wenn ich in Ihr Haus einbrechen und ein paar Kunstgegenst\u00e4nde mitnehmen w\u00fcrde? W\u00e4re das erlaubt? Weil ich doch als Kunstberaterin und Expertin den Wert besonders gut einsch\u00e4tzen kann \u2013 und Sie vielleicht nicht? Weil Sie die Exponate eventuell gar nicht so richtig zur Geltung bringen in Ihrem Umfeld. Weil ich [&hellip;]\" \/>\n<meta property=\"og:url\" content=\"https:\/\/www.kunstberatung.de\/newsletter\/blog\/eva-muellers-visionary-sunday-post-605-kunstdiebstahl\/\" \/>\n<meta property=\"og:site_name\" content=\"Eva Muellers Visionary Sunday Post\" \/>\n<meta property=\"article:published_time\" content=\"2022-01-03T14:51:51+00:00\" \/>\n<meta property=\"article:modified_time\" content=\"2022-04-14T07:09:19+00:00\" \/>\n<meta property=\"og:image\" content=\"https:\/\/i1.createsend1.com\/ei\/r\/E2\/344\/CB9\/csimport\/humboldtforum.150033.jpg\" \/>\n<meta name=\"author\" content=\"Eva Mueller\" \/>\n<meta name=\"twitter:card\" content=\"summary_large_image\" \/>\n<meta name=\"twitter:label1\" content=\"Verfasst von\" \/>\n\t<meta name=\"twitter:data1\" content=\"Eva Mueller\" \/>\n\t<meta name=\"twitter:label2\" content=\"Gesch\u00e4tzte Lesezeit\" \/>\n\t<meta name=\"twitter:data2\" content=\"3\u00a0Minuten\" \/>\n<script type=\"application\/ld+json\" class=\"yoast-schema-graph\">{\"@context\":\"https:\/\/schema.org\",\"@graph\":[{\"@type\":\"WebPage\",\"@id\":\"https:\/\/www.kunstberatung.de\/newsletter\/blog\/eva-muellers-visionary-sunday-post-605-kunstdiebstahl\/\",\"url\":\"https:\/\/www.kunstberatung.de\/newsletter\/blog\/eva-muellers-visionary-sunday-post-605-kunstdiebstahl\/\",\"name\":\"eva muellers visionary sunday post 606 - kunstdiebstahl | Eva Muellers Visionary Sunday Post\",\"isPartOf\":{\"@id\":\"https:\/\/www.kunstberatung.de\/newsletter\/#website\"},\"primaryImageOfPage\":{\"@id\":\"https:\/\/www.kunstberatung.de\/newsletter\/blog\/eva-muellers-visionary-sunday-post-605-kunstdiebstahl\/#primaryimage\"},\"image\":{\"@id\":\"https:\/\/www.kunstberatung.de\/newsletter\/blog\/eva-muellers-visionary-sunday-post-605-kunstdiebstahl\/#primaryimage\"},\"thumbnailUrl\":\"https:\/\/i1.createsend1.com\/ei\/r\/E2\/344\/CB9\/csimport\/humboldtforum.150033.jpg\",\"datePublished\":\"2022-01-03T14:51:51+00:00\",\"dateModified\":\"2022-04-14T07:09:19+00:00\",\"author\":{\"@id\":\"https:\/\/www.kunstberatung.de\/newsletter\/#\/schema\/person\/5956216e01d75d6ee2e332111165db0a\"},\"inLanguage\":\"de\",\"potentialAction\":[{\"@type\":\"ReadAction\",\"target\":[\"https:\/\/www.kunstberatung.de\/newsletter\/blog\/eva-muellers-visionary-sunday-post-605-kunstdiebstahl\/\"]}]},{\"@type\":\"ImageObject\",\"inLanguage\":\"de\",\"@id\":\"https:\/\/www.kunstberatung.de\/newsletter\/blog\/eva-muellers-visionary-sunday-post-605-kunstdiebstahl\/#primaryimage\",\"url\":\"https:\/\/i1.createsend1.com\/ei\/r\/E2\/344\/CB9\/csimport\/humboldtforum.150033.jpg\",\"contentUrl\":\"https:\/\/i1.createsend1.com\/ei\/r\/E2\/344\/CB9\/csimport\/humboldtforum.150033.jpg\"},{\"@type\":\"WebSite\",\"@id\":\"https:\/\/www.kunstberatung.de\/newsletter\/#website\",\"url\":\"https:\/\/www.kunstberatung.de\/newsletter\/\",\"name\":\"Eva Muellers Visionary Sunday Post\",\"description\":\"Eva Mueller Kunstberatung\",\"potentialAction\":[{\"@type\":\"SearchAction\",\"target\":{\"@type\":\"EntryPoint\",\"urlTemplate\":\"https:\/\/www.kunstberatung.de\/newsletter\/?s={search_term_string}\"},\"query-input\":{\"@type\":\"PropertyValueSpecification\",\"valueRequired\":true,\"valueName\":\"search_term_string\"}}],\"inLanguage\":\"de\"},{\"@type\":\"Person\",\"@id\":\"https:\/\/www.kunstberatung.de\/newsletter\/#\/schema\/person\/5956216e01d75d6ee2e332111165db0a\",\"name\":\"Eva Mueller\",\"sameAs\":[\"https:\/\/www.kunstberatung.de\",\"https:\/\/de.linkedin.com\/in\/eva-mueller-kunstberatung\",\"https:\/\/www.youtube.com\/kunstberatungde\"]}]}<\/script>\n<!-- \/ Yoast SEO plugin. -->","yoast_head_json":{"title":"Eva Muellers Visionary Sunday Post 606 - Kunstdiebstahl | Eva Muellers Visionary Sunday Post","robots":{"index":"index","follow":"follow","max-snippet":"max-snippet:-1","max-image-preview":"max-image-preview:large","max-video-preview":"max-video-preview:-1"},"canonical":"https:\/\/www.kunstberatung.de\/newsletter\/blog\/eva-muellers-visionary-sunday-post-605-kunstdiebstahl\/","og_locale":"de_DE","og_type":"article","og_title":"eva muellers visionary sunday post 606 - kunstdiebstahl | Eva Muellers Visionary Sunday Post","og_description":"KUNSTDIEBSTAHL ERLAUBT? wie w\u00e4re es, wenn ich in Ihr Haus einbrechen und ein paar Kunstgegenst\u00e4nde mitnehmen w\u00fcrde? W\u00e4re das erlaubt? Weil ich doch als Kunstberaterin und Expertin den Wert besonders gut einsch\u00e4tzen kann \u2013 und Sie vielleicht nicht? Weil Sie die Exponate eventuell gar nicht so richtig zur Geltung bringen in Ihrem Umfeld. Weil ich [&hellip;]","og_url":"https:\/\/www.kunstberatung.de\/newsletter\/blog\/eva-muellers-visionary-sunday-post-605-kunstdiebstahl\/","og_site_name":"Eva Muellers Visionary Sunday Post","article_published_time":"2022-01-03T14:51:51+00:00","article_modified_time":"2022-04-14T07:09:19+00:00","og_image":[{"url":"https:\/\/i1.createsend1.com\/ei\/r\/E2\/344\/CB9\/csimport\/humboldtforum.150033.jpg","type":"","width":"","height":""}],"author":"Eva Mueller","twitter_card":"summary_large_image","twitter_misc":{"Verfasst von":"Eva Mueller","Gesch\u00e4tzte Lesezeit":"3\u00a0Minuten"},"schema":{"@context":"https:\/\/schema.org","@graph":[{"@type":"WebPage","@id":"https:\/\/www.kunstberatung.de\/newsletter\/blog\/eva-muellers-visionary-sunday-post-605-kunstdiebstahl\/","url":"https:\/\/www.kunstberatung.de\/newsletter\/blog\/eva-muellers-visionary-sunday-post-605-kunstdiebstahl\/","name":"eva muellers visionary sunday post 606 - kunstdiebstahl | Eva Muellers Visionary Sunday Post","isPartOf":{"@id":"https:\/\/www.kunstberatung.de\/newsletter\/#website"},"primaryImageOfPage":{"@id":"https:\/\/www.kunstberatung.de\/newsletter\/blog\/eva-muellers-visionary-sunday-post-605-kunstdiebstahl\/#primaryimage"},"image":{"@id":"https:\/\/www.kunstberatung.de\/newsletter\/blog\/eva-muellers-visionary-sunday-post-605-kunstdiebstahl\/#primaryimage"},"thumbnailUrl":"https:\/\/i1.createsend1.com\/ei\/r\/E2\/344\/CB9\/csimport\/humboldtforum.150033.jpg","datePublished":"2022-01-03T14:51:51+00:00","dateModified":"2022-04-14T07:09:19+00:00","author":{"@id":"https:\/\/www.kunstberatung.de\/newsletter\/#\/schema\/person\/5956216e01d75d6ee2e332111165db0a"},"inLanguage":"de","potentialAction":[{"@type":"ReadAction","target":["https:\/\/www.kunstberatung.de\/newsletter\/blog\/eva-muellers-visionary-sunday-post-605-kunstdiebstahl\/"]}]},{"@type":"ImageObject","inLanguage":"de","@id":"https:\/\/www.kunstberatung.de\/newsletter\/blog\/eva-muellers-visionary-sunday-post-605-kunstdiebstahl\/#primaryimage","url":"https:\/\/i1.createsend1.com\/ei\/r\/E2\/344\/CB9\/csimport\/humboldtforum.150033.jpg","contentUrl":"https:\/\/i1.createsend1.com\/ei\/r\/E2\/344\/CB9\/csimport\/humboldtforum.150033.jpg"},{"@type":"WebSite","@id":"https:\/\/www.kunstberatung.de\/newsletter\/#website","url":"https:\/\/www.kunstberatung.de\/newsletter\/","name":"Eva Muellers Visionary Sunday Post","description":"Eva Mueller Kunstberatung","potentialAction":[{"@type":"SearchAction","target":{"@type":"EntryPoint","urlTemplate":"https:\/\/www.kunstberatung.de\/newsletter\/?s={search_term_string}"},"query-input":{"@type":"PropertyValueSpecification","valueRequired":true,"valueName":"search_term_string"}}],"inLanguage":"de"},{"@type":"Person","@id":"https:\/\/www.kunstberatung.de\/newsletter\/#\/schema\/person\/5956216e01d75d6ee2e332111165db0a","name":"Eva Mueller","sameAs":["https:\/\/www.kunstberatung.de","https:\/\/de.linkedin.com\/in\/eva-mueller-kunstberatung","https:\/\/www.youtube.com\/kunstberatungde"]}]}},"acf":[],"_links":{"self":[{"href":"https:\/\/www.kunstberatung.de\/newsletter\/wp-json\/wp\/v2\/posts\/5599","targetHints":{"allow":["GET"]}}],"collection":[{"href":"https:\/\/www.kunstberatung.de\/newsletter\/wp-json\/wp\/v2\/posts"}],"about":[{"href":"https:\/\/www.kunstberatung.de\/newsletter\/wp-json\/wp\/v2\/types\/post"}],"author":[{"embeddable":true,"href":"https:\/\/www.kunstberatung.de\/newsletter\/wp-json\/wp\/v2\/users\/2"}],"replies":[{"embeddable":true,"href":"https:\/\/www.kunstberatung.de\/newsletter\/wp-json\/wp\/v2\/comments?post=5599"}],"version-history":[{"count":0,"href":"https:\/\/www.kunstberatung.de\/newsletter\/wp-json\/wp\/v2\/posts\/5599\/revisions"}],"wp:attachment":[{"href":"https:\/\/www.kunstberatung.de\/newsletter\/wp-json\/wp\/v2\/media?parent=5599"}],"wp:term":[{"taxonomy":"category","embeddable":true,"href":"https:\/\/www.kunstberatung.de\/newsletter\/wp-json\/wp\/v2\/categories?post=5599"},{"taxonomy":"post_tag","embeddable":true,"href":"https:\/\/www.kunstberatung.de\/newsletter\/wp-json\/wp\/v2\/tags?post=5599"}],"curies":[{"name":"wp","href":"https:\/\/api.w.org\/{rel}","templated":true}]}}