{"id":5231,"date":"2020-11-05T12:27:23","date_gmt":"2020-11-05T11:27:23","guid":{"rendered":"https:\/\/www.kunstberatung.de\/newsletter\/?p=5231"},"modified":"2021-09-16T17:09:04","modified_gmt":"2021-09-16T15:09:04","slug":"eva-muellers-visionary-sunday-post-554-stahl-und-eisen","status":"publish","type":"post","link":"https:\/\/www.kunstberatung.de\/newsletter\/blog\/eva-muellers-visionary-sunday-post-554-stahl-und-eisen\/","title":{"rendered":"eva muellers visionary sunday post 554 &#8211; stahl und eisen"},"content":{"rendered":"<p>Guten Tag,<\/p>\n<p>wenn Vorst\u00e4nde, B\u00fcrgermeister, Citymanager sich einig sind, ist selbst jetzt vieles m\u00f6glich! Wenn allen der Wert von Kunst bewusst ist, dann finden auch in diesem Jahr die N\u00fcrtinger Kunsttage statt. Am Donnerstag haben wir sie mit einem Pressegespr\u00e4ch vor der neu fusionierten Volksbank Mittlerer Neckar mit Stahl- und Eisenarbeiten der K\u00fcnstlerin Manuela Tirler im Freien er\u00f6ffnet.<\/p>\n<p>Obwohl ein wichtiger Anreiz f\u00fcr den Werbering der Gesch\u00e4fte heuer wegfiel, der damit verbundene verkaufsoffene Sonntag! So schreibt gerade dann der Vorsitzende des Werberings, Frank Schweizer im CityNetz: \u201eIst es nicht die Kultur, die das Menschsein ausmacht? Aber klar! Jahrtausendealte H\u00f6hlenmalereien sind der noch heute sichtbare Beweis. Insofern: Wir k\u00f6nnen nicht anders: Auch im Coronajahr muss es die N\u00fcrtinger Kunsttage geben.\u201c<\/p>\n<p>Eberhard Gras, Vorstand der Volksbank Mittlerer Neckar sprach davon, wie sehr er im Alltag die von mir konzipierte Kunstsammlung sch\u00e4tzt \u2013 und ihm speziell die Werke von Manuela Tirler neue Impulse und Anregungen geben.<\/p>\n<p>Und der B\u00fcrgermeister, Dr. Johannes Fridrich, ist sowieso dabei, frischen Wind in die Stadt zu bringen und damit auch bedeutender Architektur und Kunst einen angemessenen Stellenwert zu geben, um ein lebendiges Miteinander zu initiieren.<\/p>\n<p>Dass die Werke zu den Kunsttagen in den Schaufenstern der Volksbank platziert werden, die wir speziell zu diesem Zweck bereits in der Umbauphase passend planen durften, ist in der momentanen Situation ein besonders gl\u00fccklicher Umstand.<\/p>\n<p>Auf den ersten Blick wirkt es, als ranke sich uns Betrachter*innen hinter den Fenstern nat\u00fcrliches Ge\u00e4st entgegen. Doch Manuela Tirler konfrontiert unsere Naturassoziationen mit hartem Stahl und Eisen. Gebogen und teilweise mit Hilfe von Baggerschaufeln gepresst, entstehen ihre geometrische Figuren. Im Kontext gef\u00e4hrdeter Natur erleben wir diese Objekte durchaus als Mahnung.<\/p>\n<p>Stahl und Eisen, harte Materialen, die zu weichen, organischen Formen werden. Und eine Stadtgemeinschaft, die vision\u00e4r \u00fcber die momentane Situation hinaus vom Wert der Kunst erz\u00e4hlt. Wie sch\u00f6n!<\/p>\n<p>Mit farbenfrohen Herbstgr\u00fcssen<br \/>\nIhre Eva Mueller<\/p>\n<p>&nbsp;<\/p>\n<div align=\"center\"><img loading=\"lazy\" decoding=\"async\" class=\"responsive\" src=\"https:\/\/i1.createsend1.com\/ei\/r\/34\/555\/0E8\/csimport\/manuelatirler.162433.jpg\" width=\"665\" height=\"358\" \/><\/div>\n<div align=\"center\"><\/div>\n<div align=\"center\">\n<p>Abb: Stahlarbeiten von\u00a0Manuela Tirler (von links nach rechts)<\/p>\n<p>&#8222;Turning Wheel 1&#8220;, 65 x 65 x 25 cm, 2009<br \/>\n&#8222;Waldst\u00fcck LII&#8220;, Stahl 282 x 81 x 81 cm, 2012<br \/>\n&#8222;Weed Sphere III&#8220;, Stahl 86 x 250 x 250 cm, 2013<\/p>\n<\/div>\n","protected":false},"excerpt":{"rendered":"<p>Guten Tag, wenn Vorst\u00e4nde, B\u00fcrgermeister, Citymanager sich einig sind, ist selbst jetzt vieles m\u00f6glich! Wenn allen der Wert von Kunst bewusst ist, dann finden auch in diesem Jahr die N\u00fcrtinger Kunsttage statt. Am Donnerstag haben wir sie mit einem Pressegespr\u00e4ch vor der neu fusionierten Volksbank Mittlerer Neckar mit Stahl- und Eisenarbeiten der K\u00fcnstlerin Manuela Tirler [&hellip;]<\/p>\n","protected":false},"author":2,"featured_media":0,"comment_status":"closed","ping_status":"closed","sticky":false,"template":"","format":"standard","meta":{"_acf_changed":false,"footnotes":""},"categories":[2],"tags":[],"class_list":["post-5231","post","type-post","status-publish","format-standard","hentry","category-blog"],"yoast_head":"<!-- This site is optimized with the Yoast SEO plugin v26.6 - https:\/\/yoast.com\/wordpress\/plugins\/seo\/ -->\n<title>Eva Muellers Visionary Sunday Post 554 - Stahl Und Eisen | Eva Muellers Visionary Sunday Post<\/title>\n<meta name=\"description\" content=\"Die eva mueller Kunstberatung kuratiert die Ausstellung der Kunsttage N\u00fcrtingen in der Volksbank Mittlerer Neckar mit Manuela Tirler\" \/>\n<meta name=\"robots\" content=\"index, follow, max-snippet:-1, max-image-preview:large, max-video-preview:-1\" \/>\n<link rel=\"canonical\" href=\"https:\/\/www.kunstberatung.de\/newsletter\/blog\/eva-muellers-visionary-sunday-post-554-stahl-und-eisen\/\" \/>\n<meta property=\"og:locale\" content=\"de_DE\" \/>\n<meta property=\"og:type\" content=\"article\" \/>\n<meta property=\"og:title\" content=\"eva muellers visionary sunday post 554 - stahl und eisen | Eva Muellers Visionary Sunday Post\" \/>\n<meta property=\"og:description\" content=\"Die eva mueller Kunstberatung kuratiert die Ausstellung der Kunsttage N\u00fcrtingen in der Volksbank Mittlerer Neckar mit Manuela Tirler\" \/>\n<meta property=\"og:url\" content=\"https:\/\/www.kunstberatung.de\/newsletter\/blog\/eva-muellers-visionary-sunday-post-554-stahl-und-eisen\/\" \/>\n<meta property=\"og:site_name\" content=\"Eva Muellers Visionary Sunday Post\" \/>\n<meta property=\"article:published_time\" content=\"2020-11-05T11:27:23+00:00\" \/>\n<meta property=\"article:modified_time\" content=\"2021-09-16T15:09:04+00:00\" \/>\n<meta property=\"og:image\" content=\"https:\/\/i1.createsend1.com\/ei\/r\/34\/555\/0E8\/csimport\/manuelatirler.162433.jpg\" \/>\n<meta name=\"author\" content=\"Eva Mueller\" \/>\n<meta name=\"twitter:card\" content=\"summary_large_image\" \/>\n<meta name=\"twitter:label1\" content=\"Verfasst von\" \/>\n\t<meta name=\"twitter:data1\" content=\"Eva Mueller\" \/>\n\t<meta name=\"twitter:label2\" content=\"Gesch\u00e4tzte Lesezeit\" \/>\n\t<meta name=\"twitter:data2\" content=\"2\u00a0Minuten\" \/>\n<script type=\"application\/ld+json\" class=\"yoast-schema-graph\">{\"@context\":\"https:\/\/schema.org\",\"@graph\":[{\"@type\":\"WebPage\",\"@id\":\"https:\/\/www.kunstberatung.de\/newsletter\/blog\/eva-muellers-visionary-sunday-post-554-stahl-und-eisen\/\",\"url\":\"https:\/\/www.kunstberatung.de\/newsletter\/blog\/eva-muellers-visionary-sunday-post-554-stahl-und-eisen\/\",\"name\":\"eva muellers visionary sunday post 554 - stahl und eisen | Eva Muellers Visionary Sunday Post\",\"isPartOf\":{\"@id\":\"https:\/\/www.kunstberatung.de\/newsletter\/#website\"},\"primaryImageOfPage\":{\"@id\":\"https:\/\/www.kunstberatung.de\/newsletter\/blog\/eva-muellers-visionary-sunday-post-554-stahl-und-eisen\/#primaryimage\"},\"image\":{\"@id\":\"https:\/\/www.kunstberatung.de\/newsletter\/blog\/eva-muellers-visionary-sunday-post-554-stahl-und-eisen\/#primaryimage\"},\"thumbnailUrl\":\"https:\/\/i1.createsend1.com\/ei\/r\/34\/555\/0E8\/csimport\/manuelatirler.162433.jpg\",\"datePublished\":\"2020-11-05T11:27:23+00:00\",\"dateModified\":\"2021-09-16T15:09:04+00:00\",\"author\":{\"@id\":\"https:\/\/www.kunstberatung.de\/newsletter\/#\/schema\/person\/5956216e01d75d6ee2e332111165db0a\"},\"description\":\"Die eva mueller Kunstberatung kuratiert die Ausstellung der Kunsttage N\u00fcrtingen in der Volksbank Mittlerer Neckar mit Manuela Tirler\",\"inLanguage\":\"de\",\"potentialAction\":[{\"@type\":\"ReadAction\",\"target\":[\"https:\/\/www.kunstberatung.de\/newsletter\/blog\/eva-muellers-visionary-sunday-post-554-stahl-und-eisen\/\"]}]},{\"@type\":\"ImageObject\",\"inLanguage\":\"de\",\"@id\":\"https:\/\/www.kunstberatung.de\/newsletter\/blog\/eva-muellers-visionary-sunday-post-554-stahl-und-eisen\/#primaryimage\",\"url\":\"https:\/\/i1.createsend1.com\/ei\/r\/34\/555\/0E8\/csimport\/manuelatirler.162433.jpg\",\"contentUrl\":\"https:\/\/i1.createsend1.com\/ei\/r\/34\/555\/0E8\/csimport\/manuelatirler.162433.jpg\"},{\"@type\":\"WebSite\",\"@id\":\"https:\/\/www.kunstberatung.de\/newsletter\/#website\",\"url\":\"https:\/\/www.kunstberatung.de\/newsletter\/\",\"name\":\"Eva Muellers Visionary Sunday Post\",\"description\":\"Eva Mueller Kunstberatung\",\"potentialAction\":[{\"@type\":\"SearchAction\",\"target\":{\"@type\":\"EntryPoint\",\"urlTemplate\":\"https:\/\/www.kunstberatung.de\/newsletter\/?s={search_term_string}\"},\"query-input\":{\"@type\":\"PropertyValueSpecification\",\"valueRequired\":true,\"valueName\":\"search_term_string\"}}],\"inLanguage\":\"de\"},{\"@type\":\"Person\",\"@id\":\"https:\/\/www.kunstberatung.de\/newsletter\/#\/schema\/person\/5956216e01d75d6ee2e332111165db0a\",\"name\":\"Eva Mueller\",\"sameAs\":[\"https:\/\/www.kunstberatung.de\",\"https:\/\/de.linkedin.com\/in\/eva-mueller-kunstberatung\",\"https:\/\/www.youtube.com\/kunstberatungde\"]}]}<\/script>\n<!-- \/ Yoast SEO plugin. -->","yoast_head_json":{"title":"Eva Muellers Visionary Sunday Post 554 - Stahl Und Eisen | Eva Muellers Visionary Sunday Post","description":"Die eva mueller Kunstberatung kuratiert die Ausstellung der Kunsttage N\u00fcrtingen in der Volksbank Mittlerer Neckar mit Manuela Tirler","robots":{"index":"index","follow":"follow","max-snippet":"max-snippet:-1","max-image-preview":"max-image-preview:large","max-video-preview":"max-video-preview:-1"},"canonical":"https:\/\/www.kunstberatung.de\/newsletter\/blog\/eva-muellers-visionary-sunday-post-554-stahl-und-eisen\/","og_locale":"de_DE","og_type":"article","og_title":"eva muellers visionary sunday post 554 - stahl und eisen | Eva Muellers Visionary Sunday Post","og_description":"Die eva mueller Kunstberatung kuratiert die Ausstellung der Kunsttage N\u00fcrtingen in der Volksbank Mittlerer Neckar mit Manuela Tirler","og_url":"https:\/\/www.kunstberatung.de\/newsletter\/blog\/eva-muellers-visionary-sunday-post-554-stahl-und-eisen\/","og_site_name":"Eva Muellers Visionary Sunday Post","article_published_time":"2020-11-05T11:27:23+00:00","article_modified_time":"2021-09-16T15:09:04+00:00","og_image":[{"url":"https:\/\/i1.createsend1.com\/ei\/r\/34\/555\/0E8\/csimport\/manuelatirler.162433.jpg","type":"","width":"","height":""}],"author":"Eva Mueller","twitter_card":"summary_large_image","twitter_misc":{"Verfasst von":"Eva Mueller","Gesch\u00e4tzte Lesezeit":"2\u00a0Minuten"},"schema":{"@context":"https:\/\/schema.org","@graph":[{"@type":"WebPage","@id":"https:\/\/www.kunstberatung.de\/newsletter\/blog\/eva-muellers-visionary-sunday-post-554-stahl-und-eisen\/","url":"https:\/\/www.kunstberatung.de\/newsletter\/blog\/eva-muellers-visionary-sunday-post-554-stahl-und-eisen\/","name":"eva muellers visionary sunday post 554 - stahl und eisen | Eva Muellers Visionary Sunday Post","isPartOf":{"@id":"https:\/\/www.kunstberatung.de\/newsletter\/#website"},"primaryImageOfPage":{"@id":"https:\/\/www.kunstberatung.de\/newsletter\/blog\/eva-muellers-visionary-sunday-post-554-stahl-und-eisen\/#primaryimage"},"image":{"@id":"https:\/\/www.kunstberatung.de\/newsletter\/blog\/eva-muellers-visionary-sunday-post-554-stahl-und-eisen\/#primaryimage"},"thumbnailUrl":"https:\/\/i1.createsend1.com\/ei\/r\/34\/555\/0E8\/csimport\/manuelatirler.162433.jpg","datePublished":"2020-11-05T11:27:23+00:00","dateModified":"2021-09-16T15:09:04+00:00","author":{"@id":"https:\/\/www.kunstberatung.de\/newsletter\/#\/schema\/person\/5956216e01d75d6ee2e332111165db0a"},"description":"Die eva mueller Kunstberatung kuratiert die Ausstellung der Kunsttage N\u00fcrtingen in der Volksbank Mittlerer Neckar mit Manuela Tirler","inLanguage":"de","potentialAction":[{"@type":"ReadAction","target":["https:\/\/www.kunstberatung.de\/newsletter\/blog\/eva-muellers-visionary-sunday-post-554-stahl-und-eisen\/"]}]},{"@type":"ImageObject","inLanguage":"de","@id":"https:\/\/www.kunstberatung.de\/newsletter\/blog\/eva-muellers-visionary-sunday-post-554-stahl-und-eisen\/#primaryimage","url":"https:\/\/i1.createsend1.com\/ei\/r\/34\/555\/0E8\/csimport\/manuelatirler.162433.jpg","contentUrl":"https:\/\/i1.createsend1.com\/ei\/r\/34\/555\/0E8\/csimport\/manuelatirler.162433.jpg"},{"@type":"WebSite","@id":"https:\/\/www.kunstberatung.de\/newsletter\/#website","url":"https:\/\/www.kunstberatung.de\/newsletter\/","name":"Eva Muellers Visionary Sunday Post","description":"Eva Mueller Kunstberatung","potentialAction":[{"@type":"SearchAction","target":{"@type":"EntryPoint","urlTemplate":"https:\/\/www.kunstberatung.de\/newsletter\/?s={search_term_string}"},"query-input":{"@type":"PropertyValueSpecification","valueRequired":true,"valueName":"search_term_string"}}],"inLanguage":"de"},{"@type":"Person","@id":"https:\/\/www.kunstberatung.de\/newsletter\/#\/schema\/person\/5956216e01d75d6ee2e332111165db0a","name":"Eva Mueller","sameAs":["https:\/\/www.kunstberatung.de","https:\/\/de.linkedin.com\/in\/eva-mueller-kunstberatung","https:\/\/www.youtube.com\/kunstberatungde"]}]}},"acf":[],"_links":{"self":[{"href":"https:\/\/www.kunstberatung.de\/newsletter\/wp-json\/wp\/v2\/posts\/5231","targetHints":{"allow":["GET"]}}],"collection":[{"href":"https:\/\/www.kunstberatung.de\/newsletter\/wp-json\/wp\/v2\/posts"}],"about":[{"href":"https:\/\/www.kunstberatung.de\/newsletter\/wp-json\/wp\/v2\/types\/post"}],"author":[{"embeddable":true,"href":"https:\/\/www.kunstberatung.de\/newsletter\/wp-json\/wp\/v2\/users\/2"}],"replies":[{"embeddable":true,"href":"https:\/\/www.kunstberatung.de\/newsletter\/wp-json\/wp\/v2\/comments?post=5231"}],"version-history":[{"count":0,"href":"https:\/\/www.kunstberatung.de\/newsletter\/wp-json\/wp\/v2\/posts\/5231\/revisions"}],"wp:attachment":[{"href":"https:\/\/www.kunstberatung.de\/newsletter\/wp-json\/wp\/v2\/media?parent=5231"}],"wp:term":[{"taxonomy":"category","embeddable":true,"href":"https:\/\/www.kunstberatung.de\/newsletter\/wp-json\/wp\/v2\/categories?post=5231"},{"taxonomy":"post_tag","embeddable":true,"href":"https:\/\/www.kunstberatung.de\/newsletter\/wp-json\/wp\/v2\/tags?post=5231"}],"curies":[{"name":"wp","href":"https:\/\/api.w.org\/{rel}","templated":true}]}}