{"id":5206,"date":"2020-09-08T12:06:12","date_gmt":"2020-09-08T10:06:12","guid":{"rendered":"https:\/\/www.kunstberatung.de\/newsletter\/?p=5206"},"modified":"2021-09-16T17:18:59","modified_gmt":"2021-09-16T15:18:59","slug":"eva-muellers-visionary-sunday-post-545-kapitalismus","status":"publish","type":"post","link":"https:\/\/www.kunstberatung.de\/newsletter\/blog\/eva-muellers-visionary-sunday-post-545-kapitalismus\/","title":{"rendered":"eva muellers visionary sunday post 545 &#8211; kapitalismus"},"content":{"rendered":"<p>Guten Tag,<\/p>\n<p>\u201eDer Kapitalismus ist weit mehr als nur ein \u00f6konomisches System. Er ist eine Gesellschaftsordnung, die unser Denken, F\u00fchlen und Dasein seit Jahrhunderten pr\u00e4gt\u201c schreiben die Kurator\/innen der gleichnamigen Ausstellung in der Bundeskunsthalle in Bonn.<\/p>\n<p>Wie definieren K\u00fcnstler\/innen die typischen Dynamiken des Kapitalismus, wie Rationalisierung, Individualisierung, Akkumulation, Geld und Investitionen, ungebremstes Wachstum und sch\u00f6pferische Krisen? Was davon ist l\u00e4ngst so selbstverst\u00e4ndlich, dass es scheinbar in unsere DNA \u00fcbergegangen ist? Welche Auswirkungen hat das auf unser Verst\u00e4ndnis von Individualit\u00e4t und die jeweilige, pers\u00f6nliche, materielle Situation?<\/p>\n<p>Ausstellungen ben\u00f6tigen eine lange Vorbereitungszeit. Die Brisanz der Fragestellungen gibt es schon l\u00e4nger, aktuell versch\u00e4rft sich die Diskussion. Welch ein &#8222;Zufall&#8220;, dass sich gerade zwei renommierte Ausstellungsh\u00e4user damit besch\u00e4ftigen.<\/p>\n<p>Die Bundeskunsthalle in Bonn zeigt mit: \u201eWir Kapitalisten von Anfang bis Turbo\u201c, Objekte aus Kunst, Geschichte und Alltagskultur, um m\u00f6glichst lebensnah diesem hoch komplexen und gesellschaftlich relevanten Thema nahe zu kommen. Und l\u00e4sst die Besucher\/innen im digitalen Spiel herausfinden, wie es um den eigenen Kaufrausch und das individuelle kapitalistische Ich steht.<\/p>\n<p>\u201eAusweitung der Marktzone \u2013 Fragen an den heutigen Kapitalismus\u201c heisst die Ausstellung im Kallmann-Museum in Ismaning.<\/p>\n<p>Marktmechanismen, Marktwert und internationaler Handel betreffen nat\u00fcrlich auch die Kunst. Sie wird wie eine Ware gehandelt \u2013 manchmal so, als w\u00e4re sie nur das. Die K\u00fcnstler\/innen der Ausstellung in Ismaning thematisieren die weitreichenden, \u00f6konomischen Auswirkungen, die sogar Erfolg, Gl\u00fcck und \u00dcberleben vom materiellen Status abh\u00e4ngig machen. Welche Wertvorstellungen sind davon betroffen?\u00a0 Wie hat sich unser Verh\u00e4ltnis zu Mensch und Natur ver\u00e4ndert?<\/p>\n<p>Zukunftsrelevante Fragen also, denen wir uns unbedingt mit vision\u00e4rem Sinn stellen sollten.\u00a0Die aktuelle Situation fordert gerade dazu auf zeitgem\u00e4sse, evolution\u00e4r notwendige Antworten zu finden.<\/p>\n<p>Mit herzlichem Gruss<br \/>\nIhre Eva Mueller<\/p>\n<p>&nbsp;<\/p>\n<p>Abbildungen waren nur w\u00e4hrend der Ausstellungszeit m\u00f6glich<\/p>\n","protected":false},"excerpt":{"rendered":"<p>Guten Tag, \u201eDer Kapitalismus ist weit mehr als nur ein \u00f6konomisches System. Er ist eine Gesellschaftsordnung, die unser Denken, F\u00fchlen und Dasein seit Jahrhunderten pr\u00e4gt\u201c schreiben die Kurator\/innen der gleichnamigen Ausstellung in der Bundeskunsthalle in Bonn. Wie definieren K\u00fcnstler\/innen die typischen Dynamiken des Kapitalismus, wie Rationalisierung, Individualisierung, Akkumulation, Geld und Investitionen, ungebremstes Wachstum und sch\u00f6pferische [&hellip;]<\/p>\n","protected":false},"author":2,"featured_media":0,"comment_status":"closed","ping_status":"closed","sticky":false,"template":"","format":"standard","meta":{"_acf_changed":false,"footnotes":""},"categories":[2],"tags":[],"class_list":["post-5206","post","type-post","status-publish","format-standard","hentry","category-blog"],"yoast_head":"<!-- This site is optimized with the Yoast SEO plugin v26.6 - https:\/\/yoast.com\/wordpress\/plugins\/seo\/ -->\n<title>Eva Muellers Visionary Sunday Post 545 - Kapitalismus | Eva Muellers Visionary Sunday Post<\/title>\n<meta name=\"description\" content=\"Newsletter der eva mueller Kunstberatung zu aktuellen Ausstellungen mit dem Thema Kapitalismus in der Bundeskunsthalle und dem Kallmann Museum\" \/>\n<meta name=\"robots\" content=\"index, follow, max-snippet:-1, max-image-preview:large, max-video-preview:-1\" \/>\n<link rel=\"canonical\" href=\"https:\/\/www.kunstberatung.de\/newsletter\/blog\/eva-muellers-visionary-sunday-post-545-kapitalismus\/\" \/>\n<meta property=\"og:locale\" content=\"de_DE\" \/>\n<meta property=\"og:type\" content=\"article\" \/>\n<meta property=\"og:title\" content=\"eva muellers visionary sunday post 545 - kapitalismus | Eva Muellers Visionary Sunday Post\" \/>\n<meta property=\"og:description\" content=\"Newsletter der eva mueller Kunstberatung zu aktuellen Ausstellungen mit dem Thema Kapitalismus in der Bundeskunsthalle und dem Kallmann Museum\" \/>\n<meta property=\"og:url\" content=\"https:\/\/www.kunstberatung.de\/newsletter\/blog\/eva-muellers-visionary-sunday-post-545-kapitalismus\/\" \/>\n<meta property=\"og:site_name\" content=\"Eva Muellers Visionary Sunday Post\" \/>\n<meta property=\"article:published_time\" content=\"2020-09-08T10:06:12+00:00\" \/>\n<meta property=\"article:modified_time\" content=\"2021-09-16T15:18:59+00:00\" \/>\n<meta name=\"author\" content=\"Eva Mueller\" \/>\n<meta name=\"twitter:card\" content=\"summary_large_image\" \/>\n<meta name=\"twitter:label1\" content=\"Verfasst von\" \/>\n\t<meta name=\"twitter:data1\" content=\"Eva Mueller\" \/>\n\t<meta name=\"twitter:label2\" content=\"Gesch\u00e4tzte Lesezeit\" \/>\n\t<meta name=\"twitter:data2\" content=\"2\u00a0Minuten\" \/>\n<script type=\"application\/ld+json\" class=\"yoast-schema-graph\">{\"@context\":\"https:\/\/schema.org\",\"@graph\":[{\"@type\":\"WebPage\",\"@id\":\"https:\/\/www.kunstberatung.de\/newsletter\/blog\/eva-muellers-visionary-sunday-post-545-kapitalismus\/\",\"url\":\"https:\/\/www.kunstberatung.de\/newsletter\/blog\/eva-muellers-visionary-sunday-post-545-kapitalismus\/\",\"name\":\"eva muellers visionary sunday post 545 - kapitalismus | Eva Muellers Visionary Sunday Post\",\"isPartOf\":{\"@id\":\"https:\/\/www.kunstberatung.de\/newsletter\/#website\"},\"datePublished\":\"2020-09-08T10:06:12+00:00\",\"dateModified\":\"2021-09-16T15:18:59+00:00\",\"author\":{\"@id\":\"https:\/\/www.kunstberatung.de\/newsletter\/#\/schema\/person\/5956216e01d75d6ee2e332111165db0a\"},\"description\":\"Newsletter der eva mueller Kunstberatung zu aktuellen Ausstellungen mit dem Thema Kapitalismus in der Bundeskunsthalle und dem Kallmann Museum\",\"inLanguage\":\"de\",\"potentialAction\":[{\"@type\":\"ReadAction\",\"target\":[\"https:\/\/www.kunstberatung.de\/newsletter\/blog\/eva-muellers-visionary-sunday-post-545-kapitalismus\/\"]}]},{\"@type\":\"WebSite\",\"@id\":\"https:\/\/www.kunstberatung.de\/newsletter\/#website\",\"url\":\"https:\/\/www.kunstberatung.de\/newsletter\/\",\"name\":\"Eva Muellers Visionary Sunday Post\",\"description\":\"Eva Mueller Kunstberatung\",\"potentialAction\":[{\"@type\":\"SearchAction\",\"target\":{\"@type\":\"EntryPoint\",\"urlTemplate\":\"https:\/\/www.kunstberatung.de\/newsletter\/?s={search_term_string}\"},\"query-input\":{\"@type\":\"PropertyValueSpecification\",\"valueRequired\":true,\"valueName\":\"search_term_string\"}}],\"inLanguage\":\"de\"},{\"@type\":\"Person\",\"@id\":\"https:\/\/www.kunstberatung.de\/newsletter\/#\/schema\/person\/5956216e01d75d6ee2e332111165db0a\",\"name\":\"Eva Mueller\",\"sameAs\":[\"https:\/\/www.kunstberatung.de\",\"https:\/\/de.linkedin.com\/in\/eva-mueller-kunstberatung\",\"https:\/\/www.youtube.com\/kunstberatungde\"]}]}<\/script>\n<!-- \/ Yoast SEO plugin. -->","yoast_head_json":{"title":"Eva Muellers Visionary Sunday Post 545 - Kapitalismus | Eva Muellers Visionary Sunday Post","description":"Newsletter der eva mueller Kunstberatung zu aktuellen Ausstellungen mit dem Thema Kapitalismus in der Bundeskunsthalle und dem Kallmann Museum","robots":{"index":"index","follow":"follow","max-snippet":"max-snippet:-1","max-image-preview":"max-image-preview:large","max-video-preview":"max-video-preview:-1"},"canonical":"https:\/\/www.kunstberatung.de\/newsletter\/blog\/eva-muellers-visionary-sunday-post-545-kapitalismus\/","og_locale":"de_DE","og_type":"article","og_title":"eva muellers visionary sunday post 545 - kapitalismus | Eva Muellers Visionary Sunday Post","og_description":"Newsletter der eva mueller Kunstberatung zu aktuellen Ausstellungen mit dem Thema Kapitalismus in der Bundeskunsthalle und dem Kallmann Museum","og_url":"https:\/\/www.kunstberatung.de\/newsletter\/blog\/eva-muellers-visionary-sunday-post-545-kapitalismus\/","og_site_name":"Eva Muellers Visionary Sunday Post","article_published_time":"2020-09-08T10:06:12+00:00","article_modified_time":"2021-09-16T15:18:59+00:00","author":"Eva Mueller","twitter_card":"summary_large_image","twitter_misc":{"Verfasst von":"Eva Mueller","Gesch\u00e4tzte Lesezeit":"2\u00a0Minuten"},"schema":{"@context":"https:\/\/schema.org","@graph":[{"@type":"WebPage","@id":"https:\/\/www.kunstberatung.de\/newsletter\/blog\/eva-muellers-visionary-sunday-post-545-kapitalismus\/","url":"https:\/\/www.kunstberatung.de\/newsletter\/blog\/eva-muellers-visionary-sunday-post-545-kapitalismus\/","name":"eva muellers visionary sunday post 545 - kapitalismus | Eva Muellers Visionary Sunday Post","isPartOf":{"@id":"https:\/\/www.kunstberatung.de\/newsletter\/#website"},"datePublished":"2020-09-08T10:06:12+00:00","dateModified":"2021-09-16T15:18:59+00:00","author":{"@id":"https:\/\/www.kunstberatung.de\/newsletter\/#\/schema\/person\/5956216e01d75d6ee2e332111165db0a"},"description":"Newsletter der eva mueller Kunstberatung zu aktuellen Ausstellungen mit dem Thema Kapitalismus in der Bundeskunsthalle und dem Kallmann Museum","inLanguage":"de","potentialAction":[{"@type":"ReadAction","target":["https:\/\/www.kunstberatung.de\/newsletter\/blog\/eva-muellers-visionary-sunday-post-545-kapitalismus\/"]}]},{"@type":"WebSite","@id":"https:\/\/www.kunstberatung.de\/newsletter\/#website","url":"https:\/\/www.kunstberatung.de\/newsletter\/","name":"Eva Muellers Visionary Sunday Post","description":"Eva Mueller Kunstberatung","potentialAction":[{"@type":"SearchAction","target":{"@type":"EntryPoint","urlTemplate":"https:\/\/www.kunstberatung.de\/newsletter\/?s={search_term_string}"},"query-input":{"@type":"PropertyValueSpecification","valueRequired":true,"valueName":"search_term_string"}}],"inLanguage":"de"},{"@type":"Person","@id":"https:\/\/www.kunstberatung.de\/newsletter\/#\/schema\/person\/5956216e01d75d6ee2e332111165db0a","name":"Eva Mueller","sameAs":["https:\/\/www.kunstberatung.de","https:\/\/de.linkedin.com\/in\/eva-mueller-kunstberatung","https:\/\/www.youtube.com\/kunstberatungde"]}]}},"acf":[],"_links":{"self":[{"href":"https:\/\/www.kunstberatung.de\/newsletter\/wp-json\/wp\/v2\/posts\/5206","targetHints":{"allow":["GET"]}}],"collection":[{"href":"https:\/\/www.kunstberatung.de\/newsletter\/wp-json\/wp\/v2\/posts"}],"about":[{"href":"https:\/\/www.kunstberatung.de\/newsletter\/wp-json\/wp\/v2\/types\/post"}],"author":[{"embeddable":true,"href":"https:\/\/www.kunstberatung.de\/newsletter\/wp-json\/wp\/v2\/users\/2"}],"replies":[{"embeddable":true,"href":"https:\/\/www.kunstberatung.de\/newsletter\/wp-json\/wp\/v2\/comments?post=5206"}],"version-history":[{"count":0,"href":"https:\/\/www.kunstberatung.de\/newsletter\/wp-json\/wp\/v2\/posts\/5206\/revisions"}],"wp:attachment":[{"href":"https:\/\/www.kunstberatung.de\/newsletter\/wp-json\/wp\/v2\/media?parent=5206"}],"wp:term":[{"taxonomy":"category","embeddable":true,"href":"https:\/\/www.kunstberatung.de\/newsletter\/wp-json\/wp\/v2\/categories?post=5206"},{"taxonomy":"post_tag","embeddable":true,"href":"https:\/\/www.kunstberatung.de\/newsletter\/wp-json\/wp\/v2\/tags?post=5206"}],"curies":[{"name":"wp","href":"https:\/\/api.w.org\/{rel}","templated":true}]}}