{"id":5199,"date":"2020-09-08T11:56:32","date_gmt":"2020-09-08T09:56:32","guid":{"rendered":"https:\/\/www.kunstberatung.de\/newsletter\/?p=5199"},"modified":"2021-09-17T14:50:00","modified_gmt":"2021-09-17T12:50:00","slug":"eva-muellers-visionary-sunday-post-542-wo-die-seele-singt","status":"publish","type":"post","link":"https:\/\/www.kunstberatung.de\/newsletter\/blog\/eva-muellers-visionary-sunday-post-542-wo-die-seele-singt\/","title":{"rendered":"eva muellers visionary sunday post 542 &#8211; wo die seele singt"},"content":{"rendered":"<p>Guten Tag,<\/p>\n<p>gerade in Zeiten wie diesen braucht es Raum, Zeit, Menschen, Begegnungen mit Kunst, Gespr\u00e4che, Gemeinschaftserlebnisse, Hoch-Kultur, Austausch, Erlebnisse f\u00fcr Kopf und Herz. Etwas f\u00fcr die Seele. Wohlbefinden. Hochgef\u00fchle. Sch\u00f6nheit. Freude. Gl\u00fcck.<\/p>\n<p>Hoffentlich nicht nur dem Urlaub vorbehalten.<\/p>\n<p>Christoph Quarch und Jan Teunen haben ein Buch zur Kunst im Unternehmen herausgegeben. Und schreiben in diesem meist nur funktional verstandenen Thema mutig von der Vision beseelter Arbeitsr\u00e4ume. Kreativen Orten. Humanen R\u00e4umen. Diesen Anspruch kann man leicht bel\u00e4cheln. Wenn man vergisst, dass Erfolg mit gelungener Beziehungsarbeit zu tun hat \u2013 zu Kund\/innen, Mitarbeiter\/innen, dem grossen Ganzen.<\/p>\n<p>\u201eSo etwas ist kein Zufall. Es ist das Ergebnis kunstvoller und sorgf\u00e4ltiger Gestaltung&#8230; einer Dingwelt, die funktional und poetisch zugleich ist, sodass sie den Bed\u00fcrfnissen von Leib, Geist und Seele Gen\u00fcge tut&#8230; ein Ambiente&#8230; in dem die Seele wachsen, bl\u00fchen, gedeihen, Frucht tragen und reifen kann.\u201c schreiben die beiden Autoren.<\/p>\n<p>Und sie formulieren auch den kritischen Punkt (noch vor Corona \u2013 aber sicher auch in der momentanen Phase): \u201eWo es in der Arbeitswelt von heute klemmt, ist nicht ein Mangel an Funktionalit\u00e4t, Produktivit\u00e4t und Effizienz. Im Gegenteil: Gerade die Dominanz einer rein wirtschaftlichen Rationalit\u00e4t erweist sich zunehmend als kontraproduktiv, denn in derart gepr\u00e4gten R\u00e4umen werden Menschen neurotisch, weil die kulturelle Umgebung ihnen nicht antwortet.<\/p>\n<p>Das wirkliche Problem ist ein Mangel an Menschlichkteit&#8230; Es fehlt an dem, was Menschen in der Tiefe ihrer Seele oder ihres Herzens ber\u00fchrt. Es fehlt an Poesie und Sch\u00f6nheit.\u201c<\/p>\n<p>Die n\u00e4chsten Sommerzeit-Newsletter m\u00f6chte ich diesen Aspekten widmen. Der Resonanz in Kunst und Kultur, die wir f\u00fcr unsere Potentialentfaltung und unser gl\u00fcckliches Geborgensein in dieser Welt so dringend ben\u00f6tigen.<\/p>\n<p>Mit sonnigen Sommergr\u00fcssen<br \/>\nIhre Eva Mueller<\/p>\n<p>&nbsp;<\/p>\n<p>\u201eWo die Seele singt \u2013 \u00dcber Kunst in Unternehmen\u201c von Christoph Quarch und Jan Teunen<br \/>\nist im Remedium Verlag erschienen<\/p>\n<p>&nbsp;<\/p>\n<p><img decoding=\"async\" src=\"https:\/\/i1.createsend1.com\/ei\/r\/B2\/6FD\/096\/csimport\/hilmaafklint10largest.234107.jpg\" \/><\/p>\n<p>Abb: \u201cThe Ten Largest\u201d von Hilma af Klint (1907) at the Museum of Modern Art Stockholm, 2013, Foto: \u00c5sa Lund\u00e9n<\/p>\n<p>Diese beeindruckend grossen und grossartigen Werke sind diesen Sommer \u00fcber bis zum 21.2.2021 im Moderna Museet in Malm\u00f6 zu sehen.<\/p>\n<p>L\u00e4sst sich die Seele mit bildnerischen Mitteln darstellen? Die K\u00fcnstlerin Hilma af Klint schuf \u00fcber 1200 Werke, in denen sie dieses Unsichtbare sichtbar machen wollte. Und daher zur ersten abstrakten Malerin unserer Zeit und Region wurde. Die Filmemacherin Halina Dyrschka schildert Leben und Schaffen der K\u00fcnstlerin im Dokumentarfilm \u201eJenseits des Sichtbaren\u201c. Erst seit wenigen Jahren wird die Pionierleistung in Hilma af Klints Werk in grossen internationalen Ausstellungen angemessen gew\u00fcrdigt.<\/p>\n","protected":false},"excerpt":{"rendered":"<p>Guten Tag, gerade in Zeiten wie diesen braucht es Raum, Zeit, Menschen, Begegnungen mit Kunst, Gespr\u00e4che, Gemeinschaftserlebnisse, Hoch-Kultur, Austausch, Erlebnisse f\u00fcr Kopf und Herz. Etwas f\u00fcr die Seele. Wohlbefinden. Hochgef\u00fchle. Sch\u00f6nheit. Freude. Gl\u00fcck. Hoffentlich nicht nur dem Urlaub vorbehalten. Christoph Quarch und Jan Teunen haben ein Buch zur Kunst im Unternehmen herausgegeben. Und schreiben in [&hellip;]<\/p>\n","protected":false},"author":2,"featured_media":0,"comment_status":"closed","ping_status":"closed","sticky":false,"template":"","format":"standard","meta":{"_acf_changed":false,"footnotes":""},"categories":[2],"tags":[],"class_list":["post-5199","post","type-post","status-publish","format-standard","hentry","category-blog"],"yoast_head":"<!-- This site is optimized with the Yoast SEO plugin v26.6 - https:\/\/yoast.com\/wordpress\/plugins\/seo\/ -->\n<title>Eva Muellers Visionary Sunday Post 542 - Wo Die Seele Singt | Eva Muellers Visionary Sunday Post<\/title>\n<meta name=\"description\" content=\"Christoph Quarch\/Jan Teunen haben ein Buch zur Kunst im Unternehmen herausgegeben &quot;Wo die Seele singt&quot;, Newsletter eva mueller Kunstberatung\" \/>\n<meta name=\"robots\" content=\"index, follow, max-snippet:-1, max-image-preview:large, max-video-preview:-1\" \/>\n<link rel=\"canonical\" href=\"https:\/\/www.kunstberatung.de\/newsletter\/blog\/eva-muellers-visionary-sunday-post-542-wo-die-seele-singt\/\" \/>\n<meta property=\"og:locale\" content=\"de_DE\" \/>\n<meta property=\"og:type\" content=\"article\" \/>\n<meta property=\"og:title\" content=\"eva muellers visionary sunday post 542 - wo die seele singt | Eva Muellers Visionary Sunday Post\" \/>\n<meta property=\"og:description\" content=\"Christoph Quarch\/Jan Teunen haben ein Buch zur Kunst im Unternehmen herausgegeben &quot;Wo die Seele singt&quot;, Newsletter eva mueller Kunstberatung\" \/>\n<meta property=\"og:url\" content=\"https:\/\/www.kunstberatung.de\/newsletter\/blog\/eva-muellers-visionary-sunday-post-542-wo-die-seele-singt\/\" \/>\n<meta property=\"og:site_name\" content=\"Eva Muellers Visionary Sunday Post\" \/>\n<meta property=\"article:published_time\" content=\"2020-09-08T09:56:32+00:00\" \/>\n<meta property=\"article:modified_time\" content=\"2021-09-17T12:50:00+00:00\" \/>\n<meta property=\"og:image\" content=\"https:\/\/i1.createsend1.com\/ei\/r\/B2\/6FD\/096\/csimport\/hilmaafklint10largest.234107.jpg\" \/>\n<meta name=\"author\" content=\"Eva Mueller\" \/>\n<meta name=\"twitter:card\" content=\"summary_large_image\" \/>\n<meta name=\"twitter:label1\" content=\"Verfasst von\" \/>\n\t<meta name=\"twitter:data1\" content=\"Eva Mueller\" \/>\n\t<meta name=\"twitter:label2\" content=\"Gesch\u00e4tzte Lesezeit\" \/>\n\t<meta name=\"twitter:data2\" content=\"2\u00a0Minuten\" \/>\n<script type=\"application\/ld+json\" class=\"yoast-schema-graph\">{\"@context\":\"https:\/\/schema.org\",\"@graph\":[{\"@type\":\"WebPage\",\"@id\":\"https:\/\/www.kunstberatung.de\/newsletter\/blog\/eva-muellers-visionary-sunday-post-542-wo-die-seele-singt\/\",\"url\":\"https:\/\/www.kunstberatung.de\/newsletter\/blog\/eva-muellers-visionary-sunday-post-542-wo-die-seele-singt\/\",\"name\":\"eva muellers visionary sunday post 542 - wo die seele singt | Eva Muellers Visionary Sunday Post\",\"isPartOf\":{\"@id\":\"https:\/\/www.kunstberatung.de\/newsletter\/#website\"},\"primaryImageOfPage\":{\"@id\":\"https:\/\/www.kunstberatung.de\/newsletter\/blog\/eva-muellers-visionary-sunday-post-542-wo-die-seele-singt\/#primaryimage\"},\"image\":{\"@id\":\"https:\/\/www.kunstberatung.de\/newsletter\/blog\/eva-muellers-visionary-sunday-post-542-wo-die-seele-singt\/#primaryimage\"},\"thumbnailUrl\":\"https:\/\/i1.createsend1.com\/ei\/r\/B2\/6FD\/096\/csimport\/hilmaafklint10largest.234107.jpg\",\"datePublished\":\"2020-09-08T09:56:32+00:00\",\"dateModified\":\"2021-09-17T12:50:00+00:00\",\"author\":{\"@id\":\"https:\/\/www.kunstberatung.de\/newsletter\/#\/schema\/person\/5956216e01d75d6ee2e332111165db0a\"},\"description\":\"Christoph Quarch\/Jan Teunen haben ein Buch zur Kunst im Unternehmen herausgegeben \\\"Wo die Seele singt\\\", Newsletter eva mueller Kunstberatung\",\"inLanguage\":\"de\",\"potentialAction\":[{\"@type\":\"ReadAction\",\"target\":[\"https:\/\/www.kunstberatung.de\/newsletter\/blog\/eva-muellers-visionary-sunday-post-542-wo-die-seele-singt\/\"]}]},{\"@type\":\"ImageObject\",\"inLanguage\":\"de\",\"@id\":\"https:\/\/www.kunstberatung.de\/newsletter\/blog\/eva-muellers-visionary-sunday-post-542-wo-die-seele-singt\/#primaryimage\",\"url\":\"https:\/\/i1.createsend1.com\/ei\/r\/B2\/6FD\/096\/csimport\/hilmaafklint10largest.234107.jpg\",\"contentUrl\":\"https:\/\/i1.createsend1.com\/ei\/r\/B2\/6FD\/096\/csimport\/hilmaafklint10largest.234107.jpg\"},{\"@type\":\"WebSite\",\"@id\":\"https:\/\/www.kunstberatung.de\/newsletter\/#website\",\"url\":\"https:\/\/www.kunstberatung.de\/newsletter\/\",\"name\":\"Eva Muellers Visionary Sunday Post\",\"description\":\"Eva Mueller Kunstberatung\",\"potentialAction\":[{\"@type\":\"SearchAction\",\"target\":{\"@type\":\"EntryPoint\",\"urlTemplate\":\"https:\/\/www.kunstberatung.de\/newsletter\/?s={search_term_string}\"},\"query-input\":{\"@type\":\"PropertyValueSpecification\",\"valueRequired\":true,\"valueName\":\"search_term_string\"}}],\"inLanguage\":\"de\"},{\"@type\":\"Person\",\"@id\":\"https:\/\/www.kunstberatung.de\/newsletter\/#\/schema\/person\/5956216e01d75d6ee2e332111165db0a\",\"name\":\"Eva Mueller\",\"sameAs\":[\"https:\/\/www.kunstberatung.de\",\"https:\/\/de.linkedin.com\/in\/eva-mueller-kunstberatung\",\"https:\/\/www.youtube.com\/kunstberatungde\"]}]}<\/script>\n<!-- \/ Yoast SEO plugin. -->","yoast_head_json":{"title":"Eva Muellers Visionary Sunday Post 542 - Wo Die Seele Singt | Eva Muellers Visionary Sunday Post","description":"Christoph Quarch\/Jan Teunen haben ein Buch zur Kunst im Unternehmen herausgegeben \"Wo die Seele singt\", Newsletter eva mueller Kunstberatung","robots":{"index":"index","follow":"follow","max-snippet":"max-snippet:-1","max-image-preview":"max-image-preview:large","max-video-preview":"max-video-preview:-1"},"canonical":"https:\/\/www.kunstberatung.de\/newsletter\/blog\/eva-muellers-visionary-sunday-post-542-wo-die-seele-singt\/","og_locale":"de_DE","og_type":"article","og_title":"eva muellers visionary sunday post 542 - wo die seele singt | Eva Muellers Visionary Sunday Post","og_description":"Christoph Quarch\/Jan Teunen haben ein Buch zur Kunst im Unternehmen herausgegeben \"Wo die Seele singt\", Newsletter eva mueller Kunstberatung","og_url":"https:\/\/www.kunstberatung.de\/newsletter\/blog\/eva-muellers-visionary-sunday-post-542-wo-die-seele-singt\/","og_site_name":"Eva Muellers Visionary Sunday Post","article_published_time":"2020-09-08T09:56:32+00:00","article_modified_time":"2021-09-17T12:50:00+00:00","og_image":[{"url":"https:\/\/i1.createsend1.com\/ei\/r\/B2\/6FD\/096\/csimport\/hilmaafklint10largest.234107.jpg","type":"","width":"","height":""}],"author":"Eva Mueller","twitter_card":"summary_large_image","twitter_misc":{"Verfasst von":"Eva Mueller","Gesch\u00e4tzte Lesezeit":"2\u00a0Minuten"},"schema":{"@context":"https:\/\/schema.org","@graph":[{"@type":"WebPage","@id":"https:\/\/www.kunstberatung.de\/newsletter\/blog\/eva-muellers-visionary-sunday-post-542-wo-die-seele-singt\/","url":"https:\/\/www.kunstberatung.de\/newsletter\/blog\/eva-muellers-visionary-sunday-post-542-wo-die-seele-singt\/","name":"eva muellers visionary sunday post 542 - wo die seele singt | Eva Muellers Visionary Sunday Post","isPartOf":{"@id":"https:\/\/www.kunstberatung.de\/newsletter\/#website"},"primaryImageOfPage":{"@id":"https:\/\/www.kunstberatung.de\/newsletter\/blog\/eva-muellers-visionary-sunday-post-542-wo-die-seele-singt\/#primaryimage"},"image":{"@id":"https:\/\/www.kunstberatung.de\/newsletter\/blog\/eva-muellers-visionary-sunday-post-542-wo-die-seele-singt\/#primaryimage"},"thumbnailUrl":"https:\/\/i1.createsend1.com\/ei\/r\/B2\/6FD\/096\/csimport\/hilmaafklint10largest.234107.jpg","datePublished":"2020-09-08T09:56:32+00:00","dateModified":"2021-09-17T12:50:00+00:00","author":{"@id":"https:\/\/www.kunstberatung.de\/newsletter\/#\/schema\/person\/5956216e01d75d6ee2e332111165db0a"},"description":"Christoph Quarch\/Jan Teunen haben ein Buch zur Kunst im Unternehmen herausgegeben \"Wo die Seele singt\", Newsletter eva mueller Kunstberatung","inLanguage":"de","potentialAction":[{"@type":"ReadAction","target":["https:\/\/www.kunstberatung.de\/newsletter\/blog\/eva-muellers-visionary-sunday-post-542-wo-die-seele-singt\/"]}]},{"@type":"ImageObject","inLanguage":"de","@id":"https:\/\/www.kunstberatung.de\/newsletter\/blog\/eva-muellers-visionary-sunday-post-542-wo-die-seele-singt\/#primaryimage","url":"https:\/\/i1.createsend1.com\/ei\/r\/B2\/6FD\/096\/csimport\/hilmaafklint10largest.234107.jpg","contentUrl":"https:\/\/i1.createsend1.com\/ei\/r\/B2\/6FD\/096\/csimport\/hilmaafklint10largest.234107.jpg"},{"@type":"WebSite","@id":"https:\/\/www.kunstberatung.de\/newsletter\/#website","url":"https:\/\/www.kunstberatung.de\/newsletter\/","name":"Eva Muellers Visionary Sunday Post","description":"Eva Mueller Kunstberatung","potentialAction":[{"@type":"SearchAction","target":{"@type":"EntryPoint","urlTemplate":"https:\/\/www.kunstberatung.de\/newsletter\/?s={search_term_string}"},"query-input":{"@type":"PropertyValueSpecification","valueRequired":true,"valueName":"search_term_string"}}],"inLanguage":"de"},{"@type":"Person","@id":"https:\/\/www.kunstberatung.de\/newsletter\/#\/schema\/person\/5956216e01d75d6ee2e332111165db0a","name":"Eva Mueller","sameAs":["https:\/\/www.kunstberatung.de","https:\/\/de.linkedin.com\/in\/eva-mueller-kunstberatung","https:\/\/www.youtube.com\/kunstberatungde"]}]}},"acf":[],"_links":{"self":[{"href":"https:\/\/www.kunstberatung.de\/newsletter\/wp-json\/wp\/v2\/posts\/5199","targetHints":{"allow":["GET"]}}],"collection":[{"href":"https:\/\/www.kunstberatung.de\/newsletter\/wp-json\/wp\/v2\/posts"}],"about":[{"href":"https:\/\/www.kunstberatung.de\/newsletter\/wp-json\/wp\/v2\/types\/post"}],"author":[{"embeddable":true,"href":"https:\/\/www.kunstberatung.de\/newsletter\/wp-json\/wp\/v2\/users\/2"}],"replies":[{"embeddable":true,"href":"https:\/\/www.kunstberatung.de\/newsletter\/wp-json\/wp\/v2\/comments?post=5199"}],"version-history":[{"count":0,"href":"https:\/\/www.kunstberatung.de\/newsletter\/wp-json\/wp\/v2\/posts\/5199\/revisions"}],"wp:attachment":[{"href":"https:\/\/www.kunstberatung.de\/newsletter\/wp-json\/wp\/v2\/media?parent=5199"}],"wp:term":[{"taxonomy":"category","embeddable":true,"href":"https:\/\/www.kunstberatung.de\/newsletter\/wp-json\/wp\/v2\/categories?post=5199"},{"taxonomy":"post_tag","embeddable":true,"href":"https:\/\/www.kunstberatung.de\/newsletter\/wp-json\/wp\/v2\/tags?post=5199"}],"curies":[{"name":"wp","href":"https:\/\/api.w.org\/{rel}","templated":true}]}}