{"id":5176,"date":"2020-07-16T15:40:03","date_gmt":"2020-07-16T13:40:03","guid":{"rendered":"https:\/\/www.kunstberatung.de\/newsletter\/?p=5176"},"modified":"2021-09-17T15:02:00","modified_gmt":"2021-09-17T13:02:00","slug":"eva-muellers-visionary-sunday-post-534-wolkenoper","status":"publish","type":"post","link":"https:\/\/www.kunstberatung.de\/newsletter\/blog\/eva-muellers-visionary-sunday-post-534-wolkenoper\/","title":{"rendered":"eva muellers visionary sunday post 535 &#8211; wolkenoper"},"content":{"rendered":"<p>\u201eLook at the sky.<br \/>\nWatch the clouds.<br \/>\nListen to their music\u201c<br \/>\n<em>Ayumi Paul<\/em><\/p>\n<p>&nbsp;<\/p>\n<p><strong><span style=\"color: #ff9900\">WOLKENOPER &#8211; DEUTSCHLAND ENTDECKEN 2<\/span><\/strong><\/p>\n<p>das k\u00f6nnen Sie nat\u00fcrlich \u00fcberall machen. Eindrucksvolle Wolken &#8211; und gl\u00fccklicherweise auch Sonne &#8211; begleiten mich den Hase-Emsland Radweg entlang \u00fcber Osnabr\u00fcck, Quakenbr\u00fcck, Bramsche, Hasel\u00fcnne, Lingen, Rheine, Warendorf.<\/p>\n<p>Eine unglaublich sch\u00f6ne Gegend. \u00dcber zauberhafte Alleen springen an der Hase passender Weise tats\u00e4chlich Hasen (obwohl sich der Fluss-Name von Hassa, dunkles Wasser ableitet). Am Weg geniesse ich pr\u00e4chtige Ziegel-Fachwerk-H\u00f6fe mit edlen Reitpferden, Wiesen und Felder in hunderterlei Gr\u00fcnt\u00f6nen auf denen St\u00f6rche staksen, verwunschene Teiche mit Seerosen (wie gemalt von Monet), ein kleines Textilmuseum mit pfiffigen Kunstwerken regionaler K\u00fcnstler\/innen und ein grosses Moormuseum, die Stille grossartiger Mischw\u00e4lder, durchbrochen nur von Vogelstimmen.<\/p>\n<p>Wie passend war dazu die \u201eCloud Opera\u201c von Ayumi Paul in der Kunsthalle Osnabr\u00fcck.<\/p>\n<p>Bis zum Ende der Ausstellung am 5.7.2020 ver\u00f6ffentlicht die K\u00fcnstlerin Ayumi Paul Aufnahmen und Polaroids ihrer Wolkenoper. \u201eSie k\u00f6nnen sie sich immer dann anh\u00f6ren, wenn Sie Wolken am Himmel sehen. Wolken symbolisieren den Anfang der Zeit\u201c. schreiben die Kuratorinnen.<\/p>\n<p>Diese Kunst ist erst vollst\u00e4ndig, wenn Sie als Betrachter\/in, Zuh\u00f6rer\/in teilnehmen. Partizipation ist wohl eines der wesentlichen Themen unserer Zeit. In Organisationen, Teams, Hierarchien, Familien, Gemeinden \u2013 und jeglichen Kunstformen.<\/p>\n<p>Ayumi Paul arbeitet mit Inszenierungen, Performances und Kl\u00e4ngen, die alle Sinne ansprechen. In Corona-virtuellen-Zeiten sind wir noch st\u00e4rker als sonst in der visuellen Welt verfangen. Die K\u00fcnstlerin will uns mit ihren audiovisuellen Werken tiefere Zug\u00e4nge erm\u00f6glichen \u2013 parallel zum Sehen.<\/p>\n<p>P\u00fcnktlich zur Sommersonnwende n\u00e4chsten Samstag, 20. Juni ist die Videoarbeit \u201eEarth Rhythms (Yellow Planetary Human)\u201c f\u00fcr 24 Stunden online geschaltet. \u201eEiner der sch\u00f6nsten Filme, die seit langem zu sehen war, schrieb Niklas Maak am 19. April 2020 dar\u00fcber in der Frankfurter Allgemeinen Zeitung am Sonntag.\u201c Ayumi Paul, Komponistin, studierte Violonistin und bildende K\u00fcnstlerin spielt bis zum Sonnenuntergang zu den verschiedenen Licht- und Wolkenstimmungen am Rand des mexikanischen Dschungels auf ihrer Geige.<\/p>\n<p>Ob in Osnabr\u00fcck, M\u00fcnchen, Hamburg, Z\u00fcrich, Berlin oder wo immer Sie sind, k\u00f6nnen Sie w\u00e4hrend diesem sommerlichen Umkehrpunkt den Erdrhythmen lauschen.<\/p>\n<p>Geniessen Sie die Zeit der l\u00e4ngsten Tage,<br \/>\nherzlich Ihre Eva Mueller<\/p>\n<p>&nbsp;<\/p>\n<p><span style=\"color: #ff9900\"><b>WOLKENOPER UND EARTH RHYTHMS<\/b><\/span><\/p>\n<p>Die Aufnahme zur \u201eCloud Opera\u201c finden Sie ebenso wie das Video \u201eEarth Rhythms\u201c auf der Website der Kunsthalle Osnabr\u00fcck zu Ausstellung \u201eSympathetic Resonance\u201c von Ayumi Paul:<br \/>\n<a href=\"https:\/\/newsletter.cebesoft.com\/t\/r-l-jkwhylt-l-i\/\" target=\"_blank\" rel=\"noopener noreferrer\">https:\/\/kunsthalle.osnabrueck.de\/\u028cusstellungen\/\u028cktuell\/<\/a><\/p>\n<p>&nbsp;<\/p>\n<p>Abbildung nur w\u00e4hrend der Ausstellung erlaubt<\/p>\n","protected":false},"excerpt":{"rendered":"<p>\u201eLook at the sky. Watch the clouds. Listen to their music\u201c Ayumi Paul &nbsp; WOLKENOPER &#8211; DEUTSCHLAND ENTDECKEN 2 das k\u00f6nnen Sie nat\u00fcrlich \u00fcberall machen. Eindrucksvolle Wolken &#8211; und gl\u00fccklicherweise auch Sonne &#8211; begleiten mich den Hase-Emsland Radweg entlang \u00fcber Osnabr\u00fcck, Quakenbr\u00fcck, Bramsche, Hasel\u00fcnne, Lingen, Rheine, Warendorf. Eine unglaublich sch\u00f6ne Gegend. \u00dcber zauberhafte Alleen springen [&hellip;]<\/p>\n","protected":false},"author":2,"featured_media":0,"comment_status":"closed","ping_status":"closed","sticky":false,"template":"","format":"standard","meta":{"_acf_changed":false,"footnotes":""},"categories":[2],"tags":[],"class_list":["post-5176","post","type-post","status-publish","format-standard","hentry","category-blog"],"yoast_head":"<!-- This site is optimized with the Yoast SEO plugin v26.6 - https:\/\/yoast.com\/wordpress\/plugins\/seo\/ -->\n<title>Eva Muellers Visionary Sunday Post 535 - Wolkenoper | Eva Muellers Visionary Sunday Post<\/title>\n<meta name=\"description\" content=\"Ausstellung Kunsthalle Osnabr\u00fcck \u201eCloud Opera\u201c, Video \u201eEarth Rhythms\u201c und \u201eSympathetic Resonance\u201c von Ayumi Paul\" \/>\n<meta name=\"robots\" content=\"index, follow, max-snippet:-1, max-image-preview:large, max-video-preview:-1\" \/>\n<link rel=\"canonical\" href=\"https:\/\/www.kunstberatung.de\/newsletter\/blog\/eva-muellers-visionary-sunday-post-534-wolkenoper\/\" \/>\n<meta property=\"og:locale\" content=\"de_DE\" \/>\n<meta property=\"og:type\" content=\"article\" \/>\n<meta property=\"og:title\" content=\"eva muellers visionary sunday post 535 - wolkenoper | Eva Muellers Visionary Sunday Post\" \/>\n<meta property=\"og:description\" content=\"Ausstellung Kunsthalle Osnabr\u00fcck \u201eCloud Opera\u201c, Video \u201eEarth Rhythms\u201c und \u201eSympathetic Resonance\u201c von Ayumi Paul\" \/>\n<meta property=\"og:url\" content=\"https:\/\/www.kunstberatung.de\/newsletter\/blog\/eva-muellers-visionary-sunday-post-534-wolkenoper\/\" \/>\n<meta property=\"og:site_name\" content=\"Eva Muellers Visionary Sunday Post\" \/>\n<meta property=\"article:published_time\" content=\"2020-07-16T13:40:03+00:00\" \/>\n<meta property=\"article:modified_time\" content=\"2021-09-17T13:02:00+00:00\" \/>\n<meta name=\"author\" content=\"Eva Mueller\" \/>\n<meta name=\"twitter:card\" content=\"summary_large_image\" \/>\n<meta name=\"twitter:label1\" content=\"Verfasst von\" \/>\n\t<meta name=\"twitter:data1\" content=\"Eva Mueller\" \/>\n\t<meta name=\"twitter:label2\" content=\"Gesch\u00e4tzte Lesezeit\" \/>\n\t<meta name=\"twitter:data2\" content=\"2\u00a0Minuten\" \/>\n<script type=\"application\/ld+json\" class=\"yoast-schema-graph\">{\"@context\":\"https:\/\/schema.org\",\"@graph\":[{\"@type\":\"WebPage\",\"@id\":\"https:\/\/www.kunstberatung.de\/newsletter\/blog\/eva-muellers-visionary-sunday-post-534-wolkenoper\/\",\"url\":\"https:\/\/www.kunstberatung.de\/newsletter\/blog\/eva-muellers-visionary-sunday-post-534-wolkenoper\/\",\"name\":\"eva muellers visionary sunday post 535 - wolkenoper | Eva Muellers Visionary Sunday Post\",\"isPartOf\":{\"@id\":\"https:\/\/www.kunstberatung.de\/newsletter\/#website\"},\"datePublished\":\"2020-07-16T13:40:03+00:00\",\"dateModified\":\"2021-09-17T13:02:00+00:00\",\"author\":{\"@id\":\"https:\/\/www.kunstberatung.de\/newsletter\/#\/schema\/person\/5956216e01d75d6ee2e332111165db0a\"},\"description\":\"Ausstellung Kunsthalle Osnabr\u00fcck \u201eCloud Opera\u201c, Video \u201eEarth Rhythms\u201c und \u201eSympathetic Resonance\u201c von Ayumi Paul\",\"inLanguage\":\"de\",\"potentialAction\":[{\"@type\":\"ReadAction\",\"target\":[\"https:\/\/www.kunstberatung.de\/newsletter\/blog\/eva-muellers-visionary-sunday-post-534-wolkenoper\/\"]}]},{\"@type\":\"WebSite\",\"@id\":\"https:\/\/www.kunstberatung.de\/newsletter\/#website\",\"url\":\"https:\/\/www.kunstberatung.de\/newsletter\/\",\"name\":\"Eva Muellers Visionary Sunday Post\",\"description\":\"Eva Mueller Kunstberatung\",\"potentialAction\":[{\"@type\":\"SearchAction\",\"target\":{\"@type\":\"EntryPoint\",\"urlTemplate\":\"https:\/\/www.kunstberatung.de\/newsletter\/?s={search_term_string}\"},\"query-input\":{\"@type\":\"PropertyValueSpecification\",\"valueRequired\":true,\"valueName\":\"search_term_string\"}}],\"inLanguage\":\"de\"},{\"@type\":\"Person\",\"@id\":\"https:\/\/www.kunstberatung.de\/newsletter\/#\/schema\/person\/5956216e01d75d6ee2e332111165db0a\",\"name\":\"Eva Mueller\",\"sameAs\":[\"https:\/\/www.kunstberatung.de\",\"https:\/\/de.linkedin.com\/in\/eva-mueller-kunstberatung\",\"https:\/\/www.youtube.com\/kunstberatungde\"]}]}<\/script>\n<!-- \/ Yoast SEO plugin. -->","yoast_head_json":{"title":"Eva Muellers Visionary Sunday Post 535 - Wolkenoper | Eva Muellers Visionary Sunday Post","description":"Ausstellung Kunsthalle Osnabr\u00fcck \u201eCloud Opera\u201c, Video \u201eEarth Rhythms\u201c und \u201eSympathetic Resonance\u201c von Ayumi Paul","robots":{"index":"index","follow":"follow","max-snippet":"max-snippet:-1","max-image-preview":"max-image-preview:large","max-video-preview":"max-video-preview:-1"},"canonical":"https:\/\/www.kunstberatung.de\/newsletter\/blog\/eva-muellers-visionary-sunday-post-534-wolkenoper\/","og_locale":"de_DE","og_type":"article","og_title":"eva muellers visionary sunday post 535 - wolkenoper | Eva Muellers Visionary Sunday Post","og_description":"Ausstellung Kunsthalle Osnabr\u00fcck \u201eCloud Opera\u201c, Video \u201eEarth Rhythms\u201c und \u201eSympathetic Resonance\u201c von Ayumi Paul","og_url":"https:\/\/www.kunstberatung.de\/newsletter\/blog\/eva-muellers-visionary-sunday-post-534-wolkenoper\/","og_site_name":"Eva Muellers Visionary Sunday Post","article_published_time":"2020-07-16T13:40:03+00:00","article_modified_time":"2021-09-17T13:02:00+00:00","author":"Eva Mueller","twitter_card":"summary_large_image","twitter_misc":{"Verfasst von":"Eva Mueller","Gesch\u00e4tzte Lesezeit":"2\u00a0Minuten"},"schema":{"@context":"https:\/\/schema.org","@graph":[{"@type":"WebPage","@id":"https:\/\/www.kunstberatung.de\/newsletter\/blog\/eva-muellers-visionary-sunday-post-534-wolkenoper\/","url":"https:\/\/www.kunstberatung.de\/newsletter\/blog\/eva-muellers-visionary-sunday-post-534-wolkenoper\/","name":"eva muellers visionary sunday post 535 - wolkenoper | Eva Muellers Visionary Sunday Post","isPartOf":{"@id":"https:\/\/www.kunstberatung.de\/newsletter\/#website"},"datePublished":"2020-07-16T13:40:03+00:00","dateModified":"2021-09-17T13:02:00+00:00","author":{"@id":"https:\/\/www.kunstberatung.de\/newsletter\/#\/schema\/person\/5956216e01d75d6ee2e332111165db0a"},"description":"Ausstellung Kunsthalle Osnabr\u00fcck \u201eCloud Opera\u201c, Video \u201eEarth Rhythms\u201c und \u201eSympathetic Resonance\u201c von Ayumi Paul","inLanguage":"de","potentialAction":[{"@type":"ReadAction","target":["https:\/\/www.kunstberatung.de\/newsletter\/blog\/eva-muellers-visionary-sunday-post-534-wolkenoper\/"]}]},{"@type":"WebSite","@id":"https:\/\/www.kunstberatung.de\/newsletter\/#website","url":"https:\/\/www.kunstberatung.de\/newsletter\/","name":"Eva Muellers Visionary Sunday Post","description":"Eva Mueller Kunstberatung","potentialAction":[{"@type":"SearchAction","target":{"@type":"EntryPoint","urlTemplate":"https:\/\/www.kunstberatung.de\/newsletter\/?s={search_term_string}"},"query-input":{"@type":"PropertyValueSpecification","valueRequired":true,"valueName":"search_term_string"}}],"inLanguage":"de"},{"@type":"Person","@id":"https:\/\/www.kunstberatung.de\/newsletter\/#\/schema\/person\/5956216e01d75d6ee2e332111165db0a","name":"Eva Mueller","sameAs":["https:\/\/www.kunstberatung.de","https:\/\/de.linkedin.com\/in\/eva-mueller-kunstberatung","https:\/\/www.youtube.com\/kunstberatungde"]}]}},"acf":[],"_links":{"self":[{"href":"https:\/\/www.kunstberatung.de\/newsletter\/wp-json\/wp\/v2\/posts\/5176","targetHints":{"allow":["GET"]}}],"collection":[{"href":"https:\/\/www.kunstberatung.de\/newsletter\/wp-json\/wp\/v2\/posts"}],"about":[{"href":"https:\/\/www.kunstberatung.de\/newsletter\/wp-json\/wp\/v2\/types\/post"}],"author":[{"embeddable":true,"href":"https:\/\/www.kunstberatung.de\/newsletter\/wp-json\/wp\/v2\/users\/2"}],"replies":[{"embeddable":true,"href":"https:\/\/www.kunstberatung.de\/newsletter\/wp-json\/wp\/v2\/comments?post=5176"}],"version-history":[{"count":0,"href":"https:\/\/www.kunstberatung.de\/newsletter\/wp-json\/wp\/v2\/posts\/5176\/revisions"}],"wp:attachment":[{"href":"https:\/\/www.kunstberatung.de\/newsletter\/wp-json\/wp\/v2\/media?parent=5176"}],"wp:term":[{"taxonomy":"category","embeddable":true,"href":"https:\/\/www.kunstberatung.de\/newsletter\/wp-json\/wp\/v2\/categories?post=5176"},{"taxonomy":"post_tag","embeddable":true,"href":"https:\/\/www.kunstberatung.de\/newsletter\/wp-json\/wp\/v2\/tags?post=5176"}],"curies":[{"name":"wp","href":"https:\/\/api.w.org\/{rel}","templated":true}]}}