{"id":5070,"date":"2020-02-10T16:41:10","date_gmt":"2020-02-10T15:41:10","guid":{"rendered":"https:\/\/www.kunstberatung.de\/newsletter\/?p=5070"},"modified":"2021-09-17T15:40:10","modified_gmt":"2021-09-17T13:40:10","slug":"eva-muellers-visionary-sunday-post-504","status":"publish","type":"post","link":"https:\/\/www.kunstberatung.de\/newsletter\/blog\/eva-muellers-visionary-sunday-post-504\/","title":{"rendered":"eva muellers visionary sunday post 504 &#8211; feelings"},"content":{"rendered":"<p><span style=\"color: #ff9900\"><strong>GEF\u00c4HRLICHE GEF\u00dcHLE?<\/strong><\/span><\/p>\n<p>Guten Tag,<\/p>\n<p>gef\u00e4hrlich k\u00f6nnen Gef\u00fchle werden, wenn sie unbewusst bleiben. Darin liegt auch das gr\u00f6sste Problem unserer stillschweigend vereinbarten, kulturellen Norm, ja keine Regung zu zeigen. Oft schon zu Hause, sp\u00e4testens in der Schule antrainiert, wirkt sie weiter in den beruflich\/wirtschaftlichen Kontext und kann so sehr zur Gewohnheit werden, dass selbst im Privaten nichts mehr zu sp\u00fcren ist.<\/p>\n<p>Gef\u00e4hrlich wird die Taubheit dann, wenn der Druck zu hoch wird und eine Entladung geschieht, die in keiner Relation zur Ursache steht. Worauf alle Betroffenen (einschliesslich Verursacher\/in) h\u00f6chst \u00fcberrascht und geschockt reagieren, wie dies passieren konnte. Von einer Minute zur anderen entpuppt sich da eine v\u00f6llig unbekannte Person. H\u00e4ufig mit nicht geringen Folgen f\u00fcr Beziehungen, Karriere, weitere Zusammenarbeit.<\/p>\n<p>Gef\u00e4hrlich ist die Gef\u00fchls-Naivit\u00e4t, mit der Populisten ihr leichtes Spiel haben. Sie leben w\u00fctend aus, was sich selbst verordnete Gef\u00fchlszur\u00fcckhalter\/innen nicht trauen. Oder nutzen das weltweite Netz, um endlich ihre dunklen Seiten anonym explodieren zu lassen. Nun bleiben Bewusstsein, Ratio und Intellekt v\u00f6llig ausgeschaltet. Wir kennen die alten\/neuen Argumente \u201eman werde doch mal sagen d\u00fcrfen&#8230;\u201c. Die Folgen erleben wir deutlich in unserem politischen Alltag.<\/p>\n<p>Ganz ungef\u00e4hrlich ist er daher nicht, der Zugang zu Kunstwerken. Weil sie uns mit eigenen Gef\u00fchlen und Defiziten konfrontieren. Auf inspirierende Weise allerdings nur, wenn wir uns emotional und intellektuell \u00f6ffnen, darauf einlassen k\u00f6nnen. Darum ist Kunst im Unternehmen, im wirtschaftlichen und gesellschaftlichen Kontext \u00fcberlebenswichtig! F\u00fcr die Einzelnen, die sich in ihrem Umfeld als ganze Pers\u00f6nlichkeit erfahren und entwickeln wollen. Und f\u00fcr unser Zusammenleben, damit die Manipulatoren keine Chance haben.<\/p>\n<p>Gerade hat Patricia Patz ein grossartiges Buch \u00fcber \u201eGef\u00fchle. Emotional gesund in einer rationalen Welt\u201c ver\u00f6ffentlicht. Sie vermittelt all das, was wir schon immer \u00fcber Gef\u00fchle wissen wollten \u2013 und wie sie auf gl\u00fcckliche Weise lebbar werden.<\/p>\n<p>Diesem Wert der Gef\u00fchle widmet sich auch die gerade er\u00f6ffnete Ausstellung \u201eFeelings\u201c in der Pinakothek in M\u00fcnchen. Mit einem grossartigen Konzept von Kurator Bernhard Schwenk und Kuratorin Nicola Graef, die bewusst alle Informationen zu den jeweiligen Exponaten auf einen Touchscreen am Ende des Rundgangs verbannt haben. Damit Besucher\/innen sich ganz auf ihr Empfinden, ihre Gef\u00fchle, ihre Einsichten konzentrieren k\u00f6nnen. Sich selbst und die Kunst unmittelbar erleben. Und unabh\u00e4ngig vom \u00fcblichen Namenshype und Marktwert wieder das unmittelbare Betrachten und F\u00fchlen im Vordergrund steht. Sehr empfehlenswert!<\/p>\n<p>Es scheint an der Zeit, dass wir uns endlich umfassend mit dem Wert von Gef\u00fchlen befassen.<\/p>\n<p>Mit den besten Gr\u00fcssen<br \/>\nIhre Eva Mueller<\/p>\n<p>&nbsp;<\/p>\n<p>Abb: Stephan Melzl &#8222;Geheimnis&#8220;, 2005, Oil on Wood, 65 x 70 cm, Copyright Pinakothek der Moderne<br \/>\nAbbildung nur zum Ausstellungshinweis<\/p>\n<p>Dieses Bild ganz am Beginn der Ausstellung ist ein treffendes Beispiel f\u00fcr das Konzept der Kurator\/innen. Es l\u00f6st sofort Gef\u00fchle aus. Wohl ganz unterschiedliche, je nachdem welche Erfahrungen Sie gemacht haben. Aber erst einmal muss man nichts \u00fcber den oder die Maler\/in bzw. den Marktwert des Gem\u00e4ldes wissen. Wir verstehen auf einer Ebene, die nur Kunstwerke vermitteln k\u00f6nnen.<\/p>\n<p>\u201eFeelings\u201c Ausstellung in der Pinakothek der Moderne, M\u00fcnchen \u2013 bis zum 4.10.2020 zu sehen<\/p>\n<p>&nbsp;<\/p>\n","protected":false},"excerpt":{"rendered":"<p>GEF\u00c4HRLICHE GEF\u00dcHLE? Guten Tag, gef\u00e4hrlich k\u00f6nnen Gef\u00fchle werden, wenn sie unbewusst bleiben. Darin liegt auch das gr\u00f6sste Problem unserer stillschweigend vereinbarten, kulturellen Norm, ja keine Regung zu zeigen. Oft schon zu Hause, sp\u00e4testens in der Schule antrainiert, wirkt sie weiter in den beruflich\/wirtschaftlichen Kontext und kann so sehr zur Gewohnheit werden, dass selbst im Privaten [&hellip;]<\/p>\n","protected":false},"author":2,"featured_media":0,"comment_status":"closed","ping_status":"closed","sticky":false,"template":"","format":"standard","meta":{"_acf_changed":false,"footnotes":""},"categories":[2],"tags":[],"class_list":["post-5070","post","type-post","status-publish","format-standard","hentry","category-blog"],"yoast_head":"<!-- This site is optimized with the Yoast SEO plugin v26.6 - https:\/\/yoast.com\/wordpress\/plugins\/seo\/ -->\n<title>Eva Muellers Visionary Sunday Post 504 - Feelings | Eva Muellers Visionary Sunday Post<\/title>\n<meta name=\"description\" content=\"&quot;feelings&quot; Ausstellung in der Pinakothek der Moderne mit dem Beispiel eines Werks von Stephan Melzl &quot;Geheimnis&quot;\" \/>\n<meta name=\"robots\" content=\"index, follow, max-snippet:-1, max-image-preview:large, max-video-preview:-1\" \/>\n<link rel=\"canonical\" href=\"https:\/\/www.kunstberatung.de\/newsletter\/blog\/eva-muellers-visionary-sunday-post-504\/\" \/>\n<meta property=\"og:locale\" content=\"de_DE\" \/>\n<meta property=\"og:type\" content=\"article\" \/>\n<meta property=\"og:title\" content=\"eva muellers visionary sunday post 504 - feelings | Eva Muellers Visionary Sunday Post\" \/>\n<meta property=\"og:description\" content=\"&quot;feelings&quot; Ausstellung in der Pinakothek der Moderne mit dem Beispiel eines Werks von Stephan Melzl &quot;Geheimnis&quot;\" \/>\n<meta property=\"og:url\" content=\"https:\/\/www.kunstberatung.de\/newsletter\/blog\/eva-muellers-visionary-sunday-post-504\/\" \/>\n<meta property=\"og:site_name\" content=\"Eva Muellers Visionary Sunday Post\" \/>\n<meta property=\"article:published_time\" content=\"2020-02-10T15:41:10+00:00\" \/>\n<meta property=\"article:modified_time\" content=\"2021-09-17T13:40:10+00:00\" \/>\n<meta name=\"author\" content=\"Eva Mueller\" \/>\n<meta name=\"twitter:card\" content=\"summary_large_image\" \/>\n<meta name=\"twitter:label1\" content=\"Verfasst von\" \/>\n\t<meta name=\"twitter:data1\" content=\"Eva Mueller\" \/>\n\t<meta name=\"twitter:label2\" content=\"Gesch\u00e4tzte Lesezeit\" \/>\n\t<meta name=\"twitter:data2\" content=\"3\u00a0Minuten\" \/>\n<script type=\"application\/ld+json\" class=\"yoast-schema-graph\">{\"@context\":\"https:\/\/schema.org\",\"@graph\":[{\"@type\":\"WebPage\",\"@id\":\"https:\/\/www.kunstberatung.de\/newsletter\/blog\/eva-muellers-visionary-sunday-post-504\/\",\"url\":\"https:\/\/www.kunstberatung.de\/newsletter\/blog\/eva-muellers-visionary-sunday-post-504\/\",\"name\":\"eva muellers visionary sunday post 504 - feelings | Eva Muellers Visionary Sunday Post\",\"isPartOf\":{\"@id\":\"https:\/\/www.kunstberatung.de\/newsletter\/#website\"},\"datePublished\":\"2020-02-10T15:41:10+00:00\",\"dateModified\":\"2021-09-17T13:40:10+00:00\",\"author\":{\"@id\":\"https:\/\/www.kunstberatung.de\/newsletter\/#\/schema\/person\/5956216e01d75d6ee2e332111165db0a\"},\"description\":\"\\\"feelings\\\" Ausstellung in der Pinakothek der Moderne mit dem Beispiel eines Werks von Stephan Melzl \\\"Geheimnis\\\"\",\"inLanguage\":\"de\",\"potentialAction\":[{\"@type\":\"ReadAction\",\"target\":[\"https:\/\/www.kunstberatung.de\/newsletter\/blog\/eva-muellers-visionary-sunday-post-504\/\"]}]},{\"@type\":\"WebSite\",\"@id\":\"https:\/\/www.kunstberatung.de\/newsletter\/#website\",\"url\":\"https:\/\/www.kunstberatung.de\/newsletter\/\",\"name\":\"Eva Muellers Visionary Sunday Post\",\"description\":\"Eva Mueller Kunstberatung\",\"potentialAction\":[{\"@type\":\"SearchAction\",\"target\":{\"@type\":\"EntryPoint\",\"urlTemplate\":\"https:\/\/www.kunstberatung.de\/newsletter\/?s={search_term_string}\"},\"query-input\":{\"@type\":\"PropertyValueSpecification\",\"valueRequired\":true,\"valueName\":\"search_term_string\"}}],\"inLanguage\":\"de\"},{\"@type\":\"Person\",\"@id\":\"https:\/\/www.kunstberatung.de\/newsletter\/#\/schema\/person\/5956216e01d75d6ee2e332111165db0a\",\"name\":\"Eva Mueller\",\"sameAs\":[\"https:\/\/www.kunstberatung.de\",\"https:\/\/de.linkedin.com\/in\/eva-mueller-kunstberatung\",\"https:\/\/www.youtube.com\/kunstberatungde\"]}]}<\/script>\n<!-- \/ Yoast SEO plugin. -->","yoast_head_json":{"title":"Eva Muellers Visionary Sunday Post 504 - Feelings | Eva Muellers Visionary Sunday Post","description":"\"feelings\" Ausstellung in der Pinakothek der Moderne mit dem Beispiel eines Werks von Stephan Melzl \"Geheimnis\"","robots":{"index":"index","follow":"follow","max-snippet":"max-snippet:-1","max-image-preview":"max-image-preview:large","max-video-preview":"max-video-preview:-1"},"canonical":"https:\/\/www.kunstberatung.de\/newsletter\/blog\/eva-muellers-visionary-sunday-post-504\/","og_locale":"de_DE","og_type":"article","og_title":"eva muellers visionary sunday post 504 - feelings | Eva Muellers Visionary Sunday Post","og_description":"\"feelings\" Ausstellung in der Pinakothek der Moderne mit dem Beispiel eines Werks von Stephan Melzl \"Geheimnis\"","og_url":"https:\/\/www.kunstberatung.de\/newsletter\/blog\/eva-muellers-visionary-sunday-post-504\/","og_site_name":"Eva Muellers Visionary Sunday Post","article_published_time":"2020-02-10T15:41:10+00:00","article_modified_time":"2021-09-17T13:40:10+00:00","author":"Eva Mueller","twitter_card":"summary_large_image","twitter_misc":{"Verfasst von":"Eva Mueller","Gesch\u00e4tzte Lesezeit":"3\u00a0Minuten"},"schema":{"@context":"https:\/\/schema.org","@graph":[{"@type":"WebPage","@id":"https:\/\/www.kunstberatung.de\/newsletter\/blog\/eva-muellers-visionary-sunday-post-504\/","url":"https:\/\/www.kunstberatung.de\/newsletter\/blog\/eva-muellers-visionary-sunday-post-504\/","name":"eva muellers visionary sunday post 504 - feelings | Eva Muellers Visionary Sunday Post","isPartOf":{"@id":"https:\/\/www.kunstberatung.de\/newsletter\/#website"},"datePublished":"2020-02-10T15:41:10+00:00","dateModified":"2021-09-17T13:40:10+00:00","author":{"@id":"https:\/\/www.kunstberatung.de\/newsletter\/#\/schema\/person\/5956216e01d75d6ee2e332111165db0a"},"description":"\"feelings\" Ausstellung in der Pinakothek der Moderne mit dem Beispiel eines Werks von Stephan Melzl \"Geheimnis\"","inLanguage":"de","potentialAction":[{"@type":"ReadAction","target":["https:\/\/www.kunstberatung.de\/newsletter\/blog\/eva-muellers-visionary-sunday-post-504\/"]}]},{"@type":"WebSite","@id":"https:\/\/www.kunstberatung.de\/newsletter\/#website","url":"https:\/\/www.kunstberatung.de\/newsletter\/","name":"Eva Muellers Visionary Sunday Post","description":"Eva Mueller Kunstberatung","potentialAction":[{"@type":"SearchAction","target":{"@type":"EntryPoint","urlTemplate":"https:\/\/www.kunstberatung.de\/newsletter\/?s={search_term_string}"},"query-input":{"@type":"PropertyValueSpecification","valueRequired":true,"valueName":"search_term_string"}}],"inLanguage":"de"},{"@type":"Person","@id":"https:\/\/www.kunstberatung.de\/newsletter\/#\/schema\/person\/5956216e01d75d6ee2e332111165db0a","name":"Eva Mueller","sameAs":["https:\/\/www.kunstberatung.de","https:\/\/de.linkedin.com\/in\/eva-mueller-kunstberatung","https:\/\/www.youtube.com\/kunstberatungde"]}]}},"acf":[],"_links":{"self":[{"href":"https:\/\/www.kunstberatung.de\/newsletter\/wp-json\/wp\/v2\/posts\/5070","targetHints":{"allow":["GET"]}}],"collection":[{"href":"https:\/\/www.kunstberatung.de\/newsletter\/wp-json\/wp\/v2\/posts"}],"about":[{"href":"https:\/\/www.kunstberatung.de\/newsletter\/wp-json\/wp\/v2\/types\/post"}],"author":[{"embeddable":true,"href":"https:\/\/www.kunstberatung.de\/newsletter\/wp-json\/wp\/v2\/users\/2"}],"replies":[{"embeddable":true,"href":"https:\/\/www.kunstberatung.de\/newsletter\/wp-json\/wp\/v2\/comments?post=5070"}],"version-history":[{"count":0,"href":"https:\/\/www.kunstberatung.de\/newsletter\/wp-json\/wp\/v2\/posts\/5070\/revisions"}],"wp:attachment":[{"href":"https:\/\/www.kunstberatung.de\/newsletter\/wp-json\/wp\/v2\/media?parent=5070"}],"wp:term":[{"taxonomy":"category","embeddable":true,"href":"https:\/\/www.kunstberatung.de\/newsletter\/wp-json\/wp\/v2\/categories?post=5070"},{"taxonomy":"post_tag","embeddable":true,"href":"https:\/\/www.kunstberatung.de\/newsletter\/wp-json\/wp\/v2\/tags?post=5070"}],"curies":[{"name":"wp","href":"https:\/\/api.w.org\/{rel}","templated":true}]}}