{"id":5009,"date":"2019-08-07T11:29:31","date_gmt":"2019-08-07T09:29:31","guid":{"rendered":"https:\/\/www.kunstberatung.de\/newsletter\/?p=5009"},"modified":"2021-09-17T15:57:38","modified_gmt":"2021-09-17T13:57:38","slug":"eva-muellers-visionary-sunday-post-486-schatten","status":"publish","type":"post","link":"https:\/\/www.kunstberatung.de\/newsletter\/blog\/eva-muellers-visionary-sunday-post-486-schatten\/","title":{"rendered":"eva muellers visionary sunday post 486 &#8211; ursprung malerei"},"content":{"rendered":"<h4><span style=\"color: #ff9900;font-size: medium\">Der Schatten<\/span><\/h4>\n<p>Guten Tag,<\/p>\n<p>sehnsuchtsvoll zeichnete eine Frau aus Korinth den Schatten ihres Geliebten. Dieser Akt ist nach Plinius dem \u00c4lteren angeblich der Ursprung der Malerei. Heute wissen wir, dass die ersten H\u00f6hlenmalereien vor \u00fcber 40000 Jahren tats\u00e4chlich von K\u00fcnstlerinnen stammen.<\/p>\n<p>Die Korintherin wollte sehr viel sp\u00e4ter ein Bild behalten, w\u00e4hrend ihr Liebster in den Krieg zog und vielleicht nie mehr wieder kam. Dazu benutze sie ein St\u00fcck verkohltes Holz als Malkreide.<\/p>\n<p>Ein tiefes Bed\u00fcrfnis steht dahinter Bilder von unseren Mitmenschen und der Welt zu dokumentieren. Aber auch Neues entwerfen, etwas auszudr\u00fccken, das sich sprachlich nicht fassen l\u00e4sst. Sich selbst und andere erforschen, Innen und Aussenwelt darstellen.<\/p>\n<p>Ein Schatten ist in erster Linie eine Projektion. So ganz l\u00e4sst sich der oder die Andere nie erfassen. Immer unterliegen wir den eigenen Interpretationen und Spiegelungen. Nach dem Gr\u00fcnder der Analytischen Psychologie C.G. Jung zeigt sich im Schatten unser archetypisches Unbewusstes. Er bezeichnet damit Pers\u00f6nlichkeitsanteile, die wir in uns selbst ablehnen, weil wir sie negativ beurteilen, nicht wahr haben wollen, daher auch nicht so einfach erkennen. Daneben verdr\u00e4ngen wir ebenso die kollektiven Schatten unserer Gesellschaft. Diese dunklen Seiten projizieren wir dann gerne auf andere.<\/p>\n<p>Wesentlich f\u00fcr die eigene Pers\u00f6nlichkeitsentwicklung gilt daher, soweit wie m\u00f6glich Helles und Dunkles in sich und im eigenen Umfeld zu erkennen.<\/p>\n<p>So erkl\u00e4rt sich auch manche Ablehnung zeitgen\u00f6ssischer Kunst, die sich nicht zur\u00fcckh\u00e4lt individuelle und globale Schattenseiten aufzuzeigen. \u201eNicht schon wieder\u201c oder \u201emuss das immer so negativ sein\u201c sind oft geh\u00f6rte Kommentare. Aber Verdr\u00e4ngtes bricht sich nur mit umso heftigerer Macht die Bahn ins Bewusstsein. Weil es allem Lebendigen letztendlich darum geht Erkennen, Heilung, L\u00f6sung zu finden.<\/p>\n<p>In diesem Sinne einen sonnigen Sonntag, an dem sich ja erst die Schatten zeigen k\u00f6nnen!<br \/>\nHerzlich Ihre Eva Mueller<\/p>\n<p>&nbsp;<\/p>\n<div align=\"center\"><img loading=\"lazy\" decoding=\"async\" src=\"https:\/\/i1.createsend1.com\/ei\/r\/9F\/D1B\/F02\/csimport\/schattenmandernach.143621.jpg\" width=\"700\" height=\"719\" \/><\/div>\n<p>&nbsp;<\/p>\n<p>Abb: Wandarbeit von J\u00f6rg Mandernach in der Ausstellung \u201eMit Verkohltem wollte ich Deinen Schatten halten\u201c mit Lea Pagenkemper, Gabriele Langendorf, Philipp Haager, Myriam Mayer, Markus Heller, Ulrich Bernhardt, Denise Moriz, Gert Wiedmaier, Andy Dobler, Tillmann Damrau und Marcus Sendlinger im Kunstverein Schloss Ellwangen<\/p>\n","protected":false},"excerpt":{"rendered":"<p>Der Schatten Guten Tag, sehnsuchtsvoll zeichnete eine Frau aus Korinth den Schatten ihres Geliebten. Dieser Akt ist nach Plinius dem \u00c4lteren angeblich der Ursprung der Malerei. Heute wissen wir, dass die ersten H\u00f6hlenmalereien vor \u00fcber 40000 Jahren tats\u00e4chlich von K\u00fcnstlerinnen stammen. Die Korintherin wollte sehr viel sp\u00e4ter ein Bild behalten, w\u00e4hrend ihr Liebster in den [&hellip;]<\/p>\n","protected":false},"author":2,"featured_media":0,"comment_status":"closed","ping_status":"closed","sticky":false,"template":"","format":"standard","meta":{"_acf_changed":false,"footnotes":""},"categories":[2],"tags":[],"class_list":["post-5009","post","type-post","status-publish","format-standard","hentry","category-blog"],"yoast_head":"<!-- This site is optimized with the Yoast SEO plugin v26.6 - https:\/\/yoast.com\/wordpress\/plugins\/seo\/ -->\n<title>Eva Muellers Visionary Sunday Post 486 - Ursprung Malerei | Eva Muellers Visionary Sunday Post<\/title>\n<meta name=\"description\" content=\"Ist das der Ursprung der Malerei? Eine Frau aus Korinth malt den Schatten ihres Geliebten - die ersten H\u00f6hlenmalereien vor \u00fcber 40000 Jahren\" \/>\n<meta name=\"robots\" content=\"index, follow, max-snippet:-1, max-image-preview:large, max-video-preview:-1\" \/>\n<link rel=\"canonical\" href=\"https:\/\/www.kunstberatung.de\/newsletter\/blog\/eva-muellers-visionary-sunday-post-486-schatten\/\" \/>\n<meta property=\"og:locale\" content=\"de_DE\" \/>\n<meta property=\"og:type\" content=\"article\" \/>\n<meta property=\"og:title\" content=\"eva muellers visionary sunday post 486 - ursprung malerei | Eva Muellers Visionary Sunday Post\" \/>\n<meta property=\"og:description\" content=\"Ist das der Ursprung der Malerei? Eine Frau aus Korinth malt den Schatten ihres Geliebten - die ersten H\u00f6hlenmalereien vor \u00fcber 40000 Jahren\" \/>\n<meta property=\"og:url\" content=\"https:\/\/www.kunstberatung.de\/newsletter\/blog\/eva-muellers-visionary-sunday-post-486-schatten\/\" \/>\n<meta property=\"og:site_name\" content=\"Eva Muellers Visionary Sunday Post\" \/>\n<meta property=\"article:published_time\" content=\"2019-08-07T09:29:31+00:00\" \/>\n<meta property=\"article:modified_time\" content=\"2021-09-17T13:57:38+00:00\" \/>\n<meta property=\"og:image\" content=\"https:\/\/i1.createsend1.com\/ei\/r\/9F\/D1B\/F02\/csimport\/schattenmandernach.143621.jpg\" \/>\n<meta name=\"author\" content=\"Eva Mueller\" \/>\n<meta name=\"twitter:card\" content=\"summary_large_image\" \/>\n<meta name=\"twitter:label1\" content=\"Verfasst von\" \/>\n\t<meta name=\"twitter:data1\" content=\"Eva Mueller\" \/>\n\t<meta name=\"twitter:label2\" content=\"Gesch\u00e4tzte Lesezeit\" \/>\n\t<meta name=\"twitter:data2\" content=\"2\u00a0Minuten\" \/>\n<script type=\"application\/ld+json\" class=\"yoast-schema-graph\">{\"@context\":\"https:\/\/schema.org\",\"@graph\":[{\"@type\":\"WebPage\",\"@id\":\"https:\/\/www.kunstberatung.de\/newsletter\/blog\/eva-muellers-visionary-sunday-post-486-schatten\/\",\"url\":\"https:\/\/www.kunstberatung.de\/newsletter\/blog\/eva-muellers-visionary-sunday-post-486-schatten\/\",\"name\":\"eva muellers visionary sunday post 486 - ursprung malerei | Eva Muellers Visionary Sunday Post\",\"isPartOf\":{\"@id\":\"https:\/\/www.kunstberatung.de\/newsletter\/#website\"},\"primaryImageOfPage\":{\"@id\":\"https:\/\/www.kunstberatung.de\/newsletter\/blog\/eva-muellers-visionary-sunday-post-486-schatten\/#primaryimage\"},\"image\":{\"@id\":\"https:\/\/www.kunstberatung.de\/newsletter\/blog\/eva-muellers-visionary-sunday-post-486-schatten\/#primaryimage\"},\"thumbnailUrl\":\"https:\/\/i1.createsend1.com\/ei\/r\/9F\/D1B\/F02\/csimport\/schattenmandernach.143621.jpg\",\"datePublished\":\"2019-08-07T09:29:31+00:00\",\"dateModified\":\"2021-09-17T13:57:38+00:00\",\"author\":{\"@id\":\"https:\/\/www.kunstberatung.de\/newsletter\/#\/schema\/person\/5956216e01d75d6ee2e332111165db0a\"},\"description\":\"Ist das der Ursprung der Malerei? Eine Frau aus Korinth malt den Schatten ihres Geliebten - die ersten H\u00f6hlenmalereien vor \u00fcber 40000 Jahren\",\"inLanguage\":\"de\",\"potentialAction\":[{\"@type\":\"ReadAction\",\"target\":[\"https:\/\/www.kunstberatung.de\/newsletter\/blog\/eva-muellers-visionary-sunday-post-486-schatten\/\"]}]},{\"@type\":\"ImageObject\",\"inLanguage\":\"de\",\"@id\":\"https:\/\/www.kunstberatung.de\/newsletter\/blog\/eva-muellers-visionary-sunday-post-486-schatten\/#primaryimage\",\"url\":\"https:\/\/i1.createsend1.com\/ei\/r\/9F\/D1B\/F02\/csimport\/schattenmandernach.143621.jpg\",\"contentUrl\":\"https:\/\/i1.createsend1.com\/ei\/r\/9F\/D1B\/F02\/csimport\/schattenmandernach.143621.jpg\"},{\"@type\":\"WebSite\",\"@id\":\"https:\/\/www.kunstberatung.de\/newsletter\/#website\",\"url\":\"https:\/\/www.kunstberatung.de\/newsletter\/\",\"name\":\"Eva Muellers Visionary Sunday Post\",\"description\":\"Eva Mueller Kunstberatung\",\"potentialAction\":[{\"@type\":\"SearchAction\",\"target\":{\"@type\":\"EntryPoint\",\"urlTemplate\":\"https:\/\/www.kunstberatung.de\/newsletter\/?s={search_term_string}\"},\"query-input\":{\"@type\":\"PropertyValueSpecification\",\"valueRequired\":true,\"valueName\":\"search_term_string\"}}],\"inLanguage\":\"de\"},{\"@type\":\"Person\",\"@id\":\"https:\/\/www.kunstberatung.de\/newsletter\/#\/schema\/person\/5956216e01d75d6ee2e332111165db0a\",\"name\":\"Eva Mueller\",\"sameAs\":[\"https:\/\/www.kunstberatung.de\",\"https:\/\/de.linkedin.com\/in\/eva-mueller-kunstberatung\",\"https:\/\/www.youtube.com\/kunstberatungde\"]}]}<\/script>\n<!-- \/ Yoast SEO plugin. -->","yoast_head_json":{"title":"Eva Muellers Visionary Sunday Post 486 - Ursprung Malerei | Eva Muellers Visionary Sunday Post","description":"Ist das der Ursprung der Malerei? Eine Frau aus Korinth malt den Schatten ihres Geliebten - die ersten H\u00f6hlenmalereien vor \u00fcber 40000 Jahren","robots":{"index":"index","follow":"follow","max-snippet":"max-snippet:-1","max-image-preview":"max-image-preview:large","max-video-preview":"max-video-preview:-1"},"canonical":"https:\/\/www.kunstberatung.de\/newsletter\/blog\/eva-muellers-visionary-sunday-post-486-schatten\/","og_locale":"de_DE","og_type":"article","og_title":"eva muellers visionary sunday post 486 - ursprung malerei | Eva Muellers Visionary Sunday Post","og_description":"Ist das der Ursprung der Malerei? Eine Frau aus Korinth malt den Schatten ihres Geliebten - die ersten H\u00f6hlenmalereien vor \u00fcber 40000 Jahren","og_url":"https:\/\/www.kunstberatung.de\/newsletter\/blog\/eva-muellers-visionary-sunday-post-486-schatten\/","og_site_name":"Eva Muellers Visionary Sunday Post","article_published_time":"2019-08-07T09:29:31+00:00","article_modified_time":"2021-09-17T13:57:38+00:00","og_image":[{"url":"https:\/\/i1.createsend1.com\/ei\/r\/9F\/D1B\/F02\/csimport\/schattenmandernach.143621.jpg","type":"","width":"","height":""}],"author":"Eva Mueller","twitter_card":"summary_large_image","twitter_misc":{"Verfasst von":"Eva Mueller","Gesch\u00e4tzte Lesezeit":"2\u00a0Minuten"},"schema":{"@context":"https:\/\/schema.org","@graph":[{"@type":"WebPage","@id":"https:\/\/www.kunstberatung.de\/newsletter\/blog\/eva-muellers-visionary-sunday-post-486-schatten\/","url":"https:\/\/www.kunstberatung.de\/newsletter\/blog\/eva-muellers-visionary-sunday-post-486-schatten\/","name":"eva muellers visionary sunday post 486 - ursprung malerei | Eva Muellers Visionary Sunday Post","isPartOf":{"@id":"https:\/\/www.kunstberatung.de\/newsletter\/#website"},"primaryImageOfPage":{"@id":"https:\/\/www.kunstberatung.de\/newsletter\/blog\/eva-muellers-visionary-sunday-post-486-schatten\/#primaryimage"},"image":{"@id":"https:\/\/www.kunstberatung.de\/newsletter\/blog\/eva-muellers-visionary-sunday-post-486-schatten\/#primaryimage"},"thumbnailUrl":"https:\/\/i1.createsend1.com\/ei\/r\/9F\/D1B\/F02\/csimport\/schattenmandernach.143621.jpg","datePublished":"2019-08-07T09:29:31+00:00","dateModified":"2021-09-17T13:57:38+00:00","author":{"@id":"https:\/\/www.kunstberatung.de\/newsletter\/#\/schema\/person\/5956216e01d75d6ee2e332111165db0a"},"description":"Ist das der Ursprung der Malerei? Eine Frau aus Korinth malt den Schatten ihres Geliebten - die ersten H\u00f6hlenmalereien vor \u00fcber 40000 Jahren","inLanguage":"de","potentialAction":[{"@type":"ReadAction","target":["https:\/\/www.kunstberatung.de\/newsletter\/blog\/eva-muellers-visionary-sunday-post-486-schatten\/"]}]},{"@type":"ImageObject","inLanguage":"de","@id":"https:\/\/www.kunstberatung.de\/newsletter\/blog\/eva-muellers-visionary-sunday-post-486-schatten\/#primaryimage","url":"https:\/\/i1.createsend1.com\/ei\/r\/9F\/D1B\/F02\/csimport\/schattenmandernach.143621.jpg","contentUrl":"https:\/\/i1.createsend1.com\/ei\/r\/9F\/D1B\/F02\/csimport\/schattenmandernach.143621.jpg"},{"@type":"WebSite","@id":"https:\/\/www.kunstberatung.de\/newsletter\/#website","url":"https:\/\/www.kunstberatung.de\/newsletter\/","name":"Eva Muellers Visionary Sunday Post","description":"Eva Mueller Kunstberatung","potentialAction":[{"@type":"SearchAction","target":{"@type":"EntryPoint","urlTemplate":"https:\/\/www.kunstberatung.de\/newsletter\/?s={search_term_string}"},"query-input":{"@type":"PropertyValueSpecification","valueRequired":true,"valueName":"search_term_string"}}],"inLanguage":"de"},{"@type":"Person","@id":"https:\/\/www.kunstberatung.de\/newsletter\/#\/schema\/person\/5956216e01d75d6ee2e332111165db0a","name":"Eva Mueller","sameAs":["https:\/\/www.kunstberatung.de","https:\/\/de.linkedin.com\/in\/eva-mueller-kunstberatung","https:\/\/www.youtube.com\/kunstberatungde"]}]}},"acf":[],"_links":{"self":[{"href":"https:\/\/www.kunstberatung.de\/newsletter\/wp-json\/wp\/v2\/posts\/5009","targetHints":{"allow":["GET"]}}],"collection":[{"href":"https:\/\/www.kunstberatung.de\/newsletter\/wp-json\/wp\/v2\/posts"}],"about":[{"href":"https:\/\/www.kunstberatung.de\/newsletter\/wp-json\/wp\/v2\/types\/post"}],"author":[{"embeddable":true,"href":"https:\/\/www.kunstberatung.de\/newsletter\/wp-json\/wp\/v2\/users\/2"}],"replies":[{"embeddable":true,"href":"https:\/\/www.kunstberatung.de\/newsletter\/wp-json\/wp\/v2\/comments?post=5009"}],"version-history":[{"count":0,"href":"https:\/\/www.kunstberatung.de\/newsletter\/wp-json\/wp\/v2\/posts\/5009\/revisions"}],"wp:attachment":[{"href":"https:\/\/www.kunstberatung.de\/newsletter\/wp-json\/wp\/v2\/media?parent=5009"}],"wp:term":[{"taxonomy":"category","embeddable":true,"href":"https:\/\/www.kunstberatung.de\/newsletter\/wp-json\/wp\/v2\/categories?post=5009"},{"taxonomy":"post_tag","embeddable":true,"href":"https:\/\/www.kunstberatung.de\/newsletter\/wp-json\/wp\/v2\/tags?post=5009"}],"curies":[{"name":"wp","href":"https:\/\/api.w.org\/{rel}","templated":true}]}}