{"id":5007,"date":"2019-08-07T11:27:10","date_gmt":"2019-08-07T09:27:10","guid":{"rendered":"https:\/\/www.kunstberatung.de\/newsletter\/?p=5007"},"modified":"2021-09-17T15:58:58","modified_gmt":"2021-09-17T13:58:58","slug":"eva-muellers-visionary-sunday-post-485-erfolgsstory-31","status":"publish","type":"post","link":"https:\/\/www.kunstberatung.de\/newsletter\/blog\/eva-muellers-visionary-sunday-post-485-erfolgsstory-31\/","title":{"rendered":"eva muellers visionary sunday post 485 &#8211; erfolgsstory 31"},"content":{"rendered":"<h4><span style=\"color: #ff9900;font-size: medium\">Erfolgsstory 31 &#8211; Horst Kuhnert zum 80sten<\/span><\/h4>\n<p>Guten Tag,<\/p>\n<p>1939 in Schlesien geboren, all den Wirren dieser Zeit ausgesetzt, war es Horst Kuhnert nicht in die Wiege gelegt einer der bedeutendsten K\u00fcnstler geometrisch-konkret-konstruktiver Kunst in Deutschland zu werden.<\/p>\n<p>Zun\u00e4chst also erlernt er ein Handwerk, wird Schriftenmaler und Werbegrafiker. Und will kreativer, eigenst\u00e4ndiger arbeiten. Mit diesem Wunsch trifft er auf Prof. Heinrich Wildemann von der Kunstakademie Stuttgart, der ihn ermutigt in seine Klasse zu kommen. Er beginnt mit abstrakter Malerei und entdeckt schliesslich die Bildhauerei f\u00fcr sich. \u201eVon der Fl\u00e4che in der Raum\u201c heisst passender Weise eine seiner Serien. Und genau das gelingt ihm mit seinen Raumfl\u00e4chen, Raumk\u00f6rpern und Plastiken.<\/p>\n<p>Was Kuhnert als K\u00fcnstler auszeichnet ist, dass er stets etwas ganz eigenes, neues entwickelt. Sicher war er beeinflusst von konstruktiven russischen K\u00fcnstlern wie Kasimir Malewitsch, der niederl\u00e4ndischen De Stijl Bewegung um Piet Mondrian, dem Bauhaus mit Vorreitern wie Walter Gropius.<\/p>\n<p>Doch als erster deutscher K\u00fcnstler verwendet er Polyester. Kuhnert selbst begr\u00fcndet seine Suche nach dem Neuen auch mit einem Verst\u00e4ndnis der Zeit. In einem Interview meint er \u201eNach 1945 sollte alles neu sein &#8230; Die Kunst war wieder frei f\u00fcr neue Ideen und Lebensentw\u00fcrfe. Zugleich war es in der Kunst m\u00f6glich an eine neue, positive Zukunft zu glauben. Ich begann also mit dem \u201eNichts\u201c, wenn man das Harz als Nichts bezeichnen will. Gegen\u00fcber klassischen Materialien, die eine eigene Struktur haben, ist Polyester neutral. Es ist zun\u00e4chst fl\u00fcssig und sein Aggregatszustand muss erst hergestellt werden &#8230; Die M\u00f6glichkeiten, die das Material Polyester hergibt, musste ich erst erfinden und erarbeiten.\u201c Und genau das reizt ihn.<\/p>\n<p>Ein weiteres Merkmal seiner Kunst ist das Gleichgewicht von Emotion und Rationalit\u00e4t. Auch in seinen pers\u00f6nlichen Entscheidungen findet sich dieser Wertekanon, beispielsweise bei der Ablehnung einer Professorenstelle oder eines Villa Massimo Aufenthalts als seine Tochter gerade ein Jahr alt ist und er nicht einfach f\u00fcr Monate nach Rom \u201everschwinden\u201c will.<\/p>\n<p>\u201eMich treibt die Neugier, ich dr\u00e4nge weiter, ich suche nach neuen M\u00f6glichkeiten f\u00fcr meinen k\u00fcnstlerischen Ausdruck und dabei will ich auch noch von meinen eigenen L\u00f6sungen \u00fcberrascht werden.\u201c<\/p>\n<p>Das ist doch ein wunderbares Statement zum 80. Geburtstag, das man sich nur zum Vorbild nehmen kann. GRATULATION!<\/p>\n<p>Mit herzlichen Sonntagsgr\u00fcssen<br \/>\nIhre Eva Mueller<\/p>\n<p>&nbsp;<\/p>\n<div align=\"center\"><img loading=\"lazy\" decoding=\"async\" src=\"https:\/\/i1.createsend1.com\/ei\/r\/DE\/531\/106\/csimport\/horstkuhnert.224152.jpg\" width=\"700\" height=\"424\" \/><\/div>\n<p>&nbsp;<\/p>\n<p><span style=\"color: #000000\">Abb. \u201eRaumfl\u00e4chen 69 s.w.L. 1969, Polyester, schwarz, weiss, 120 x 98 cm<br \/>\n\u201eRaumfl\u00e4chen 69 w.s.R. 1969, Polyester, schwarz, weiss, 120x 98 cm<\/span><\/p>\n<p>Dr. Simone Wichers, Leiterin der\u00a0Berliner Repr\u00e4sentanz\u00a0(Fasanenstrasse 70) hat anl\u00e4sslich des 80sten Geburtstags von Horst Kuhnert eine wunderbare Ausstellung zusammengestellt, in der man einen grossartigen Einblick in seine verschiedenen Werkgruppen erh\u00e4lt \u2013 und auch diese beiden Werke im Original sehen kann.<\/p>\n","protected":false},"excerpt":{"rendered":"<p>Erfolgsstory 31 &#8211; Horst Kuhnert zum 80sten Guten Tag, 1939 in Schlesien geboren, all den Wirren dieser Zeit ausgesetzt, war es Horst Kuhnert nicht in die Wiege gelegt einer der bedeutendsten K\u00fcnstler geometrisch-konkret-konstruktiver Kunst in Deutschland zu werden. Zun\u00e4chst also erlernt er ein Handwerk, wird Schriftenmaler und Werbegrafiker. Und will kreativer, eigenst\u00e4ndiger arbeiten. Mit diesem [&hellip;]<\/p>\n","protected":false},"author":2,"featured_media":0,"comment_status":"closed","ping_status":"closed","sticky":false,"template":"","format":"standard","meta":{"_acf_changed":false,"footnotes":""},"categories":[2],"tags":[],"class_list":["post-5007","post","type-post","status-publish","format-standard","hentry","category-blog"],"yoast_head":"<!-- This site is optimized with the Yoast SEO plugin v26.6 - https:\/\/yoast.com\/wordpress\/plugins\/seo\/ -->\n<title>Eva Muellers Visionary Sunday Post 485 - Erfolgsstory 31 | Eva Muellers Visionary Sunday Post<\/title>\n<meta name=\"description\" content=\"Ausstellung zum 80. Geburtstag des konkret-konstruktiven K\u00fcnstlers Horst Kuhnert, Kuratorin Dr. Simone Wichers bei Ketterer Kunst Berlin\" \/>\n<meta name=\"robots\" content=\"index, follow, max-snippet:-1, max-image-preview:large, max-video-preview:-1\" \/>\n<link rel=\"canonical\" href=\"https:\/\/www.kunstberatung.de\/newsletter\/blog\/eva-muellers-visionary-sunday-post-485-erfolgsstory-31\/\" \/>\n<meta property=\"og:locale\" content=\"de_DE\" \/>\n<meta property=\"og:type\" content=\"article\" \/>\n<meta property=\"og:title\" content=\"eva muellers visionary sunday post 485 - erfolgsstory 31 | Eva Muellers Visionary Sunday Post\" \/>\n<meta property=\"og:description\" content=\"Ausstellung zum 80. Geburtstag des konkret-konstruktiven K\u00fcnstlers Horst Kuhnert, Kuratorin Dr. Simone Wichers bei Ketterer Kunst Berlin\" \/>\n<meta property=\"og:url\" content=\"https:\/\/www.kunstberatung.de\/newsletter\/blog\/eva-muellers-visionary-sunday-post-485-erfolgsstory-31\/\" \/>\n<meta property=\"og:site_name\" content=\"Eva Muellers Visionary Sunday Post\" \/>\n<meta property=\"article:published_time\" content=\"2019-08-07T09:27:10+00:00\" \/>\n<meta property=\"article:modified_time\" content=\"2021-09-17T13:58:58+00:00\" \/>\n<meta property=\"og:image\" content=\"https:\/\/i1.createsend1.com\/ei\/r\/DE\/531\/106\/csimport\/horstkuhnert.224152.jpg\" \/>\n<meta name=\"author\" content=\"Eva Mueller\" \/>\n<meta name=\"twitter:card\" content=\"summary_large_image\" \/>\n<meta name=\"twitter:label1\" content=\"Verfasst von\" \/>\n\t<meta name=\"twitter:data1\" content=\"Eva Mueller\" \/>\n\t<meta name=\"twitter:label2\" content=\"Gesch\u00e4tzte Lesezeit\" \/>\n\t<meta name=\"twitter:data2\" content=\"2\u00a0Minuten\" \/>\n<script type=\"application\/ld+json\" class=\"yoast-schema-graph\">{\"@context\":\"https:\/\/schema.org\",\"@graph\":[{\"@type\":\"WebPage\",\"@id\":\"https:\/\/www.kunstberatung.de\/newsletter\/blog\/eva-muellers-visionary-sunday-post-485-erfolgsstory-31\/\",\"url\":\"https:\/\/www.kunstberatung.de\/newsletter\/blog\/eva-muellers-visionary-sunday-post-485-erfolgsstory-31\/\",\"name\":\"eva muellers visionary sunday post 485 - erfolgsstory 31 | Eva Muellers Visionary Sunday Post\",\"isPartOf\":{\"@id\":\"https:\/\/www.kunstberatung.de\/newsletter\/#website\"},\"primaryImageOfPage\":{\"@id\":\"https:\/\/www.kunstberatung.de\/newsletter\/blog\/eva-muellers-visionary-sunday-post-485-erfolgsstory-31\/#primaryimage\"},\"image\":{\"@id\":\"https:\/\/www.kunstberatung.de\/newsletter\/blog\/eva-muellers-visionary-sunday-post-485-erfolgsstory-31\/#primaryimage\"},\"thumbnailUrl\":\"https:\/\/i1.createsend1.com\/ei\/r\/DE\/531\/106\/csimport\/horstkuhnert.224152.jpg\",\"datePublished\":\"2019-08-07T09:27:10+00:00\",\"dateModified\":\"2021-09-17T13:58:58+00:00\",\"author\":{\"@id\":\"https:\/\/www.kunstberatung.de\/newsletter\/#\/schema\/person\/5956216e01d75d6ee2e332111165db0a\"},\"description\":\"Ausstellung zum 80. Geburtstag des konkret-konstruktiven K\u00fcnstlers Horst Kuhnert, Kuratorin Dr. Simone Wichers bei Ketterer Kunst Berlin\",\"inLanguage\":\"de\",\"potentialAction\":[{\"@type\":\"ReadAction\",\"target\":[\"https:\/\/www.kunstberatung.de\/newsletter\/blog\/eva-muellers-visionary-sunday-post-485-erfolgsstory-31\/\"]}]},{\"@type\":\"ImageObject\",\"inLanguage\":\"de\",\"@id\":\"https:\/\/www.kunstberatung.de\/newsletter\/blog\/eva-muellers-visionary-sunday-post-485-erfolgsstory-31\/#primaryimage\",\"url\":\"https:\/\/i1.createsend1.com\/ei\/r\/DE\/531\/106\/csimport\/horstkuhnert.224152.jpg\",\"contentUrl\":\"https:\/\/i1.createsend1.com\/ei\/r\/DE\/531\/106\/csimport\/horstkuhnert.224152.jpg\"},{\"@type\":\"WebSite\",\"@id\":\"https:\/\/www.kunstberatung.de\/newsletter\/#website\",\"url\":\"https:\/\/www.kunstberatung.de\/newsletter\/\",\"name\":\"Eva Muellers Visionary Sunday Post\",\"description\":\"Eva Mueller Kunstberatung\",\"potentialAction\":[{\"@type\":\"SearchAction\",\"target\":{\"@type\":\"EntryPoint\",\"urlTemplate\":\"https:\/\/www.kunstberatung.de\/newsletter\/?s={search_term_string}\"},\"query-input\":{\"@type\":\"PropertyValueSpecification\",\"valueRequired\":true,\"valueName\":\"search_term_string\"}}],\"inLanguage\":\"de\"},{\"@type\":\"Person\",\"@id\":\"https:\/\/www.kunstberatung.de\/newsletter\/#\/schema\/person\/5956216e01d75d6ee2e332111165db0a\",\"name\":\"Eva Mueller\",\"sameAs\":[\"https:\/\/www.kunstberatung.de\",\"https:\/\/de.linkedin.com\/in\/eva-mueller-kunstberatung\",\"https:\/\/www.youtube.com\/kunstberatungde\"]}]}<\/script>\n<!-- \/ Yoast SEO plugin. -->","yoast_head_json":{"title":"Eva Muellers Visionary Sunday Post 485 - Erfolgsstory 31 | Eva Muellers Visionary Sunday Post","description":"Ausstellung zum 80. Geburtstag des konkret-konstruktiven K\u00fcnstlers Horst Kuhnert, Kuratorin Dr. Simone Wichers bei Ketterer Kunst Berlin","robots":{"index":"index","follow":"follow","max-snippet":"max-snippet:-1","max-image-preview":"max-image-preview:large","max-video-preview":"max-video-preview:-1"},"canonical":"https:\/\/www.kunstberatung.de\/newsletter\/blog\/eva-muellers-visionary-sunday-post-485-erfolgsstory-31\/","og_locale":"de_DE","og_type":"article","og_title":"eva muellers visionary sunday post 485 - erfolgsstory 31 | Eva Muellers Visionary Sunday Post","og_description":"Ausstellung zum 80. Geburtstag des konkret-konstruktiven K\u00fcnstlers Horst Kuhnert, Kuratorin Dr. Simone Wichers bei Ketterer Kunst Berlin","og_url":"https:\/\/www.kunstberatung.de\/newsletter\/blog\/eva-muellers-visionary-sunday-post-485-erfolgsstory-31\/","og_site_name":"Eva Muellers Visionary Sunday Post","article_published_time":"2019-08-07T09:27:10+00:00","article_modified_time":"2021-09-17T13:58:58+00:00","og_image":[{"url":"https:\/\/i1.createsend1.com\/ei\/r\/DE\/531\/106\/csimport\/horstkuhnert.224152.jpg","type":"","width":"","height":""}],"author":"Eva Mueller","twitter_card":"summary_large_image","twitter_misc":{"Verfasst von":"Eva Mueller","Gesch\u00e4tzte Lesezeit":"2\u00a0Minuten"},"schema":{"@context":"https:\/\/schema.org","@graph":[{"@type":"WebPage","@id":"https:\/\/www.kunstberatung.de\/newsletter\/blog\/eva-muellers-visionary-sunday-post-485-erfolgsstory-31\/","url":"https:\/\/www.kunstberatung.de\/newsletter\/blog\/eva-muellers-visionary-sunday-post-485-erfolgsstory-31\/","name":"eva muellers visionary sunday post 485 - erfolgsstory 31 | Eva Muellers Visionary Sunday Post","isPartOf":{"@id":"https:\/\/www.kunstberatung.de\/newsletter\/#website"},"primaryImageOfPage":{"@id":"https:\/\/www.kunstberatung.de\/newsletter\/blog\/eva-muellers-visionary-sunday-post-485-erfolgsstory-31\/#primaryimage"},"image":{"@id":"https:\/\/www.kunstberatung.de\/newsletter\/blog\/eva-muellers-visionary-sunday-post-485-erfolgsstory-31\/#primaryimage"},"thumbnailUrl":"https:\/\/i1.createsend1.com\/ei\/r\/DE\/531\/106\/csimport\/horstkuhnert.224152.jpg","datePublished":"2019-08-07T09:27:10+00:00","dateModified":"2021-09-17T13:58:58+00:00","author":{"@id":"https:\/\/www.kunstberatung.de\/newsletter\/#\/schema\/person\/5956216e01d75d6ee2e332111165db0a"},"description":"Ausstellung zum 80. Geburtstag des konkret-konstruktiven K\u00fcnstlers Horst Kuhnert, Kuratorin Dr. Simone Wichers bei Ketterer Kunst Berlin","inLanguage":"de","potentialAction":[{"@type":"ReadAction","target":["https:\/\/www.kunstberatung.de\/newsletter\/blog\/eva-muellers-visionary-sunday-post-485-erfolgsstory-31\/"]}]},{"@type":"ImageObject","inLanguage":"de","@id":"https:\/\/www.kunstberatung.de\/newsletter\/blog\/eva-muellers-visionary-sunday-post-485-erfolgsstory-31\/#primaryimage","url":"https:\/\/i1.createsend1.com\/ei\/r\/DE\/531\/106\/csimport\/horstkuhnert.224152.jpg","contentUrl":"https:\/\/i1.createsend1.com\/ei\/r\/DE\/531\/106\/csimport\/horstkuhnert.224152.jpg"},{"@type":"WebSite","@id":"https:\/\/www.kunstberatung.de\/newsletter\/#website","url":"https:\/\/www.kunstberatung.de\/newsletter\/","name":"Eva Muellers Visionary Sunday Post","description":"Eva Mueller Kunstberatung","potentialAction":[{"@type":"SearchAction","target":{"@type":"EntryPoint","urlTemplate":"https:\/\/www.kunstberatung.de\/newsletter\/?s={search_term_string}"},"query-input":{"@type":"PropertyValueSpecification","valueRequired":true,"valueName":"search_term_string"}}],"inLanguage":"de"},{"@type":"Person","@id":"https:\/\/www.kunstberatung.de\/newsletter\/#\/schema\/person\/5956216e01d75d6ee2e332111165db0a","name":"Eva Mueller","sameAs":["https:\/\/www.kunstberatung.de","https:\/\/de.linkedin.com\/in\/eva-mueller-kunstberatung","https:\/\/www.youtube.com\/kunstberatungde"]}]}},"acf":[],"_links":{"self":[{"href":"https:\/\/www.kunstberatung.de\/newsletter\/wp-json\/wp\/v2\/posts\/5007","targetHints":{"allow":["GET"]}}],"collection":[{"href":"https:\/\/www.kunstberatung.de\/newsletter\/wp-json\/wp\/v2\/posts"}],"about":[{"href":"https:\/\/www.kunstberatung.de\/newsletter\/wp-json\/wp\/v2\/types\/post"}],"author":[{"embeddable":true,"href":"https:\/\/www.kunstberatung.de\/newsletter\/wp-json\/wp\/v2\/users\/2"}],"replies":[{"embeddable":true,"href":"https:\/\/www.kunstberatung.de\/newsletter\/wp-json\/wp\/v2\/comments?post=5007"}],"version-history":[{"count":0,"href":"https:\/\/www.kunstberatung.de\/newsletter\/wp-json\/wp\/v2\/posts\/5007\/revisions"}],"wp:attachment":[{"href":"https:\/\/www.kunstberatung.de\/newsletter\/wp-json\/wp\/v2\/media?parent=5007"}],"wp:term":[{"taxonomy":"category","embeddable":true,"href":"https:\/\/www.kunstberatung.de\/newsletter\/wp-json\/wp\/v2\/categories?post=5007"},{"taxonomy":"post_tag","embeddable":true,"href":"https:\/\/www.kunstberatung.de\/newsletter\/wp-json\/wp\/v2\/tags?post=5007"}],"curies":[{"name":"wp","href":"https:\/\/api.w.org\/{rel}","templated":true}]}}