{"id":4969,"date":"2019-05-27T15:20:02","date_gmt":"2019-05-27T13:20:02","guid":{"rendered":"https:\/\/www.kunstberatung.de\/newsletter\/?p=4969"},"modified":"2021-09-17T16:08:51","modified_gmt":"2021-09-17T14:08:51","slug":"eva-muellers-visionary-sunday-post-476-das-rechte-mass","status":"publish","type":"post","link":"https:\/\/www.kunstberatung.de\/newsletter\/blog\/eva-muellers-visionary-sunday-post-476-das-rechte-mass\/","title":{"rendered":"eva muellers visionary sunday post 476 &#8211; das rechte mass"},"content":{"rendered":"<p>Guten Tag,<\/p>\n<p>es ist eine innere Richtlinie \u2013 das rechte Mass. Ein Gef\u00fchl der Balance. Nicht zu viel und nicht zu wenig. Daf\u00fcr braucht es ein feines Gesp\u00fcr. Was passt zu Ihrem Selbstbild, privat und beruflich? Womit f\u00fchlen Sie sich wohl? Wie stellen Sie sich dar und wie wollen Sie gesehen werden? Welchen Eindruck nehmen Besucher*innen, Mitarbeiter*innen und Kund*innen mit? Was entspricht Ihrer Position und Positionierung \u2013 jetzt und in Zukunft?<\/p>\n<p>Wie beim \u201eGoldenen Schnitt\u201c, nur einem von vielen Massst\u00e4ben, die sich in Kunst und Architektur seit Jahrhunderten in unterschiedlichen Kulturen bew\u00e4hren, geht es um ein stimmiges Verh\u00e4ltnis von Teilmengen zum gr\u00f6sseren Ganzen.<\/p>\n<p>Die Idee des Gesamtkunstwerks als harmonische Verbindung aller K\u00fcnste entstand in der Romantik. Gerade feiern wir 100 Jahre Bauhaus in Weimar \u2013 und damit auch den Anspruch an ein gelungenes Zusammenspiel von Kunst, Architektur, Handwerk Inneneinrichtung in h\u00f6chster Qualit\u00e4t f\u00fcr alle Bev\u00f6lkerungsschichten.<\/p>\n<p>Meine Auftraggeber sind nicht selten erstaunt \u00fcber die vielen Aspekte, die es zu ber\u00fccksichtigen gilt, damit, \u00fcber ein Konzept mit bester Kunstauswahl hinaus, ein stimmiger Gesamteindruck entstehen kann. Und was gibt es auch nicht alles zu ber\u00fccksichtigen, f\u00fcr das rechte Mass:<\/p>\n<p>\u2022 Funktion und \u00c4sthetik<br \/>\n\u2022 Sinn im Kontext zu Vision, Kultur, Zielgruppe, Inhalt<br \/>\n\u2022 Bedeutung von Farben, Formen, Symbolen und Zeichen<br \/>\n\u2022 Verh\u00e4ltnis von Kunstwerken, Architektur und freiem Raum (damit \u00fcberhaupt Wirkung entstehen kann)<br \/>\n\u2022 Masst\u00e4be und Gr\u00f6ssenverh\u00e4ltnisse<br \/>\n\u2022 Oberfl\u00e4chenstrukturen<br \/>\n\u2022 Platzierung von M\u00f6beln und Gegenst\u00e4nden<br \/>\n\u2022 Unterbringung von Kopierern, M\u00fclleimern, Garderoben, Schirmst\u00e4ndern etc.die alle brauchen und niemand sehen will<br \/>\n\u2022 Passende Pflanzen (Blattform und -farbe) im Umfeld<br \/>\n\u2022 Nat\u00fcrliches und k\u00fcnstliches Licht mit den entsprechenden Verf\u00e4rbungen<\/p>\n<p>Das sind nur einige der vielen Faktoren, die dar\u00fcber entscheiden, ob ein \u00fcberzeugender Gesamteindruck entsteht. Aus wahrnehmungspsychologischer Sicht finde ich besonders interessant, dass es unabh\u00e4ngig von Kultur, Religion, Sprache international sehr viele \u00dcbereinstimmungen gibt f\u00fcr das rechte Mass.<\/p>\n<p>Mit massvollen Gr\u00fcssen<br \/>\nIhre Eva Mueller<\/p>\n<p>&nbsp;<\/p>\n<figure id=\"attachment_4970\" aria-describedby=\"caption-attachment-4970\" style=\"width: 700px\" class=\"wp-caption aligncenter\"><img loading=\"lazy\" decoding=\"async\" class=\"size-full wp-image-4970\" src=\"https:\/\/www.kunstberatung.de\/newsletter\/wp-content\/uploads\/sites\/19\/2019\/05\/image-3.png\" alt=\"Elisabeth Mehrl, Acryl auf Papier, je 30 x 35,5 cm, Eva Mueller Kunstberatung\" width=\"700\" height=\"432\" \/><figcaption id=\"caption-attachment-4970\" class=\"wp-caption-text\">Elisabeth Mehrl, Acryl auf Papier, je 30 x 35,5 cm, Eva Mueller Kunstberatung<\/figcaption><\/figure>\n<p>&nbsp;<\/p>\n<p>Vor etlichen Jahren durfte ich eine Ausstellung von Elisabeth Mehrl und Danae Xynias mit dem Titel: \u201eDas Mass der Dinge\u201c er\u00f6ffnen. Beide K\u00fcnstlerinnen \u00fcberzeugen mit ihrer k\u00fcnstlerischen Intention und setzen mit ihrer gekonnten Wahl der technischen Mittel Massst\u00e4be in der Malerei.<\/p>\n","protected":false},"excerpt":{"rendered":"<p>Guten Tag, es ist eine innere Richtlinie \u2013 das rechte Mass. Ein Gef\u00fchl der Balance. Nicht zu viel und nicht zu wenig. Daf\u00fcr braucht es ein feines Gesp\u00fcr. Was passt zu Ihrem Selbstbild, privat und beruflich? Womit f\u00fchlen Sie sich wohl? Wie stellen Sie sich dar und wie wollen Sie gesehen werden? Welchen Eindruck nehmen [&hellip;]<\/p>\n","protected":false},"author":2,"featured_media":0,"comment_status":"closed","ping_status":"closed","sticky":false,"template":"","format":"standard","meta":{"_acf_changed":false,"footnotes":""},"categories":[2],"tags":[],"class_list":["post-4969","post","type-post","status-publish","format-standard","hentry","category-blog"],"yoast_head":"<!-- This site is optimized with the Yoast SEO plugin v26.6 - https:\/\/yoast.com\/wordpress\/plugins\/seo\/ -->\n<title>Eva Muellers Visionary Sunday Post 476 - Das Rechte Mass | Eva Muellers Visionary Sunday Post<\/title>\n<meta name=\"description\" content=\"Wie beim Goldenen Schnitt geht es in Kunst und Architektur um das rechte Mass. Ein Gef\u00fchl der Balance - im Newsletter eva mueller\" \/>\n<meta name=\"robots\" content=\"index, follow, max-snippet:-1, max-image-preview:large, max-video-preview:-1\" \/>\n<link rel=\"canonical\" href=\"https:\/\/www.kunstberatung.de\/newsletter\/blog\/eva-muellers-visionary-sunday-post-476-das-rechte-mass\/\" \/>\n<meta property=\"og:locale\" content=\"de_DE\" \/>\n<meta property=\"og:type\" content=\"article\" \/>\n<meta property=\"og:title\" content=\"eva muellers visionary sunday post 476 - das rechte mass | Eva Muellers Visionary Sunday Post\" \/>\n<meta property=\"og:description\" content=\"Wie beim Goldenen Schnitt geht es in Kunst und Architektur um das rechte Mass. Ein Gef\u00fchl der Balance - im Newsletter eva mueller\" \/>\n<meta property=\"og:url\" content=\"https:\/\/www.kunstberatung.de\/newsletter\/blog\/eva-muellers-visionary-sunday-post-476-das-rechte-mass\/\" \/>\n<meta property=\"og:site_name\" content=\"Eva Muellers Visionary Sunday Post\" \/>\n<meta property=\"article:published_time\" content=\"2019-05-27T13:20:02+00:00\" \/>\n<meta property=\"article:modified_time\" content=\"2021-09-17T14:08:51+00:00\" \/>\n<meta property=\"og:image\" content=\"https:\/\/www.kunstberatung.de\/newsletter\/wp-content\/uploads\/sites\/19\/2019\/05\/image-3.png\" \/>\n<meta name=\"author\" content=\"Eva Mueller\" \/>\n<meta name=\"twitter:card\" content=\"summary_large_image\" \/>\n<meta name=\"twitter:label1\" content=\"Verfasst von\" \/>\n\t<meta name=\"twitter:data1\" content=\"Eva Mueller\" \/>\n\t<meta name=\"twitter:label2\" content=\"Gesch\u00e4tzte Lesezeit\" \/>\n\t<meta name=\"twitter:data2\" content=\"2\u00a0Minuten\" \/>\n<script type=\"application\/ld+json\" class=\"yoast-schema-graph\">{\"@context\":\"https:\/\/schema.org\",\"@graph\":[{\"@type\":\"WebPage\",\"@id\":\"https:\/\/www.kunstberatung.de\/newsletter\/blog\/eva-muellers-visionary-sunday-post-476-das-rechte-mass\/\",\"url\":\"https:\/\/www.kunstberatung.de\/newsletter\/blog\/eva-muellers-visionary-sunday-post-476-das-rechte-mass\/\",\"name\":\"eva muellers visionary sunday post 476 - das rechte mass | Eva Muellers Visionary Sunday Post\",\"isPartOf\":{\"@id\":\"https:\/\/www.kunstberatung.de\/newsletter\/#website\"},\"primaryImageOfPage\":{\"@id\":\"https:\/\/www.kunstberatung.de\/newsletter\/blog\/eva-muellers-visionary-sunday-post-476-das-rechte-mass\/#primaryimage\"},\"image\":{\"@id\":\"https:\/\/www.kunstberatung.de\/newsletter\/blog\/eva-muellers-visionary-sunday-post-476-das-rechte-mass\/#primaryimage\"},\"thumbnailUrl\":\"https:\/\/www.kunstberatung.de\/newsletter\/wp-content\/uploads\/sites\/19\/2019\/05\/image-3.png\",\"datePublished\":\"2019-05-27T13:20:02+00:00\",\"dateModified\":\"2021-09-17T14:08:51+00:00\",\"author\":{\"@id\":\"https:\/\/www.kunstberatung.de\/newsletter\/#\/schema\/person\/5956216e01d75d6ee2e332111165db0a\"},\"description\":\"Wie beim Goldenen Schnitt geht es in Kunst und Architektur um das rechte Mass. Ein Gef\u00fchl der Balance - im Newsletter eva mueller\",\"inLanguage\":\"de\",\"potentialAction\":[{\"@type\":\"ReadAction\",\"target\":[\"https:\/\/www.kunstberatung.de\/newsletter\/blog\/eva-muellers-visionary-sunday-post-476-das-rechte-mass\/\"]}]},{\"@type\":\"ImageObject\",\"inLanguage\":\"de\",\"@id\":\"https:\/\/www.kunstberatung.de\/newsletter\/blog\/eva-muellers-visionary-sunday-post-476-das-rechte-mass\/#primaryimage\",\"url\":\"https:\/\/www.kunstberatung.de\/newsletter\/wp-content\/uploads\/sites\/19\/2019\/05\/image-3.png\",\"contentUrl\":\"https:\/\/www.kunstberatung.de\/newsletter\/wp-content\/uploads\/sites\/19\/2019\/05\/image-3.png\",\"width\":700,\"height\":432,\"caption\":\"Elisabeth Mehrl, Acryl auf Papier, je 30 x 35,5 cm, Eva Mueller Kunstberatung\"},{\"@type\":\"WebSite\",\"@id\":\"https:\/\/www.kunstberatung.de\/newsletter\/#website\",\"url\":\"https:\/\/www.kunstberatung.de\/newsletter\/\",\"name\":\"Eva Muellers Visionary Sunday Post\",\"description\":\"Eva Mueller Kunstberatung\",\"potentialAction\":[{\"@type\":\"SearchAction\",\"target\":{\"@type\":\"EntryPoint\",\"urlTemplate\":\"https:\/\/www.kunstberatung.de\/newsletter\/?s={search_term_string}\"},\"query-input\":{\"@type\":\"PropertyValueSpecification\",\"valueRequired\":true,\"valueName\":\"search_term_string\"}}],\"inLanguage\":\"de\"},{\"@type\":\"Person\",\"@id\":\"https:\/\/www.kunstberatung.de\/newsletter\/#\/schema\/person\/5956216e01d75d6ee2e332111165db0a\",\"name\":\"Eva Mueller\",\"sameAs\":[\"https:\/\/www.kunstberatung.de\",\"https:\/\/de.linkedin.com\/in\/eva-mueller-kunstberatung\",\"https:\/\/www.youtube.com\/kunstberatungde\"]}]}<\/script>\n<!-- \/ Yoast SEO plugin. -->","yoast_head_json":{"title":"Eva Muellers Visionary Sunday Post 476 - Das Rechte Mass | Eva Muellers Visionary Sunday Post","description":"Wie beim Goldenen Schnitt geht es in Kunst und Architektur um das rechte Mass. Ein Gef\u00fchl der Balance - im Newsletter eva mueller","robots":{"index":"index","follow":"follow","max-snippet":"max-snippet:-1","max-image-preview":"max-image-preview:large","max-video-preview":"max-video-preview:-1"},"canonical":"https:\/\/www.kunstberatung.de\/newsletter\/blog\/eva-muellers-visionary-sunday-post-476-das-rechte-mass\/","og_locale":"de_DE","og_type":"article","og_title":"eva muellers visionary sunday post 476 - das rechte mass | Eva Muellers Visionary Sunday Post","og_description":"Wie beim Goldenen Schnitt geht es in Kunst und Architektur um das rechte Mass. Ein Gef\u00fchl der Balance - im Newsletter eva mueller","og_url":"https:\/\/www.kunstberatung.de\/newsletter\/blog\/eva-muellers-visionary-sunday-post-476-das-rechte-mass\/","og_site_name":"Eva Muellers Visionary Sunday Post","article_published_time":"2019-05-27T13:20:02+00:00","article_modified_time":"2021-09-17T14:08:51+00:00","og_image":[{"url":"https:\/\/www.kunstberatung.de\/newsletter\/wp-content\/uploads\/sites\/19\/2019\/05\/image-3.png","type":"","width":"","height":""}],"author":"Eva Mueller","twitter_card":"summary_large_image","twitter_misc":{"Verfasst von":"Eva Mueller","Gesch\u00e4tzte Lesezeit":"2\u00a0Minuten"},"schema":{"@context":"https:\/\/schema.org","@graph":[{"@type":"WebPage","@id":"https:\/\/www.kunstberatung.de\/newsletter\/blog\/eva-muellers-visionary-sunday-post-476-das-rechte-mass\/","url":"https:\/\/www.kunstberatung.de\/newsletter\/blog\/eva-muellers-visionary-sunday-post-476-das-rechte-mass\/","name":"eva muellers visionary sunday post 476 - das rechte mass | Eva Muellers Visionary Sunday Post","isPartOf":{"@id":"https:\/\/www.kunstberatung.de\/newsletter\/#website"},"primaryImageOfPage":{"@id":"https:\/\/www.kunstberatung.de\/newsletter\/blog\/eva-muellers-visionary-sunday-post-476-das-rechte-mass\/#primaryimage"},"image":{"@id":"https:\/\/www.kunstberatung.de\/newsletter\/blog\/eva-muellers-visionary-sunday-post-476-das-rechte-mass\/#primaryimage"},"thumbnailUrl":"https:\/\/www.kunstberatung.de\/newsletter\/wp-content\/uploads\/sites\/19\/2019\/05\/image-3.png","datePublished":"2019-05-27T13:20:02+00:00","dateModified":"2021-09-17T14:08:51+00:00","author":{"@id":"https:\/\/www.kunstberatung.de\/newsletter\/#\/schema\/person\/5956216e01d75d6ee2e332111165db0a"},"description":"Wie beim Goldenen Schnitt geht es in Kunst und Architektur um das rechte Mass. Ein Gef\u00fchl der Balance - im Newsletter eva mueller","inLanguage":"de","potentialAction":[{"@type":"ReadAction","target":["https:\/\/www.kunstberatung.de\/newsletter\/blog\/eva-muellers-visionary-sunday-post-476-das-rechte-mass\/"]}]},{"@type":"ImageObject","inLanguage":"de","@id":"https:\/\/www.kunstberatung.de\/newsletter\/blog\/eva-muellers-visionary-sunday-post-476-das-rechte-mass\/#primaryimage","url":"https:\/\/www.kunstberatung.de\/newsletter\/wp-content\/uploads\/sites\/19\/2019\/05\/image-3.png","contentUrl":"https:\/\/www.kunstberatung.de\/newsletter\/wp-content\/uploads\/sites\/19\/2019\/05\/image-3.png","width":700,"height":432,"caption":"Elisabeth Mehrl, Acryl auf Papier, je 30 x 35,5 cm, Eva Mueller Kunstberatung"},{"@type":"WebSite","@id":"https:\/\/www.kunstberatung.de\/newsletter\/#website","url":"https:\/\/www.kunstberatung.de\/newsletter\/","name":"Eva Muellers Visionary Sunday Post","description":"Eva Mueller Kunstberatung","potentialAction":[{"@type":"SearchAction","target":{"@type":"EntryPoint","urlTemplate":"https:\/\/www.kunstberatung.de\/newsletter\/?s={search_term_string}"},"query-input":{"@type":"PropertyValueSpecification","valueRequired":true,"valueName":"search_term_string"}}],"inLanguage":"de"},{"@type":"Person","@id":"https:\/\/www.kunstberatung.de\/newsletter\/#\/schema\/person\/5956216e01d75d6ee2e332111165db0a","name":"Eva Mueller","sameAs":["https:\/\/www.kunstberatung.de","https:\/\/de.linkedin.com\/in\/eva-mueller-kunstberatung","https:\/\/www.youtube.com\/kunstberatungde"]}]}},"acf":[],"_links":{"self":[{"href":"https:\/\/www.kunstberatung.de\/newsletter\/wp-json\/wp\/v2\/posts\/4969","targetHints":{"allow":["GET"]}}],"collection":[{"href":"https:\/\/www.kunstberatung.de\/newsletter\/wp-json\/wp\/v2\/posts"}],"about":[{"href":"https:\/\/www.kunstberatung.de\/newsletter\/wp-json\/wp\/v2\/types\/post"}],"author":[{"embeddable":true,"href":"https:\/\/www.kunstberatung.de\/newsletter\/wp-json\/wp\/v2\/users\/2"}],"replies":[{"embeddable":true,"href":"https:\/\/www.kunstberatung.de\/newsletter\/wp-json\/wp\/v2\/comments?post=4969"}],"version-history":[{"count":0,"href":"https:\/\/www.kunstberatung.de\/newsletter\/wp-json\/wp\/v2\/posts\/4969\/revisions"}],"wp:attachment":[{"href":"https:\/\/www.kunstberatung.de\/newsletter\/wp-json\/wp\/v2\/media?parent=4969"}],"wp:term":[{"taxonomy":"category","embeddable":true,"href":"https:\/\/www.kunstberatung.de\/newsletter\/wp-json\/wp\/v2\/categories?post=4969"},{"taxonomy":"post_tag","embeddable":true,"href":"https:\/\/www.kunstberatung.de\/newsletter\/wp-json\/wp\/v2\/tags?post=4969"}],"curies":[{"name":"wp","href":"https:\/\/api.w.org\/{rel}","templated":true}]}}