{"id":4947,"date":"2019-02-26T15:56:38","date_gmt":"2019-02-26T14:56:38","guid":{"rendered":"https:\/\/www.kunstberatung.de\/newsletter\/?p=4947"},"modified":"2021-09-17T16:13:25","modified_gmt":"2021-09-17T14:13:25","slug":"eva-muellers-visionary-sunday-post-467-kunst-banane","status":"publish","type":"post","link":"https:\/\/www.kunstberatung.de\/newsletter\/blog\/eva-muellers-visionary-sunday-post-467-kunst-banane\/","title":{"rendered":"eva muellers visionary sunday post 468 &#8211; kunst-banane"},"content":{"rendered":"<p>Guten Tag,<\/p>\n<p>vielleicht haben Sie sich schon mal gefragt, was die Banane eigentlich bedeuten soll, an Hausw\u00e4nden von Galerien und Museen an die Wand gespr\u00fcht? 1986 hatte der K\u00fcnstler Thomas Baumg\u00e4rtel die Idee einer Spraybanane, mit der er Institutionen auszeichnen wollte, die sich f\u00fcr die Kunst einsetzen.<\/p>\n<p>Und zugleich ist das nat\u00fcrlich ein hervorragender Marketingcoup. Denn mittlerweile versammelt er in seinem Archiv Fotos von \u00fcber 5000 Orten, an denen sich sein Markenzeichen befindet. Damit dreht er den Spiess um. Der K\u00fcnstler w\u00e4hlt Museen, Galerien, alternative Kunstorte aus, anstatt von ihnen beurteilt, bzw. aufgenommen zu werden.<\/p>\n<p>Warum aber eine Banane? Sie eignet sich nicht nur wegen ihrer peppigen Farbe und Form, die viele K\u00fcnstler der Pop-Art aufgriffen. Sie erinnert auch daran, dass es noch gar nicht so lange her ist, dass wir ganz selbstverst\u00e4ndlich S\u00fcdfr\u00fcchte aus aller Welt konsumieren. Die dahinter verborgenen Arbeits-, Produktions- und Umweltbedingungen sind kurzfristig aufscheinende Themen, die im Alltag des Supermarkteinkaufs leider schnell in Vergessenheit geraten. Vor gut 100 Jahren gelang es der United Fruit Company mit aggressiven Werbestrategien die Banane weltweit zu lancieren. Dabei ging unter, dass die Fr\u00fcchte h\u00e4ufig aus politisch korrupten L\u00e4ndern kamen, sogenannten \u201eBananenrepubliken\u201c. \u00dcbrigens erhielt auch die BRD 1984 in der Flick-Parteispendenaff\u00e4re dieses Signet!<\/p>\n<p>Und genau in dieser Zeit, den 1980er Jahren entsteht auch Thomas Baumg\u00e4rtels erste Bananen-Kunst. Wandmalereien finden sich seit Tausenden von Jahren in H\u00f6hlen, Tempeln, Gr\u00e4bern. Was wir heute als Streetart bezeichnen, ist jedoch erst in unserem Jahrhundert als neue Kunstform anerkannt. Ihr Merkmal ist \u2013 wie bei der Banane \u2013 eine plakative Botschaft, die sich nicht darum k\u00fcmmert, ob sie erw\u00fcnscht ist oder nicht und auf diese Weise gesellschaftlich brisante Themen in den \u00f6ffentlichen Raum bringt. Gerade auch in L\u00e4ndern, in denen kritische Meinungen zensiert werden.<\/p>\n<p>Der international bekannteste \u2013 und sicher auch \u00e4sthetisch und intellektuell interessanteste Streetart K\u00fcnstler ist Banksy, dessen Identit\u00e4t noch niemand enth\u00fcllt hat. Und von dem sie sicher geh\u00f6rt haben, als er sein eben ersteigertes Gem\u00e4lde bei einer Auktion per Fernbedienung halb schreddern liess. Dieses absurde Spektakel brachte Banksy ziemliche Kritik ein. Widerspricht die damit verbundene Wertsteigerung doch der Vision einer nicht kommerziellen, gesellschaftlich relevanten Streetart-Kunst, die zum Nachdenken und Diskutieren anregen will.<\/p>\n<p>Vielleicht entdecken Sie bei Ihrem Sonntagsspaziergang Kunst-Bananen \u2013 oder andere Streetart?<br \/>\nMit herzlichem Gruss<br \/>\nIhre Eva Mueller<\/p>\n","protected":false},"excerpt":{"rendered":"<p>Guten Tag, vielleicht haben Sie sich schon mal gefragt, was die Banane eigentlich bedeuten soll, an Hausw\u00e4nden von Galerien und Museen an die Wand gespr\u00fcht? 1986 hatte der K\u00fcnstler Thomas Baumg\u00e4rtel die Idee einer Spraybanane, mit der er Institutionen auszeichnen wollte, die sich f\u00fcr die Kunst einsetzen. Und zugleich ist das nat\u00fcrlich ein hervorragender Marketingcoup. [&hellip;]<\/p>\n","protected":false},"author":2,"featured_media":0,"comment_status":"closed","ping_status":"closed","sticky":false,"template":"","format":"standard","meta":{"_acf_changed":false,"footnotes":""},"categories":[2],"tags":[],"class_list":["post-4947","post","type-post","status-publish","format-standard","hentry","category-blog"],"yoast_head":"<!-- This site is optimized with the Yoast SEO plugin v26.6 - https:\/\/yoast.com\/wordpress\/plugins\/seo\/ -->\n<title>Eva Muellers Visionary Sunday Post 468 - Kunst-banane | Eva Muellers Visionary Sunday Post<\/title>\n<meta name=\"description\" content=\"In den 1980er Jahren entsteht Thomas Baumg\u00e4rtels erste Bananen-Kunst, heute kennzeichnet sie die Spraybanane an Galeriew\u00e4nden und Museen\" \/>\n<meta name=\"robots\" content=\"index, follow, max-snippet:-1, max-image-preview:large, max-video-preview:-1\" \/>\n<link rel=\"canonical\" href=\"https:\/\/www.kunstberatung.de\/newsletter\/blog\/eva-muellers-visionary-sunday-post-467-kunst-banane\/\" \/>\n<meta property=\"og:locale\" content=\"de_DE\" \/>\n<meta property=\"og:type\" content=\"article\" \/>\n<meta property=\"og:title\" content=\"eva muellers visionary sunday post 468 - kunst-banane | Eva Muellers Visionary Sunday Post\" \/>\n<meta property=\"og:description\" content=\"In den 1980er Jahren entsteht Thomas Baumg\u00e4rtels erste Bananen-Kunst, heute kennzeichnet sie die Spraybanane an Galeriew\u00e4nden und Museen\" \/>\n<meta property=\"og:url\" content=\"https:\/\/www.kunstberatung.de\/newsletter\/blog\/eva-muellers-visionary-sunday-post-467-kunst-banane\/\" \/>\n<meta property=\"og:site_name\" content=\"Eva Muellers Visionary Sunday Post\" \/>\n<meta property=\"article:published_time\" content=\"2019-02-26T14:56:38+00:00\" \/>\n<meta property=\"article:modified_time\" content=\"2021-09-17T14:13:25+00:00\" \/>\n<meta name=\"author\" content=\"Eva Mueller\" \/>\n<meta name=\"twitter:card\" content=\"summary_large_image\" \/>\n<meta name=\"twitter:label1\" content=\"Verfasst von\" \/>\n\t<meta name=\"twitter:data1\" content=\"Eva Mueller\" \/>\n\t<meta name=\"twitter:label2\" content=\"Gesch\u00e4tzte Lesezeit\" \/>\n\t<meta name=\"twitter:data2\" content=\"2\u00a0Minuten\" \/>\n<script type=\"application\/ld+json\" class=\"yoast-schema-graph\">{\"@context\":\"https:\/\/schema.org\",\"@graph\":[{\"@type\":\"WebPage\",\"@id\":\"https:\/\/www.kunstberatung.de\/newsletter\/blog\/eva-muellers-visionary-sunday-post-467-kunst-banane\/\",\"url\":\"https:\/\/www.kunstberatung.de\/newsletter\/blog\/eva-muellers-visionary-sunday-post-467-kunst-banane\/\",\"name\":\"eva muellers visionary sunday post 468 - kunst-banane | Eva Muellers Visionary Sunday Post\",\"isPartOf\":{\"@id\":\"https:\/\/www.kunstberatung.de\/newsletter\/#website\"},\"datePublished\":\"2019-02-26T14:56:38+00:00\",\"dateModified\":\"2021-09-17T14:13:25+00:00\",\"author\":{\"@id\":\"https:\/\/www.kunstberatung.de\/newsletter\/#\/schema\/person\/5956216e01d75d6ee2e332111165db0a\"},\"description\":\"In den 1980er Jahren entsteht Thomas Baumg\u00e4rtels erste Bananen-Kunst, heute kennzeichnet sie die Spraybanane an Galeriew\u00e4nden und Museen\",\"inLanguage\":\"de\",\"potentialAction\":[{\"@type\":\"ReadAction\",\"target\":[\"https:\/\/www.kunstberatung.de\/newsletter\/blog\/eva-muellers-visionary-sunday-post-467-kunst-banane\/\"]}]},{\"@type\":\"WebSite\",\"@id\":\"https:\/\/www.kunstberatung.de\/newsletter\/#website\",\"url\":\"https:\/\/www.kunstberatung.de\/newsletter\/\",\"name\":\"Eva Muellers Visionary Sunday Post\",\"description\":\"Eva Mueller Kunstberatung\",\"potentialAction\":[{\"@type\":\"SearchAction\",\"target\":{\"@type\":\"EntryPoint\",\"urlTemplate\":\"https:\/\/www.kunstberatung.de\/newsletter\/?s={search_term_string}\"},\"query-input\":{\"@type\":\"PropertyValueSpecification\",\"valueRequired\":true,\"valueName\":\"search_term_string\"}}],\"inLanguage\":\"de\"},{\"@type\":\"Person\",\"@id\":\"https:\/\/www.kunstberatung.de\/newsletter\/#\/schema\/person\/5956216e01d75d6ee2e332111165db0a\",\"name\":\"Eva Mueller\",\"sameAs\":[\"https:\/\/www.kunstberatung.de\",\"https:\/\/de.linkedin.com\/in\/eva-mueller-kunstberatung\",\"https:\/\/www.youtube.com\/kunstberatungde\"]}]}<\/script>\n<!-- \/ Yoast SEO plugin. -->","yoast_head_json":{"title":"Eva Muellers Visionary Sunday Post 468 - Kunst-banane | Eva Muellers Visionary Sunday Post","description":"In den 1980er Jahren entsteht Thomas Baumg\u00e4rtels erste Bananen-Kunst, heute kennzeichnet sie die Spraybanane an Galeriew\u00e4nden und Museen","robots":{"index":"index","follow":"follow","max-snippet":"max-snippet:-1","max-image-preview":"max-image-preview:large","max-video-preview":"max-video-preview:-1"},"canonical":"https:\/\/www.kunstberatung.de\/newsletter\/blog\/eva-muellers-visionary-sunday-post-467-kunst-banane\/","og_locale":"de_DE","og_type":"article","og_title":"eva muellers visionary sunday post 468 - kunst-banane | Eva Muellers Visionary Sunday Post","og_description":"In den 1980er Jahren entsteht Thomas Baumg\u00e4rtels erste Bananen-Kunst, heute kennzeichnet sie die Spraybanane an Galeriew\u00e4nden und Museen","og_url":"https:\/\/www.kunstberatung.de\/newsletter\/blog\/eva-muellers-visionary-sunday-post-467-kunst-banane\/","og_site_name":"Eva Muellers Visionary Sunday Post","article_published_time":"2019-02-26T14:56:38+00:00","article_modified_time":"2021-09-17T14:13:25+00:00","author":"Eva Mueller","twitter_card":"summary_large_image","twitter_misc":{"Verfasst von":"Eva Mueller","Gesch\u00e4tzte Lesezeit":"2\u00a0Minuten"},"schema":{"@context":"https:\/\/schema.org","@graph":[{"@type":"WebPage","@id":"https:\/\/www.kunstberatung.de\/newsletter\/blog\/eva-muellers-visionary-sunday-post-467-kunst-banane\/","url":"https:\/\/www.kunstberatung.de\/newsletter\/blog\/eva-muellers-visionary-sunday-post-467-kunst-banane\/","name":"eva muellers visionary sunday post 468 - kunst-banane | Eva Muellers Visionary Sunday Post","isPartOf":{"@id":"https:\/\/www.kunstberatung.de\/newsletter\/#website"},"datePublished":"2019-02-26T14:56:38+00:00","dateModified":"2021-09-17T14:13:25+00:00","author":{"@id":"https:\/\/www.kunstberatung.de\/newsletter\/#\/schema\/person\/5956216e01d75d6ee2e332111165db0a"},"description":"In den 1980er Jahren entsteht Thomas Baumg\u00e4rtels erste Bananen-Kunst, heute kennzeichnet sie die Spraybanane an Galeriew\u00e4nden und Museen","inLanguage":"de","potentialAction":[{"@type":"ReadAction","target":["https:\/\/www.kunstberatung.de\/newsletter\/blog\/eva-muellers-visionary-sunday-post-467-kunst-banane\/"]}]},{"@type":"WebSite","@id":"https:\/\/www.kunstberatung.de\/newsletter\/#website","url":"https:\/\/www.kunstberatung.de\/newsletter\/","name":"Eva Muellers Visionary Sunday Post","description":"Eva Mueller Kunstberatung","potentialAction":[{"@type":"SearchAction","target":{"@type":"EntryPoint","urlTemplate":"https:\/\/www.kunstberatung.de\/newsletter\/?s={search_term_string}"},"query-input":{"@type":"PropertyValueSpecification","valueRequired":true,"valueName":"search_term_string"}}],"inLanguage":"de"},{"@type":"Person","@id":"https:\/\/www.kunstberatung.de\/newsletter\/#\/schema\/person\/5956216e01d75d6ee2e332111165db0a","name":"Eva Mueller","sameAs":["https:\/\/www.kunstberatung.de","https:\/\/de.linkedin.com\/in\/eva-mueller-kunstberatung","https:\/\/www.youtube.com\/kunstberatungde"]}]}},"acf":[],"_links":{"self":[{"href":"https:\/\/www.kunstberatung.de\/newsletter\/wp-json\/wp\/v2\/posts\/4947","targetHints":{"allow":["GET"]}}],"collection":[{"href":"https:\/\/www.kunstberatung.de\/newsletter\/wp-json\/wp\/v2\/posts"}],"about":[{"href":"https:\/\/www.kunstberatung.de\/newsletter\/wp-json\/wp\/v2\/types\/post"}],"author":[{"embeddable":true,"href":"https:\/\/www.kunstberatung.de\/newsletter\/wp-json\/wp\/v2\/users\/2"}],"replies":[{"embeddable":true,"href":"https:\/\/www.kunstberatung.de\/newsletter\/wp-json\/wp\/v2\/comments?post=4947"}],"version-history":[{"count":0,"href":"https:\/\/www.kunstberatung.de\/newsletter\/wp-json\/wp\/v2\/posts\/4947\/revisions"}],"wp:attachment":[{"href":"https:\/\/www.kunstberatung.de\/newsletter\/wp-json\/wp\/v2\/media?parent=4947"}],"wp:term":[{"taxonomy":"category","embeddable":true,"href":"https:\/\/www.kunstberatung.de\/newsletter\/wp-json\/wp\/v2\/categories?post=4947"},{"taxonomy":"post_tag","embeddable":true,"href":"https:\/\/www.kunstberatung.de\/newsletter\/wp-json\/wp\/v2\/tags?post=4947"}],"curies":[{"name":"wp","href":"https:\/\/api.w.org\/{rel}","templated":true}]}}