{"id":4794,"date":"2018-10-09T15:18:20","date_gmt":"2018-10-09T13:18:20","guid":{"rendered":"https:\/\/www.kunstberatung.de\/vision\/?p=4794"},"modified":"2021-09-27T17:05:39","modified_gmt":"2021-09-27T15:05:39","slug":"eva-muellers-visionary-sunday-post-431-botschaft-oder-absicht","status":"publish","type":"post","link":"https:\/\/www.kunstberatung.de\/newsletter\/blog\/eva-muellers-visionary-sunday-post-431-botschaft-oder-absicht\/","title":{"rendered":"eva muellers visionary sunday post 431 &#8211; werbeplakte in unternehmen"},"content":{"rendered":"<p><span style=\"color: #ff9900\">Botschaft oder Absicht<\/span><\/p>\n<p>&nbsp;<\/p>\n<p>Guten Tag,<br \/>\nerst vor kurzem besuchte ich ein Unternehmen, in dem es f\u00fcr die Mitarbeiter\/innen bisher nur Plakate gab. In der neuen Hauptverwaltung sollte jetzt endlich auch die Kunst Einzug halten.<\/p>\n<p>Gesch\u00e4ftsf\u00fchrung und Belegschaft hatten in der Zeit ihrer grunds\u00e4tzlichen \u00dcberlegungen, die so eine r\u00e4umliche Ver\u00e4nderung mit sich bringt, eine wesentliche Erfahrung gemacht. Bei einer Konferenz in einem befreundeten Unternehmen, f\u00fcr das ich die Kunst ausgew\u00e4hlt und platziert hatte, fiel ihnen auf, wie wohltuend diese Bilderwelt ihre Gespr\u00e4che und Arbeitsatmosph\u00e4re ver\u00e4nderte.<\/p>\n<p>Das wollten sie auch haben!<\/p>\n<p>Wer den Unterschied nicht gesehen oder erlebt, bisher wenig mit Kunst zu tun hat, kann es sich schwer vorstellen. Daher reise ich auch h\u00e4ufig mit Auftraggebern zu Referenzprojekten (wenn Sie Interesse haben, melden Sie sich gerne).<\/p>\n<p>Ich habe noch selten ein Unternehmen gesehen, bei dem die W\u00e4nde leer bleiben! Es gibt ein Grundbed\u00fcrfnis nach Sch\u00f6nheit, Farbe, Bildern \u2013 und bei meinen Kunden nach Werken mit qualitativer Substanz, Emotion, Inhalten und Inspirationen, die zu ihrer Unternehmensvision, ihrem Angebot, ihren Mitarbeitern \u2013 kurz ihrer Botschaft passen.<\/p>\n<p>Nat\u00fcrlich kostet es gar nichts, einfach Produktplakate der eigenen Marketingabteilung aufzuh\u00e4ngen. Diese \u201eWert-Sch\u00e4tzung\u201c vermittelt sich Mitarbeiter\/innen wie Besuchern und wirkt \u2013 wenn auch auf subtile Weise.<\/p>\n<p>Ist es Absicht? Oder Unsicherheit, dass die eigenen Leute vergessen wo sie sind? Jede\/r die\/der im Unternehmen arbeitet oder zu Besuch kommt, wird immer wieder mit den gleichen Bildern und Texten konfrontiert. Es gibt nichts anderes. Diese Welt ist eng. Andere Sichtweisen \u2013 no way. Neue Inspirationen \u2013 brauchen wir nicht. Die Leute sollen immer wieder nur das eigene Firmenlogo und die eigenen Produkte sehen &#8211; in ihrer Arbeit, im Computer, an der Wand, im Flur, in Besprechungsr\u00e4umen, in der Cafeteria. Kann man machen. Aber passt das zur Erwartung innovativer Ideenflut oder dem aktuellen Dauerbrennerthema Agilit\u00e4t? Ist das mitarbeiterfreundlich, gar repr\u00e4sentativ?<\/p>\n<p>Absichten wirken manipulativ. &#8222;Man merkt die Absicht und ist verstimmt&#8220; (frei nach Goethes Torquato Tasso). Botschaften inspirieren und lassen sich in verschiedenen Situationen immer wieder neu erleben und verstehen.<\/p>\n<p>Mit fr\u00f6hlichen Sonntagsgr\u00fcssen<br \/>\nIhre Eva Mueller<\/p>\n","protected":false},"excerpt":{"rendered":"<p>Botschaft oder Absicht &nbsp; Guten Tag, erst vor kurzem besuchte ich ein Unternehmen, in dem es f\u00fcr die Mitarbeiter\/innen bisher nur Plakate gab. In der neuen Hauptverwaltung sollte jetzt endlich auch die Kunst Einzug halten. Gesch\u00e4ftsf\u00fchrung und Belegschaft hatten in der Zeit ihrer grunds\u00e4tzlichen \u00dcberlegungen, die so eine r\u00e4umliche Ver\u00e4nderung mit sich bringt, eine wesentliche [&hellip;]<\/p>\n","protected":false},"author":2,"featured_media":0,"comment_status":"closed","ping_status":"closed","sticky":false,"template":"","format":"standard","meta":{"_acf_changed":false,"footnotes":""},"categories":[2],"tags":[],"class_list":["post-4794","post","type-post","status-publish","format-standard","hentry","category-blog"],"yoast_head":"<!-- This site is optimized with the Yoast SEO plugin v26.6 - https:\/\/yoast.com\/wordpress\/plugins\/seo\/ -->\n<title>Eva Muellers Visionary Sunday Post 431 - Werbeplakte In Unternehmen | Eva Muellers Visionary Sunday Post<\/title>\n<meta name=\"description\" content=\"Poster und Plakate als Eigenwerbung in Unternehmen werden zunehmend von Mitarbeitern und Kunden abgelehnt\" \/>\n<meta name=\"robots\" content=\"index, follow, max-snippet:-1, max-image-preview:large, max-video-preview:-1\" \/>\n<link rel=\"canonical\" href=\"https:\/\/www.kunstberatung.de\/newsletter\/blog\/eva-muellers-visionary-sunday-post-431-botschaft-oder-absicht\/\" \/>\n<meta property=\"og:locale\" content=\"de_DE\" \/>\n<meta property=\"og:type\" content=\"article\" \/>\n<meta property=\"og:title\" content=\"eva muellers visionary sunday post 431 - werbeplakte in unternehmen | Eva Muellers Visionary Sunday Post\" \/>\n<meta property=\"og:description\" content=\"Poster und Plakate als Eigenwerbung in Unternehmen werden zunehmend von Mitarbeitern und Kunden abgelehnt\" \/>\n<meta property=\"og:url\" content=\"https:\/\/www.kunstberatung.de\/newsletter\/blog\/eva-muellers-visionary-sunday-post-431-botschaft-oder-absicht\/\" \/>\n<meta property=\"og:site_name\" content=\"Eva Muellers Visionary Sunday Post\" \/>\n<meta property=\"article:published_time\" content=\"2018-10-09T13:18:20+00:00\" \/>\n<meta property=\"article:modified_time\" content=\"2021-09-27T15:05:39+00:00\" \/>\n<meta name=\"author\" content=\"Eva Mueller\" \/>\n<meta name=\"twitter:card\" content=\"summary_large_image\" \/>\n<meta name=\"twitter:label1\" content=\"Verfasst von\" \/>\n\t<meta name=\"twitter:data1\" content=\"Eva Mueller\" \/>\n\t<meta name=\"twitter:label2\" content=\"Gesch\u00e4tzte Lesezeit\" \/>\n\t<meta name=\"twitter:data2\" content=\"2\u00a0Minuten\" \/>\n<script type=\"application\/ld+json\" class=\"yoast-schema-graph\">{\"@context\":\"https:\/\/schema.org\",\"@graph\":[{\"@type\":\"WebPage\",\"@id\":\"https:\/\/www.kunstberatung.de\/newsletter\/blog\/eva-muellers-visionary-sunday-post-431-botschaft-oder-absicht\/\",\"url\":\"https:\/\/www.kunstberatung.de\/newsletter\/blog\/eva-muellers-visionary-sunday-post-431-botschaft-oder-absicht\/\",\"name\":\"eva muellers visionary sunday post 431 - werbeplakte in unternehmen | Eva Muellers Visionary Sunday Post\",\"isPartOf\":{\"@id\":\"https:\/\/www.kunstberatung.de\/newsletter\/#website\"},\"datePublished\":\"2018-10-09T13:18:20+00:00\",\"dateModified\":\"2021-09-27T15:05:39+00:00\",\"author\":{\"@id\":\"https:\/\/www.kunstberatung.de\/newsletter\/#\/schema\/person\/5956216e01d75d6ee2e332111165db0a\"},\"description\":\"Poster und Plakate als Eigenwerbung in Unternehmen werden zunehmend von Mitarbeitern und Kunden abgelehnt\",\"inLanguage\":\"de\",\"potentialAction\":[{\"@type\":\"ReadAction\",\"target\":[\"https:\/\/www.kunstberatung.de\/newsletter\/blog\/eva-muellers-visionary-sunday-post-431-botschaft-oder-absicht\/\"]}]},{\"@type\":\"WebSite\",\"@id\":\"https:\/\/www.kunstberatung.de\/newsletter\/#website\",\"url\":\"https:\/\/www.kunstberatung.de\/newsletter\/\",\"name\":\"Eva Muellers Visionary Sunday Post\",\"description\":\"Eva Mueller Kunstberatung\",\"potentialAction\":[{\"@type\":\"SearchAction\",\"target\":{\"@type\":\"EntryPoint\",\"urlTemplate\":\"https:\/\/www.kunstberatung.de\/newsletter\/?s={search_term_string}\"},\"query-input\":{\"@type\":\"PropertyValueSpecification\",\"valueRequired\":true,\"valueName\":\"search_term_string\"}}],\"inLanguage\":\"de\"},{\"@type\":\"Person\",\"@id\":\"https:\/\/www.kunstberatung.de\/newsletter\/#\/schema\/person\/5956216e01d75d6ee2e332111165db0a\",\"name\":\"Eva Mueller\",\"sameAs\":[\"https:\/\/www.kunstberatung.de\",\"https:\/\/de.linkedin.com\/in\/eva-mueller-kunstberatung\",\"https:\/\/www.youtube.com\/kunstberatungde\"]}]}<\/script>\n<!-- \/ Yoast SEO plugin. -->","yoast_head_json":{"title":"Eva Muellers Visionary Sunday Post 431 - Werbeplakte In Unternehmen | Eva Muellers Visionary Sunday Post","description":"Poster und Plakate als Eigenwerbung in Unternehmen werden zunehmend von Mitarbeitern und Kunden abgelehnt","robots":{"index":"index","follow":"follow","max-snippet":"max-snippet:-1","max-image-preview":"max-image-preview:large","max-video-preview":"max-video-preview:-1"},"canonical":"https:\/\/www.kunstberatung.de\/newsletter\/blog\/eva-muellers-visionary-sunday-post-431-botschaft-oder-absicht\/","og_locale":"de_DE","og_type":"article","og_title":"eva muellers visionary sunday post 431 - werbeplakte in unternehmen | Eva Muellers Visionary Sunday Post","og_description":"Poster und Plakate als Eigenwerbung in Unternehmen werden zunehmend von Mitarbeitern und Kunden abgelehnt","og_url":"https:\/\/www.kunstberatung.de\/newsletter\/blog\/eva-muellers-visionary-sunday-post-431-botschaft-oder-absicht\/","og_site_name":"Eva Muellers Visionary Sunday Post","article_published_time":"2018-10-09T13:18:20+00:00","article_modified_time":"2021-09-27T15:05:39+00:00","author":"Eva Mueller","twitter_card":"summary_large_image","twitter_misc":{"Verfasst von":"Eva Mueller","Gesch\u00e4tzte Lesezeit":"2\u00a0Minuten"},"schema":{"@context":"https:\/\/schema.org","@graph":[{"@type":"WebPage","@id":"https:\/\/www.kunstberatung.de\/newsletter\/blog\/eva-muellers-visionary-sunday-post-431-botschaft-oder-absicht\/","url":"https:\/\/www.kunstberatung.de\/newsletter\/blog\/eva-muellers-visionary-sunday-post-431-botschaft-oder-absicht\/","name":"eva muellers visionary sunday post 431 - werbeplakte in unternehmen | Eva Muellers Visionary Sunday Post","isPartOf":{"@id":"https:\/\/www.kunstberatung.de\/newsletter\/#website"},"datePublished":"2018-10-09T13:18:20+00:00","dateModified":"2021-09-27T15:05:39+00:00","author":{"@id":"https:\/\/www.kunstberatung.de\/newsletter\/#\/schema\/person\/5956216e01d75d6ee2e332111165db0a"},"description":"Poster und Plakate als Eigenwerbung in Unternehmen werden zunehmend von Mitarbeitern und Kunden abgelehnt","inLanguage":"de","potentialAction":[{"@type":"ReadAction","target":["https:\/\/www.kunstberatung.de\/newsletter\/blog\/eva-muellers-visionary-sunday-post-431-botschaft-oder-absicht\/"]}]},{"@type":"WebSite","@id":"https:\/\/www.kunstberatung.de\/newsletter\/#website","url":"https:\/\/www.kunstberatung.de\/newsletter\/","name":"Eva Muellers Visionary Sunday Post","description":"Eva Mueller Kunstberatung","potentialAction":[{"@type":"SearchAction","target":{"@type":"EntryPoint","urlTemplate":"https:\/\/www.kunstberatung.de\/newsletter\/?s={search_term_string}"},"query-input":{"@type":"PropertyValueSpecification","valueRequired":true,"valueName":"search_term_string"}}],"inLanguage":"de"},{"@type":"Person","@id":"https:\/\/www.kunstberatung.de\/newsletter\/#\/schema\/person\/5956216e01d75d6ee2e332111165db0a","name":"Eva Mueller","sameAs":["https:\/\/www.kunstberatung.de","https:\/\/de.linkedin.com\/in\/eva-mueller-kunstberatung","https:\/\/www.youtube.com\/kunstberatungde"]}]}},"acf":[],"_links":{"self":[{"href":"https:\/\/www.kunstberatung.de\/newsletter\/wp-json\/wp\/v2\/posts\/4794","targetHints":{"allow":["GET"]}}],"collection":[{"href":"https:\/\/www.kunstberatung.de\/newsletter\/wp-json\/wp\/v2\/posts"}],"about":[{"href":"https:\/\/www.kunstberatung.de\/newsletter\/wp-json\/wp\/v2\/types\/post"}],"author":[{"embeddable":true,"href":"https:\/\/www.kunstberatung.de\/newsletter\/wp-json\/wp\/v2\/users\/2"}],"replies":[{"embeddable":true,"href":"https:\/\/www.kunstberatung.de\/newsletter\/wp-json\/wp\/v2\/comments?post=4794"}],"version-history":[{"count":0,"href":"https:\/\/www.kunstberatung.de\/newsletter\/wp-json\/wp\/v2\/posts\/4794\/revisions"}],"wp:attachment":[{"href":"https:\/\/www.kunstberatung.de\/newsletter\/wp-json\/wp\/v2\/media?parent=4794"}],"wp:term":[{"taxonomy":"category","embeddable":true,"href":"https:\/\/www.kunstberatung.de\/newsletter\/wp-json\/wp\/v2\/categories?post=4794"},{"taxonomy":"post_tag","embeddable":true,"href":"https:\/\/www.kunstberatung.de\/newsletter\/wp-json\/wp\/v2\/tags?post=4794"}],"curies":[{"name":"wp","href":"https:\/\/api.w.org\/{rel}","templated":true}]}}