{"id":4250,"date":"2018-04-03T12:28:49","date_gmt":"2018-04-03T12:28:49","guid":{"rendered":"https:\/\/www.kunstberatung.de\/newsletter\/?p=4250"},"modified":"2018-09-10T16:03:52","modified_gmt":"2018-09-10T14:03:52","slug":"mutletter-416-groenlandsee","status":"publish","type":"post","link":"https:\/\/www.kunstberatung.de\/newsletter\/blog\/mutletter-416-groenlandsee\/","title":{"rendered":"eva muellers visionary sunday post 416 &#8211; Gr\u00f6nland"},"content":{"rendered":"<h5><span style=\"color: #ffcc00\">Einundvierzig Tage in der Gr\u00f6nlandsee<\/span><\/h5>\n<p>Guten Tag,<\/p>\n<p>an Bord der Forschungseisbrecher, die im Rahmen wissenschaftlicher Arbeiten des Alfred Wegener Instituts von Bremerhaven ins europ\u00e4ische Nordmeer aufbrechen, befindet sich immer wieder auch der K\u00fcnstler Gerhard Riessbeck.<\/p>\n<p>Der Namensgeber des Instituts, Alfred Lothar Wegener, ber\u00fchmt f\u00fcr seine bis heute g\u00fcltigen Erkenntnisse zur Kontinentalverschiebung, kam 1930 selbst im Eis um. Dieses Schicksal teilt er mit vielen Expeditionsleitern, die sich trotz aller Gefahren nicht von ihrer Entdecker-Vision abhielten liessen. Filme wie \u201eRuhm und Ehre\u201c von Kevin Hooks, B\u00fccher wie \u201eMit Motorboot und Schlitten in Gr\u00f6nland\u201c von Alfred Lothar Wegener oder Scott und Amundsens \u201eDuell im ewigen Eis\u201c und \u201eWettlauf zum Pol\u201c erz\u00e4hlen von einer Leidenschaft, in der es um Leben und Tod geht.<\/p>\n<p>Nichts kann sie aufhalten. Das Ziel ist zu verlockend. Die erhofften Forschungsergebnisse zu bewegend und fordernd.<\/p>\n<p>Der Maler Gerhard Riessbeck teilt die Faszination f\u00fcr unber\u00fchrte Landschaften mit seinen wissenschaftlichen Kollegen. Immer wieder zieht es ihn in menschenleere Gegenden, nach Island, Lappland, Norwegen, zum Polarmeer oder nach Spitzbergen. Seine herausragenden Gem\u00e4lde zeigen uns menschenleere Winterlandschaften, grossartige Lichtstimmungen und beeindruckende Szenerien. Stille. Einsamkeit. Sch\u00f6nheit.<\/p>\n<p>Ein ganz klein wenig l\u00e4sst sich dem mit eisiger Luft der letzten Tage (minus 20\u00b0 statt minus 50\u00b0 Celsius), Schneelandschaften (zumindest hier im S\u00fcden) und klarem Blau des Himmels nachsp\u00fcren.<\/p>\n<p>Mit wintersonnig-herzlichem Gruss<br \/>\nIhre Eva Mueller<\/p>\n<p><img decoding=\"async\" src=\"https:\/\/i6.createsend1.com\/ti\/r\/9F\/11D\/8E0\/175041\/spacer.jpg\" alt=\"\" width=\"700\" \/><\/p>\n<div align=\"center\"><img loading=\"lazy\" decoding=\"async\" src=\"http:\/\/i1.createsend1.com\/ei\/r\/91\/C54\/26D\/csimport\/Forscher_160x300.141229.jpg\" alt=\"\" width=\"420\" height=\"221\" \/><\/div>\n<p><span style=\"color: #000000\">Abb.: Gerhard Riessbeck, aus der Serie \u201eForscher\u201c- \u201eWhite Out\u201c 2007, 160 x 300 cm<\/span><\/p>\n<p><span style=\"color: #ffcc00\">Am 16.3. um 18.30 Uhr \u00f6ffnet die Ausstellung \u201eGerhard Riessbeck-Aussenposten\u201c im Kunstverein Worms e.V. Eine Auswahl von Werken ist dort bis zum 15.4.2018 zu sehen.<\/span><\/p>\n<p>eva muellers visionary sunday post inspiriert jede Woche mit Gedanken, Ideen, Hintergrundinfos und Tipps zu den Themen Kunst und Vision. Mehr Informationen zu Projekten und T\u00e4tigkeitsfeldern finden Sie unter:<\/p>\n<p>www.kunstberatung.de<br \/>\nwww.visionalisierung.de<\/p>\n","protected":false},"excerpt":{"rendered":"<p>Einundvierzig Tage in der Gr\u00f6nlandsee Guten Tag, an Bord der Forschungseisbrecher, die im Rahmen wissenschaftlicher Arbeiten des Alfred Wegener Instituts von Bremerhaven ins europ\u00e4ische Nordmeer aufbrechen, befindet sich immer wieder auch der K\u00fcnstler Gerhard Riessbeck. Der Namensgeber des Instituts, Alfred Lothar Wegener, ber\u00fchmt f\u00fcr seine bis heute g\u00fcltigen Erkenntnisse zur Kontinentalverschiebung, kam 1930 selbst im [&hellip;]<\/p>\n","protected":false},"author":2,"featured_media":0,"comment_status":"closed","ping_status":"open","sticky":false,"template":"","format":"standard","meta":{"_acf_changed":false,"footnotes":""},"categories":[2],"tags":[],"class_list":["post-4250","post","type-post","status-publish","format-standard","hentry","category-blog"],"yoast_head":"<!-- This site is optimized with the Yoast SEO plugin v26.6 - https:\/\/yoast.com\/wordpress\/plugins\/seo\/ -->\n<title>Eva Muellers Visionary Sunday Post 416 - Gr\u00f6nland | Eva Muellers Visionary Sunday Post<\/title>\n<meta name=\"robots\" content=\"index, follow, max-snippet:-1, max-image-preview:large, max-video-preview:-1\" \/>\n<link rel=\"canonical\" href=\"https:\/\/www.kunstberatung.de\/newsletter\/blog\/mutletter-416-groenlandsee\/\" \/>\n<meta property=\"og:locale\" content=\"de_DE\" \/>\n<meta property=\"og:type\" content=\"article\" \/>\n<meta property=\"og:title\" content=\"eva muellers visionary sunday post 416 - Gr\u00f6nland | Eva Muellers Visionary Sunday Post\" \/>\n<meta property=\"og:description\" content=\"Einundvierzig Tage in der Gr\u00f6nlandsee Guten Tag, an Bord der Forschungseisbrecher, die im Rahmen wissenschaftlicher Arbeiten des Alfred Wegener Instituts von Bremerhaven ins europ\u00e4ische Nordmeer aufbrechen, befindet sich immer wieder auch der K\u00fcnstler Gerhard Riessbeck. Der Namensgeber des Instituts, Alfred Lothar Wegener, ber\u00fchmt f\u00fcr seine bis heute g\u00fcltigen Erkenntnisse zur Kontinentalverschiebung, kam 1930 selbst im [&hellip;]\" \/>\n<meta property=\"og:url\" content=\"https:\/\/www.kunstberatung.de\/newsletter\/blog\/mutletter-416-groenlandsee\/\" \/>\n<meta property=\"og:site_name\" content=\"Eva Muellers Visionary Sunday Post\" \/>\n<meta property=\"article:published_time\" content=\"2018-04-03T12:28:49+00:00\" \/>\n<meta property=\"article:modified_time\" content=\"2018-09-10T14:03:52+00:00\" \/>\n<meta property=\"og:image\" content=\"https:\/\/i6.createsend1.com\/ti\/r\/9F\/11D\/8E0\/175041\/spacer.jpg\" \/>\n<meta name=\"author\" content=\"Eva Mueller\" \/>\n<meta name=\"twitter:card\" content=\"summary_large_image\" \/>\n<meta name=\"twitter:label1\" content=\"Verfasst von\" \/>\n\t<meta name=\"twitter:data1\" content=\"Eva Mueller\" \/>\n\t<meta name=\"twitter:label2\" content=\"Gesch\u00e4tzte Lesezeit\" \/>\n\t<meta name=\"twitter:data2\" content=\"2\u00a0Minuten\" \/>\n<script type=\"application\/ld+json\" class=\"yoast-schema-graph\">{\"@context\":\"https:\/\/schema.org\",\"@graph\":[{\"@type\":\"WebPage\",\"@id\":\"https:\/\/www.kunstberatung.de\/newsletter\/blog\/mutletter-416-groenlandsee\/\",\"url\":\"https:\/\/www.kunstberatung.de\/newsletter\/blog\/mutletter-416-groenlandsee\/\",\"name\":\"eva muellers visionary sunday post 416 - Gr\u00f6nland | Eva Muellers Visionary Sunday Post\",\"isPartOf\":{\"@id\":\"https:\/\/www.kunstberatung.de\/newsletter\/#website\"},\"primaryImageOfPage\":{\"@id\":\"https:\/\/www.kunstberatung.de\/newsletter\/blog\/mutletter-416-groenlandsee\/#primaryimage\"},\"image\":{\"@id\":\"https:\/\/www.kunstberatung.de\/newsletter\/blog\/mutletter-416-groenlandsee\/#primaryimage\"},\"thumbnailUrl\":\"https:\/\/i6.createsend1.com\/ti\/r\/9F\/11D\/8E0\/175041\/spacer.jpg\",\"datePublished\":\"2018-04-03T12:28:49+00:00\",\"dateModified\":\"2018-09-10T14:03:52+00:00\",\"author\":{\"@id\":\"https:\/\/www.kunstberatung.de\/newsletter\/#\/schema\/person\/5956216e01d75d6ee2e332111165db0a\"},\"inLanguage\":\"de\",\"potentialAction\":[{\"@type\":\"ReadAction\",\"target\":[\"https:\/\/www.kunstberatung.de\/newsletter\/blog\/mutletter-416-groenlandsee\/\"]}]},{\"@type\":\"ImageObject\",\"inLanguage\":\"de\",\"@id\":\"https:\/\/www.kunstberatung.de\/newsletter\/blog\/mutletter-416-groenlandsee\/#primaryimage\",\"url\":\"https:\/\/i6.createsend1.com\/ti\/r\/9F\/11D\/8E0\/175041\/spacer.jpg\",\"contentUrl\":\"https:\/\/i6.createsend1.com\/ti\/r\/9F\/11D\/8E0\/175041\/spacer.jpg\"},{\"@type\":\"WebSite\",\"@id\":\"https:\/\/www.kunstberatung.de\/newsletter\/#website\",\"url\":\"https:\/\/www.kunstberatung.de\/newsletter\/\",\"name\":\"Eva Muellers Visionary Sunday Post\",\"description\":\"Eva Mueller Kunstberatung\",\"potentialAction\":[{\"@type\":\"SearchAction\",\"target\":{\"@type\":\"EntryPoint\",\"urlTemplate\":\"https:\/\/www.kunstberatung.de\/newsletter\/?s={search_term_string}\"},\"query-input\":{\"@type\":\"PropertyValueSpecification\",\"valueRequired\":true,\"valueName\":\"search_term_string\"}}],\"inLanguage\":\"de\"},{\"@type\":\"Person\",\"@id\":\"https:\/\/www.kunstberatung.de\/newsletter\/#\/schema\/person\/5956216e01d75d6ee2e332111165db0a\",\"name\":\"Eva Mueller\",\"sameAs\":[\"https:\/\/www.kunstberatung.de\",\"https:\/\/de.linkedin.com\/in\/eva-mueller-kunstberatung\",\"https:\/\/www.youtube.com\/kunstberatungde\"]}]}<\/script>\n<!-- \/ Yoast SEO plugin. -->","yoast_head_json":{"title":"Eva Muellers Visionary Sunday Post 416 - Gr\u00f6nland | Eva Muellers Visionary Sunday Post","robots":{"index":"index","follow":"follow","max-snippet":"max-snippet:-1","max-image-preview":"max-image-preview:large","max-video-preview":"max-video-preview:-1"},"canonical":"https:\/\/www.kunstberatung.de\/newsletter\/blog\/mutletter-416-groenlandsee\/","og_locale":"de_DE","og_type":"article","og_title":"eva muellers visionary sunday post 416 - Gr\u00f6nland | Eva Muellers Visionary Sunday Post","og_description":"Einundvierzig Tage in der Gr\u00f6nlandsee Guten Tag, an Bord der Forschungseisbrecher, die im Rahmen wissenschaftlicher Arbeiten des Alfred Wegener Instituts von Bremerhaven ins europ\u00e4ische Nordmeer aufbrechen, befindet sich immer wieder auch der K\u00fcnstler Gerhard Riessbeck. Der Namensgeber des Instituts, Alfred Lothar Wegener, ber\u00fchmt f\u00fcr seine bis heute g\u00fcltigen Erkenntnisse zur Kontinentalverschiebung, kam 1930 selbst im [&hellip;]","og_url":"https:\/\/www.kunstberatung.de\/newsletter\/blog\/mutletter-416-groenlandsee\/","og_site_name":"Eva Muellers Visionary Sunday Post","article_published_time":"2018-04-03T12:28:49+00:00","article_modified_time":"2018-09-10T14:03:52+00:00","og_image":[{"url":"https:\/\/i6.createsend1.com\/ti\/r\/9F\/11D\/8E0\/175041\/spacer.jpg","type":"","width":"","height":""}],"author":"Eva Mueller","twitter_card":"summary_large_image","twitter_misc":{"Verfasst von":"Eva Mueller","Gesch\u00e4tzte Lesezeit":"2\u00a0Minuten"},"schema":{"@context":"https:\/\/schema.org","@graph":[{"@type":"WebPage","@id":"https:\/\/www.kunstberatung.de\/newsletter\/blog\/mutletter-416-groenlandsee\/","url":"https:\/\/www.kunstberatung.de\/newsletter\/blog\/mutletter-416-groenlandsee\/","name":"eva muellers visionary sunday post 416 - Gr\u00f6nland | Eva Muellers Visionary Sunday Post","isPartOf":{"@id":"https:\/\/www.kunstberatung.de\/newsletter\/#website"},"primaryImageOfPage":{"@id":"https:\/\/www.kunstberatung.de\/newsletter\/blog\/mutletter-416-groenlandsee\/#primaryimage"},"image":{"@id":"https:\/\/www.kunstberatung.de\/newsletter\/blog\/mutletter-416-groenlandsee\/#primaryimage"},"thumbnailUrl":"https:\/\/i6.createsend1.com\/ti\/r\/9F\/11D\/8E0\/175041\/spacer.jpg","datePublished":"2018-04-03T12:28:49+00:00","dateModified":"2018-09-10T14:03:52+00:00","author":{"@id":"https:\/\/www.kunstberatung.de\/newsletter\/#\/schema\/person\/5956216e01d75d6ee2e332111165db0a"},"inLanguage":"de","potentialAction":[{"@type":"ReadAction","target":["https:\/\/www.kunstberatung.de\/newsletter\/blog\/mutletter-416-groenlandsee\/"]}]},{"@type":"ImageObject","inLanguage":"de","@id":"https:\/\/www.kunstberatung.de\/newsletter\/blog\/mutletter-416-groenlandsee\/#primaryimage","url":"https:\/\/i6.createsend1.com\/ti\/r\/9F\/11D\/8E0\/175041\/spacer.jpg","contentUrl":"https:\/\/i6.createsend1.com\/ti\/r\/9F\/11D\/8E0\/175041\/spacer.jpg"},{"@type":"WebSite","@id":"https:\/\/www.kunstberatung.de\/newsletter\/#website","url":"https:\/\/www.kunstberatung.de\/newsletter\/","name":"Eva Muellers Visionary Sunday Post","description":"Eva Mueller Kunstberatung","potentialAction":[{"@type":"SearchAction","target":{"@type":"EntryPoint","urlTemplate":"https:\/\/www.kunstberatung.de\/newsletter\/?s={search_term_string}"},"query-input":{"@type":"PropertyValueSpecification","valueRequired":true,"valueName":"search_term_string"}}],"inLanguage":"de"},{"@type":"Person","@id":"https:\/\/www.kunstberatung.de\/newsletter\/#\/schema\/person\/5956216e01d75d6ee2e332111165db0a","name":"Eva Mueller","sameAs":["https:\/\/www.kunstberatung.de","https:\/\/de.linkedin.com\/in\/eva-mueller-kunstberatung","https:\/\/www.youtube.com\/kunstberatungde"]}]}},"acf":[],"_links":{"self":[{"href":"https:\/\/www.kunstberatung.de\/newsletter\/wp-json\/wp\/v2\/posts\/4250","targetHints":{"allow":["GET"]}}],"collection":[{"href":"https:\/\/www.kunstberatung.de\/newsletter\/wp-json\/wp\/v2\/posts"}],"about":[{"href":"https:\/\/www.kunstberatung.de\/newsletter\/wp-json\/wp\/v2\/types\/post"}],"author":[{"embeddable":true,"href":"https:\/\/www.kunstberatung.de\/newsletter\/wp-json\/wp\/v2\/users\/2"}],"replies":[{"embeddable":true,"href":"https:\/\/www.kunstberatung.de\/newsletter\/wp-json\/wp\/v2\/comments?post=4250"}],"version-history":[{"count":0,"href":"https:\/\/www.kunstberatung.de\/newsletter\/wp-json\/wp\/v2\/posts\/4250\/revisions"}],"wp:attachment":[{"href":"https:\/\/www.kunstberatung.de\/newsletter\/wp-json\/wp\/v2\/media?parent=4250"}],"wp:term":[{"taxonomy":"category","embeddable":true,"href":"https:\/\/www.kunstberatung.de\/newsletter\/wp-json\/wp\/v2\/categories?post=4250"},{"taxonomy":"post_tag","embeddable":true,"href":"https:\/\/www.kunstberatung.de\/newsletter\/wp-json\/wp\/v2\/tags?post=4250"}],"curies":[{"name":"wp","href":"https:\/\/api.w.org\/{rel}","templated":true}]}}