{"id":3088,"date":"2015-03-21T15:54:51","date_gmt":"2015-03-21T15:54:51","guid":{"rendered":"https:\/\/www.kunstberatung.de\/newsletter\/?p=3088"},"modified":"2018-10-04T15:30:59","modified_gmt":"2018-10-04T13:30:59","slug":"mutletter-260-kunst-veraendert-denken","status":"publish","type":"post","link":"https:\/\/www.kunstberatung.de\/newsletter\/blog\/mutletter-260-kunst-veraendert-denken\/","title":{"rendered":"eva muellers visionary sunday post 260 &#8211; Kunst ver\u00e4ndert Denken"},"content":{"rendered":"<h3><span style=\"color: #ffcc00\">The Master and his Emissary:<br \/>\n<\/span><span style=\"color: #ffcc00;font-size: 16px\">The Devided Brain and the Making of the Western World<br \/>\n<\/span><span style=\"color: #ffcc00;font-size: 16px\">Iain McGilchrist<\/span><\/h3>\n<h3><span style=\"color: #ffcc00\">oder<\/span><\/h3>\n<h3><span style=\"color: #ffcc00\">Wie Kunst das Denken (in Unternehmen) ver\u00e4ndern kann<\/span><\/h3>\n<p>Guten Tag,<\/p>\n<p>in seinem neuesten Buch beschreibt der Psychiater und Autor Iain McGilchrist das zunehmende Auseinanderklaffen der zwei Gehirnh\u00e4lften in unseren westlichen Gesellschaften. Interessant ist ja physiologisch, dass unser Kopf anatomisch tats\u00e4chlich zweigeteilt aufgebaut ist. Auch wenn nach neuester Forschung die strikte Zuordnung der linken (=analytisch, logisch, rational, sprachlich bewertenden) Seite und rechten (= intuitiv, gef\u00fchlvoll, ganzheitlich, visuellen) Seite so nicht aufrecht erhalten werden kann, gibt es beide Anteile, die im gl\u00fccklichsten Fall auf gute Weise zusammen arbeiten und ihre jeweiligen Zust\u00e4ndigkeiten und Grenzen kennen.<\/p>\n<p>Genau diese Grenzen scheint aber die linke Seite immer mehr zu missachten. Rationale, messbare, technisch nachweisbare Argumente haben \u00fcber Hand genommen. McGilchrist vergleicht dies mit alten Fabeln, in denen Gesandte, die eigentlich nur im Namen ihres Meisters die Verwaltung des Reiches \u00fcbertragen bekommen haben, sich nach einiger Zeit immer mehr als Herren f\u00fchlen und ihre Kompetenzen \u00fcberschreiten. Im absoluten Glauben an Algorithmen, der Verleugnung von Gef\u00fchlen, wie Gr\u00f6ssenwahnsinn und unkontrollierbarer Gier, mit der Menschen ihre Kompetenzen \u00fcbersch\u00e4tzen und mit Zahlen und Ressourcen jonglieren, die ihre F\u00e4higkeiten weit \u00fcberschreiten, sieht er Mit-Ursachen f\u00fcr die aktuellen Krisen.<\/p>\n<p>Das Betrachten, Verstehen und Auseinandersetzen mit Kunst n\u00e4hrt die andere Seite, die Wahrnehmungsf\u00e4higkeit hinter offensichtlichen Dinge zu sehen, Schein und Sein zu unterscheiden, Symbole zu verstehen, das Ganze in Augenschein zu nehmen, zu wissen, dass es mehr als einen Weg zum Ziel gibt.<\/p>\n<p>Mit engagierten Gr\u00fcssen f\u00fcr beide Seiten,<\/p>\n<p>Ihre Eva Mueller<\/p>\n<p><img decoding=\"async\" src=\"https:\/\/i6.createsend1.com\/ti\/r\/9F\/11D\/8E0\/175041\/spacer.jpg\" alt=\"\" width=\"700\" \/><\/p>\n<p>&nbsp;<\/p>\n<p>&nbsp;<\/p>\n<p><span style=\"color: #000000\">Technisch scheinen die Menschen an ihrem Arbeitsplatz in der linken H\u00e4lfte gut ausger\u00fcstet zu sein. Die Frage ist allerdings, wie sie sich als Menschen in einem solch grauen Umfeld entwickeln werden und wie ihre Entscheidungen aussehen?<\/span><br \/>\n<span style=\"color: #000000\">Wenn Sie mehr dar\u00fcber erfahren wollen,<\/span><\/p>\n<p><span style=\"color: #ffcc00\">wie Kunst das Denken (in Unternehmen) ver\u00e4ndern kann,<\/span><\/p>\n<p><span style=\"color: #000000\">sind Sie herzlich eingeladen zu meinem Vortrag am 26. M\u00e4rz um 19.00 Uhr f\u00fcr den VDI (Verein Deutscher Ingenieure), Arbeitskreis Unternehmer und F\u00fchrungskr\u00e4fte in M\u00fcnchen.<\/span><\/p>\n<p><span style=\"color: #ffcc00\">Bei Interesse senden Sie mir eine R\u00fcckmail und erhalten alle genaueren Daten zur Veranstaltung.<\/span><\/p>\n","protected":false},"excerpt":{"rendered":"<p>The Master and his Emissary: The Devided Brain and the Making of the Western World Iain McGilchrist oder Wie Kunst das Denken (in Unternehmen) ver\u00e4ndern kann Guten Tag, in seinem neuesten Buch beschreibt der Psychiater und Autor Iain McGilchrist das zunehmende Auseinanderklaffen der zwei Gehirnh\u00e4lften in unseren westlichen Gesellschaften. Interessant ist ja physiologisch, dass unser [&hellip;]<\/p>\n","protected":false},"author":2,"featured_media":0,"comment_status":"closed","ping_status":"open","sticky":false,"template":"","format":"standard","meta":{"_acf_changed":false,"footnotes":""},"categories":[2],"tags":[],"class_list":["post-3088","post","type-post","status-publish","format-standard","hentry","category-blog"],"yoast_head":"<!-- This site is optimized with the Yoast SEO plugin v26.6 - https:\/\/yoast.com\/wordpress\/plugins\/seo\/ -->\n<title>Eva Muellers Visionary Sunday Post 260 - Kunst Ver\u00e4ndert Denken | Eva Muellers Visionary Sunday Post<\/title>\n<meta name=\"robots\" content=\"index, follow, max-snippet:-1, max-image-preview:large, max-video-preview:-1\" \/>\n<link rel=\"canonical\" href=\"https:\/\/www.kunstberatung.de\/newsletter\/blog\/mutletter-260-kunst-veraendert-denken\/\" \/>\n<meta property=\"og:locale\" content=\"de_DE\" \/>\n<meta property=\"og:type\" content=\"article\" \/>\n<meta property=\"og:title\" content=\"eva muellers visionary sunday post 260 - Kunst ver\u00e4ndert Denken | Eva Muellers Visionary Sunday Post\" \/>\n<meta property=\"og:description\" content=\"The Master and his Emissary: The Devided Brain and the Making of the Western World Iain McGilchrist oder Wie Kunst das Denken (in Unternehmen) ver\u00e4ndern kann Guten Tag, in seinem neuesten Buch beschreibt der Psychiater und Autor Iain McGilchrist das zunehmende Auseinanderklaffen der zwei Gehirnh\u00e4lften in unseren westlichen Gesellschaften. Interessant ist ja physiologisch, dass unser [&hellip;]\" \/>\n<meta property=\"og:url\" content=\"https:\/\/www.kunstberatung.de\/newsletter\/blog\/mutletter-260-kunst-veraendert-denken\/\" \/>\n<meta property=\"og:site_name\" content=\"Eva Muellers Visionary Sunday Post\" \/>\n<meta property=\"article:published_time\" content=\"2015-03-21T15:54:51+00:00\" \/>\n<meta property=\"article:modified_time\" content=\"2018-10-04T13:30:59+00:00\" \/>\n<meta property=\"og:image\" content=\"https:\/\/i6.createsend1.com\/ti\/r\/9F\/11D\/8E0\/175041\/spacer.jpg\" \/>\n<meta name=\"author\" content=\"Eva Mueller\" \/>\n<meta name=\"twitter:card\" content=\"summary_large_image\" \/>\n<meta name=\"twitter:label1\" content=\"Verfasst von\" \/>\n\t<meta name=\"twitter:data1\" content=\"Eva Mueller\" \/>\n\t<meta name=\"twitter:label2\" content=\"Gesch\u00e4tzte Lesezeit\" \/>\n\t<meta name=\"twitter:data2\" content=\"2\u00a0Minuten\" \/>\n<script type=\"application\/ld+json\" class=\"yoast-schema-graph\">{\"@context\":\"https:\/\/schema.org\",\"@graph\":[{\"@type\":\"WebPage\",\"@id\":\"https:\/\/www.kunstberatung.de\/newsletter\/blog\/mutletter-260-kunst-veraendert-denken\/\",\"url\":\"https:\/\/www.kunstberatung.de\/newsletter\/blog\/mutletter-260-kunst-veraendert-denken\/\",\"name\":\"eva muellers visionary sunday post 260 - Kunst ver\u00e4ndert Denken | Eva Muellers Visionary Sunday Post\",\"isPartOf\":{\"@id\":\"https:\/\/www.kunstberatung.de\/newsletter\/#website\"},\"primaryImageOfPage\":{\"@id\":\"https:\/\/www.kunstberatung.de\/newsletter\/blog\/mutletter-260-kunst-veraendert-denken\/#primaryimage\"},\"image\":{\"@id\":\"https:\/\/www.kunstberatung.de\/newsletter\/blog\/mutletter-260-kunst-veraendert-denken\/#primaryimage\"},\"thumbnailUrl\":\"https:\/\/i6.createsend1.com\/ti\/r\/9F\/11D\/8E0\/175041\/spacer.jpg\",\"datePublished\":\"2015-03-21T15:54:51+00:00\",\"dateModified\":\"2018-10-04T13:30:59+00:00\",\"author\":{\"@id\":\"https:\/\/www.kunstberatung.de\/newsletter\/#\/schema\/person\/5956216e01d75d6ee2e332111165db0a\"},\"inLanguage\":\"de\",\"potentialAction\":[{\"@type\":\"ReadAction\",\"target\":[\"https:\/\/www.kunstberatung.de\/newsletter\/blog\/mutletter-260-kunst-veraendert-denken\/\"]}]},{\"@type\":\"ImageObject\",\"inLanguage\":\"de\",\"@id\":\"https:\/\/www.kunstberatung.de\/newsletter\/blog\/mutletter-260-kunst-veraendert-denken\/#primaryimage\",\"url\":\"https:\/\/i6.createsend1.com\/ti\/r\/9F\/11D\/8E0\/175041\/spacer.jpg\",\"contentUrl\":\"https:\/\/i6.createsend1.com\/ti\/r\/9F\/11D\/8E0\/175041\/spacer.jpg\"},{\"@type\":\"WebSite\",\"@id\":\"https:\/\/www.kunstberatung.de\/newsletter\/#website\",\"url\":\"https:\/\/www.kunstberatung.de\/newsletter\/\",\"name\":\"Eva Muellers Visionary Sunday Post\",\"description\":\"Eva Mueller Kunstberatung\",\"potentialAction\":[{\"@type\":\"SearchAction\",\"target\":{\"@type\":\"EntryPoint\",\"urlTemplate\":\"https:\/\/www.kunstberatung.de\/newsletter\/?s={search_term_string}\"},\"query-input\":{\"@type\":\"PropertyValueSpecification\",\"valueRequired\":true,\"valueName\":\"search_term_string\"}}],\"inLanguage\":\"de\"},{\"@type\":\"Person\",\"@id\":\"https:\/\/www.kunstberatung.de\/newsletter\/#\/schema\/person\/5956216e01d75d6ee2e332111165db0a\",\"name\":\"Eva Mueller\",\"sameAs\":[\"https:\/\/www.kunstberatung.de\",\"https:\/\/de.linkedin.com\/in\/eva-mueller-kunstberatung\",\"https:\/\/www.youtube.com\/kunstberatungde\"]}]}<\/script>\n<!-- \/ Yoast SEO plugin. -->","yoast_head_json":{"title":"Eva Muellers Visionary Sunday Post 260 - Kunst Ver\u00e4ndert Denken | Eva Muellers Visionary Sunday Post","robots":{"index":"index","follow":"follow","max-snippet":"max-snippet:-1","max-image-preview":"max-image-preview:large","max-video-preview":"max-video-preview:-1"},"canonical":"https:\/\/www.kunstberatung.de\/newsletter\/blog\/mutletter-260-kunst-veraendert-denken\/","og_locale":"de_DE","og_type":"article","og_title":"eva muellers visionary sunday post 260 - Kunst ver\u00e4ndert Denken | Eva Muellers Visionary Sunday Post","og_description":"The Master and his Emissary: The Devided Brain and the Making of the Western World Iain McGilchrist oder Wie Kunst das Denken (in Unternehmen) ver\u00e4ndern kann Guten Tag, in seinem neuesten Buch beschreibt der Psychiater und Autor Iain McGilchrist das zunehmende Auseinanderklaffen der zwei Gehirnh\u00e4lften in unseren westlichen Gesellschaften. Interessant ist ja physiologisch, dass unser [&hellip;]","og_url":"https:\/\/www.kunstberatung.de\/newsletter\/blog\/mutletter-260-kunst-veraendert-denken\/","og_site_name":"Eva Muellers Visionary Sunday Post","article_published_time":"2015-03-21T15:54:51+00:00","article_modified_time":"2018-10-04T13:30:59+00:00","og_image":[{"url":"https:\/\/i6.createsend1.com\/ti\/r\/9F\/11D\/8E0\/175041\/spacer.jpg","type":"","width":"","height":""}],"author":"Eva Mueller","twitter_card":"summary_large_image","twitter_misc":{"Verfasst von":"Eva Mueller","Gesch\u00e4tzte Lesezeit":"2\u00a0Minuten"},"schema":{"@context":"https:\/\/schema.org","@graph":[{"@type":"WebPage","@id":"https:\/\/www.kunstberatung.de\/newsletter\/blog\/mutletter-260-kunst-veraendert-denken\/","url":"https:\/\/www.kunstberatung.de\/newsletter\/blog\/mutletter-260-kunst-veraendert-denken\/","name":"eva muellers visionary sunday post 260 - Kunst ver\u00e4ndert Denken | Eva Muellers Visionary Sunday Post","isPartOf":{"@id":"https:\/\/www.kunstberatung.de\/newsletter\/#website"},"primaryImageOfPage":{"@id":"https:\/\/www.kunstberatung.de\/newsletter\/blog\/mutletter-260-kunst-veraendert-denken\/#primaryimage"},"image":{"@id":"https:\/\/www.kunstberatung.de\/newsletter\/blog\/mutletter-260-kunst-veraendert-denken\/#primaryimage"},"thumbnailUrl":"https:\/\/i6.createsend1.com\/ti\/r\/9F\/11D\/8E0\/175041\/spacer.jpg","datePublished":"2015-03-21T15:54:51+00:00","dateModified":"2018-10-04T13:30:59+00:00","author":{"@id":"https:\/\/www.kunstberatung.de\/newsletter\/#\/schema\/person\/5956216e01d75d6ee2e332111165db0a"},"inLanguage":"de","potentialAction":[{"@type":"ReadAction","target":["https:\/\/www.kunstberatung.de\/newsletter\/blog\/mutletter-260-kunst-veraendert-denken\/"]}]},{"@type":"ImageObject","inLanguage":"de","@id":"https:\/\/www.kunstberatung.de\/newsletter\/blog\/mutletter-260-kunst-veraendert-denken\/#primaryimage","url":"https:\/\/i6.createsend1.com\/ti\/r\/9F\/11D\/8E0\/175041\/spacer.jpg","contentUrl":"https:\/\/i6.createsend1.com\/ti\/r\/9F\/11D\/8E0\/175041\/spacer.jpg"},{"@type":"WebSite","@id":"https:\/\/www.kunstberatung.de\/newsletter\/#website","url":"https:\/\/www.kunstberatung.de\/newsletter\/","name":"Eva Muellers Visionary Sunday Post","description":"Eva Mueller Kunstberatung","potentialAction":[{"@type":"SearchAction","target":{"@type":"EntryPoint","urlTemplate":"https:\/\/www.kunstberatung.de\/newsletter\/?s={search_term_string}"},"query-input":{"@type":"PropertyValueSpecification","valueRequired":true,"valueName":"search_term_string"}}],"inLanguage":"de"},{"@type":"Person","@id":"https:\/\/www.kunstberatung.de\/newsletter\/#\/schema\/person\/5956216e01d75d6ee2e332111165db0a","name":"Eva Mueller","sameAs":["https:\/\/www.kunstberatung.de","https:\/\/de.linkedin.com\/in\/eva-mueller-kunstberatung","https:\/\/www.youtube.com\/kunstberatungde"]}]}},"acf":[],"_links":{"self":[{"href":"https:\/\/www.kunstberatung.de\/newsletter\/wp-json\/wp\/v2\/posts\/3088","targetHints":{"allow":["GET"]}}],"collection":[{"href":"https:\/\/www.kunstberatung.de\/newsletter\/wp-json\/wp\/v2\/posts"}],"about":[{"href":"https:\/\/www.kunstberatung.de\/newsletter\/wp-json\/wp\/v2\/types\/post"}],"author":[{"embeddable":true,"href":"https:\/\/www.kunstberatung.de\/newsletter\/wp-json\/wp\/v2\/users\/2"}],"replies":[{"embeddable":true,"href":"https:\/\/www.kunstberatung.de\/newsletter\/wp-json\/wp\/v2\/comments?post=3088"}],"version-history":[{"count":0,"href":"https:\/\/www.kunstberatung.de\/newsletter\/wp-json\/wp\/v2\/posts\/3088\/revisions"}],"wp:attachment":[{"href":"https:\/\/www.kunstberatung.de\/newsletter\/wp-json\/wp\/v2\/media?parent=3088"}],"wp:term":[{"taxonomy":"category","embeddable":true,"href":"https:\/\/www.kunstberatung.de\/newsletter\/wp-json\/wp\/v2\/categories?post=3088"},{"taxonomy":"post_tag","embeddable":true,"href":"https:\/\/www.kunstberatung.de\/newsletter\/wp-json\/wp\/v2\/tags?post=3088"}],"curies":[{"name":"wp","href":"https:\/\/api.w.org\/{rel}","templated":true}]}}