{"id":1739,"date":"2012-04-03T11:31:06","date_gmt":"2012-04-03T11:31:06","guid":{"rendered":"https:\/\/www.kunstberatung.de\/newsletter\/?p=1739"},"modified":"2018-10-09T13:19:31","modified_gmt":"2018-10-09T11:19:31","slug":"mut-letter-106-ambition","status":"publish","type":"post","link":"https:\/\/www.kunstberatung.de\/newsletter\/blog\/mut-letter-106-ambition\/","title":{"rendered":"eva muellers visionary sunday post 106 &#8211; ambition"},"content":{"rendered":"<p><span class=\"Apple-style-span\" style=\"color: #ff9900\"><strong><em>&#8222;Ambition &#8211;<br \/>\n<\/em><\/strong><\/span><span class=\"Apple-style-span\" style=\"color: #ff9900\"><strong><em>Wie grosse Karrieren gelingen&#8220;<\/em><\/strong><\/span><\/p>\n<h6><span class=\"Apple-style-span\" style=\"color: #ff9900\"><strong><em>Dorothea Assig und Dorothee Echter\u00a0<\/em><\/strong><\/span><\/h6>\n<div>\n<div>\n<div>\n<div>\n<div>\n<div>\n<div>\n<div>\n<div>\n<div>\n<div>\n<div>\n<div>\n<div>\n<div>\n<div>\n<div>\n<div>\n<p>Guten Tag,<\/p>\n<p>es war ein sehr bewegender Moment, als Dorothea Assig vor vier Jahren auf der Burg Gr\u00fcnwald die Laudatio zu meinem 15j\u00e4hrigen Jublil\u00e4um der Kunstberatung hielt. Schon damals war diese prickelnde Atmosph\u00e4re zu sp\u00fcren, in der man die ber\u00fchmte Stecknadel h\u00e4tte fallen h\u00f6ren. Denn Dorothea Assig erkl\u00e4rte komprimiert und substanziell wie herausragende Karrieren entstehen!<\/p>\n<p>Anscheinend wurde ihr selbst erst in diesem Moment klar, dass Sie und Dorothee Echter in ihrer langj\u00e4hrigen Topmanagment-Beratung die Decodierung des Systems Karriere geknackt hatten!<\/p>\n<p>Diese Woche nun erschien ihr Buch: \u201eAmbition \u2013 Wie grosse Karrieren gelingen\u201c beim Campus Verlag. Angereichert mit vielen Beispielen aus ihrem Beratungsalltag beschreiben sie, wie wesentlich es ist, die eigene Ambition und Einzigartigkeit zu entdecken \u2013 und wie viel \u00dcbung es braucht, das n\u00f6tige K\u00f6nnen zu entwickeln, die eigene B\u00fchne zu finden, f\u00fcr positive Resonanz zu sorgen und dabei ununterbrochen die Psyche zu stabilisieren, um die damit verbundene Vision auch erreichen zu k\u00f6nnen.<\/p>\n<p>Denn vor allem braucht die Psyche \u201eein flexibles Mindset\u201c. Auf dem Weg zum Erfolg ist Selbstgewissheit gefragt. Wer oben angekommen ist, muss dagegen sein Ego kontrollieren k\u00f6nnen. Unangenehme Beispiele, in denen das nicht gelingt, kennen wir alle. Aber Dorothea Assig und Dorothee Echter wissen und beschreiben schl\u00fcssig, dass sich herausragende Karrieren eben gerade durch eine grosse Sozialkompetenz, Dankbarkeit, positive Resonanz in der Community auszeichnen. Nur die Begeisterung f\u00fcr die eigene Ambition, das tiefste innere Anliegen, f\u00fchrt zu einer gelungenen Karriere, die auch nach der offziellen Arbeit im Alter gl\u00fccklich macht.<\/p>\n<p>Ein tolles Buch, ein wunderbarer \u201eLeitfaden\u201c!<\/p>\n<p>Geniessen Sie das Wissen dieser Autorinnen<br \/>\nund die ersten Fr\u00fchlingsstrahlen,<br \/>\nherzlich Ihre Eva Mueller<\/p>\n<p><img loading=\"lazy\" decoding=\"async\" src=\"https:\/\/i8.cmail1.com\/ti\/r\/81\/238\/686\/224113\/spacer.jpg\" alt=\"\" width=\"800\" height=\"13\" \/><\/p>\n<p style=\"text-align: center\"><img loading=\"lazy\" decoding=\"async\" class=\"aligncenter\" src=\"http:\/\/i2.createsend1.com\/ei\/r\/82\/483\/A72\/csimport\/harald.150711.jpg\" alt=\"\" width=\"200\" height=\"283\" \/><\/p>\n<p style=\"text-align: center\"><span style=\"color: #ffff00\">Die &#8222;Visonalisierung&#8220; der Ambitionen<\/span><br \/>\n<span style=\"color: #ffff00\"> von Dorothea Assig: Herausragende Karrieren<\/span><br \/>\n<span style=\"color: #ffff00\"> und Dorothee Echter: Topmanagment. Wissen. Weltweit.<\/span><br \/>\n<span style=\"color: #ffff00\"> in deren Unternehmensbrosch\u00fcre, ist ein besonders gelungenes Beispiel der Bild-\u00dcbersetzung\u00a0<\/span><br \/>\n<span style=\"color: #ffff00\"> durch den genialen Grafiker und Fotografen Harald Rautenberg!<\/span><\/p>\n<p><img decoding=\"async\" src=\"http:\/\/i7.createsend1.com\/ti\/r\/81\/238\/686\/023938\/spacer.jpg\" alt=\"\" \/><\/p>\n<p style=\"text-align: center\"><img loading=\"lazy\" decoding=\"async\" class=\"aligncenter\" src=\"http:\/\/i3.createsend1.com\/ei\/r\/82\/483\/A72\/csimport\/cover.151129.jpg\" alt=\"\" width=\"184\" height=\"283\" \/><\/p>\n<p style=\"text-align: center\"><span style=\"color: #ffff00\">&#8222;Ambition &#8211; Wie grosse Karrieren gelingen&#8220; erschienen im Campus Verlag<\/span><\/p>\n<\/div>\n<\/div>\n<\/div>\n<\/div>\n<\/div>\n<\/div>\n<\/div>\n<\/div>\n<\/div>\n<\/div>\n<\/div>\n<\/div>\n<\/div>\n<\/div>\n<\/div>\n<\/div>\n<\/div>\n<\/div>\n","protected":false},"excerpt":{"rendered":"<p>&#8222;Ambition &#8211; Wie grosse Karrieren gelingen&#8220; Dorothea Assig und Dorothee Echter\u00a0 Guten Tag, es war ein sehr bewegender Moment, als Dorothea Assig vor vier Jahren auf der Burg Gr\u00fcnwald die Laudatio zu meinem 15j\u00e4hrigen Jublil\u00e4um der Kunstberatung hielt. Schon damals war diese prickelnde Atmosph\u00e4re zu sp\u00fcren, in der man die ber\u00fchmte Stecknadel h\u00e4tte fallen h\u00f6ren. [&hellip;]<\/p>\n","protected":false},"author":2,"featured_media":0,"comment_status":"closed","ping_status":"open","sticky":false,"template":"","format":"standard","meta":{"_acf_changed":false,"footnotes":""},"categories":[2],"tags":[],"class_list":["post-1739","post","type-post","status-publish","format-standard","hentry","category-blog"],"yoast_head":"<!-- This site is optimized with the Yoast SEO plugin v26.6 - https:\/\/yoast.com\/wordpress\/plugins\/seo\/ -->\n<title>Eva Muellers Visionary Sunday Post 106 - Ambition | Eva Muellers Visionary Sunday Post<\/title>\n<meta name=\"robots\" content=\"index, follow, max-snippet:-1, max-image-preview:large, max-video-preview:-1\" \/>\n<link rel=\"canonical\" href=\"https:\/\/www.kunstberatung.de\/newsletter\/blog\/mut-letter-106-ambition\/\" \/>\n<meta property=\"og:locale\" content=\"de_DE\" \/>\n<meta property=\"og:type\" content=\"article\" \/>\n<meta property=\"og:title\" content=\"eva muellers visionary sunday post 106 - ambition | Eva Muellers Visionary Sunday Post\" \/>\n<meta property=\"og:description\" content=\"&#8222;Ambition &#8211; Wie grosse Karrieren gelingen&#8220; Dorothea Assig und Dorothee Echter\u00a0 Guten Tag, es war ein sehr bewegender Moment, als Dorothea Assig vor vier Jahren auf der Burg Gr\u00fcnwald die Laudatio zu meinem 15j\u00e4hrigen Jublil\u00e4um der Kunstberatung hielt. Schon damals war diese prickelnde Atmosph\u00e4re zu sp\u00fcren, in der man die ber\u00fchmte Stecknadel h\u00e4tte fallen h\u00f6ren. [&hellip;]\" \/>\n<meta property=\"og:url\" content=\"https:\/\/www.kunstberatung.de\/newsletter\/blog\/mut-letter-106-ambition\/\" \/>\n<meta property=\"og:site_name\" content=\"Eva Muellers Visionary Sunday Post\" \/>\n<meta property=\"article:published_time\" content=\"2012-04-03T11:31:06+00:00\" \/>\n<meta property=\"article:modified_time\" content=\"2018-10-09T11:19:31+00:00\" \/>\n<meta property=\"og:image\" content=\"https:\/\/i8.cmail1.com\/ti\/r\/81\/238\/686\/224113\/spacer.jpg\" \/>\n<meta name=\"author\" content=\"Eva Mueller\" \/>\n<meta name=\"twitter:card\" content=\"summary_large_image\" \/>\n<meta name=\"twitter:label1\" content=\"Verfasst von\" \/>\n\t<meta name=\"twitter:data1\" content=\"Eva Mueller\" \/>\n\t<meta name=\"twitter:label2\" content=\"Gesch\u00e4tzte Lesezeit\" \/>\n\t<meta name=\"twitter:data2\" content=\"2\u00a0Minuten\" \/>\n<script type=\"application\/ld+json\" class=\"yoast-schema-graph\">{\"@context\":\"https:\/\/schema.org\",\"@graph\":[{\"@type\":\"WebPage\",\"@id\":\"https:\/\/www.kunstberatung.de\/newsletter\/blog\/mut-letter-106-ambition\/\",\"url\":\"https:\/\/www.kunstberatung.de\/newsletter\/blog\/mut-letter-106-ambition\/\",\"name\":\"eva muellers visionary sunday post 106 - ambition | Eva Muellers Visionary Sunday Post\",\"isPartOf\":{\"@id\":\"https:\/\/www.kunstberatung.de\/newsletter\/#website\"},\"primaryImageOfPage\":{\"@id\":\"https:\/\/www.kunstberatung.de\/newsletter\/blog\/mut-letter-106-ambition\/#primaryimage\"},\"image\":{\"@id\":\"https:\/\/www.kunstberatung.de\/newsletter\/blog\/mut-letter-106-ambition\/#primaryimage\"},\"thumbnailUrl\":\"https:\/\/i8.cmail1.com\/ti\/r\/81\/238\/686\/224113\/spacer.jpg\",\"datePublished\":\"2012-04-03T11:31:06+00:00\",\"dateModified\":\"2018-10-09T11:19:31+00:00\",\"author\":{\"@id\":\"https:\/\/www.kunstberatung.de\/newsletter\/#\/schema\/person\/5956216e01d75d6ee2e332111165db0a\"},\"inLanguage\":\"de\",\"potentialAction\":[{\"@type\":\"ReadAction\",\"target\":[\"https:\/\/www.kunstberatung.de\/newsletter\/blog\/mut-letter-106-ambition\/\"]}]},{\"@type\":\"ImageObject\",\"inLanguage\":\"de\",\"@id\":\"https:\/\/www.kunstberatung.de\/newsletter\/blog\/mut-letter-106-ambition\/#primaryimage\",\"url\":\"https:\/\/i8.cmail1.com\/ti\/r\/81\/238\/686\/224113\/spacer.jpg\",\"contentUrl\":\"https:\/\/i8.cmail1.com\/ti\/r\/81\/238\/686\/224113\/spacer.jpg\"},{\"@type\":\"WebSite\",\"@id\":\"https:\/\/www.kunstberatung.de\/newsletter\/#website\",\"url\":\"https:\/\/www.kunstberatung.de\/newsletter\/\",\"name\":\"Eva Muellers Visionary Sunday Post\",\"description\":\"Eva Mueller Kunstberatung\",\"potentialAction\":[{\"@type\":\"SearchAction\",\"target\":{\"@type\":\"EntryPoint\",\"urlTemplate\":\"https:\/\/www.kunstberatung.de\/newsletter\/?s={search_term_string}\"},\"query-input\":{\"@type\":\"PropertyValueSpecification\",\"valueRequired\":true,\"valueName\":\"search_term_string\"}}],\"inLanguage\":\"de\"},{\"@type\":\"Person\",\"@id\":\"https:\/\/www.kunstberatung.de\/newsletter\/#\/schema\/person\/5956216e01d75d6ee2e332111165db0a\",\"name\":\"Eva Mueller\",\"sameAs\":[\"https:\/\/www.kunstberatung.de\",\"https:\/\/de.linkedin.com\/in\/eva-mueller-kunstberatung\",\"https:\/\/www.youtube.com\/kunstberatungde\"]}]}<\/script>\n<!-- \/ Yoast SEO plugin. -->","yoast_head_json":{"title":"Eva Muellers Visionary Sunday Post 106 - Ambition | Eva Muellers Visionary Sunday Post","robots":{"index":"index","follow":"follow","max-snippet":"max-snippet:-1","max-image-preview":"max-image-preview:large","max-video-preview":"max-video-preview:-1"},"canonical":"https:\/\/www.kunstberatung.de\/newsletter\/blog\/mut-letter-106-ambition\/","og_locale":"de_DE","og_type":"article","og_title":"eva muellers visionary sunday post 106 - ambition | Eva Muellers Visionary Sunday Post","og_description":"&#8222;Ambition &#8211; Wie grosse Karrieren gelingen&#8220; Dorothea Assig und Dorothee Echter\u00a0 Guten Tag, es war ein sehr bewegender Moment, als Dorothea Assig vor vier Jahren auf der Burg Gr\u00fcnwald die Laudatio zu meinem 15j\u00e4hrigen Jublil\u00e4um der Kunstberatung hielt. Schon damals war diese prickelnde Atmosph\u00e4re zu sp\u00fcren, in der man die ber\u00fchmte Stecknadel h\u00e4tte fallen h\u00f6ren. [&hellip;]","og_url":"https:\/\/www.kunstberatung.de\/newsletter\/blog\/mut-letter-106-ambition\/","og_site_name":"Eva Muellers Visionary Sunday Post","article_published_time":"2012-04-03T11:31:06+00:00","article_modified_time":"2018-10-09T11:19:31+00:00","og_image":[{"url":"https:\/\/i8.cmail1.com\/ti\/r\/81\/238\/686\/224113\/spacer.jpg","type":"","width":"","height":""}],"author":"Eva Mueller","twitter_card":"summary_large_image","twitter_misc":{"Verfasst von":"Eva Mueller","Gesch\u00e4tzte Lesezeit":"2\u00a0Minuten"},"schema":{"@context":"https:\/\/schema.org","@graph":[{"@type":"WebPage","@id":"https:\/\/www.kunstberatung.de\/newsletter\/blog\/mut-letter-106-ambition\/","url":"https:\/\/www.kunstberatung.de\/newsletter\/blog\/mut-letter-106-ambition\/","name":"eva muellers visionary sunday post 106 - ambition | Eva Muellers Visionary Sunday Post","isPartOf":{"@id":"https:\/\/www.kunstberatung.de\/newsletter\/#website"},"primaryImageOfPage":{"@id":"https:\/\/www.kunstberatung.de\/newsletter\/blog\/mut-letter-106-ambition\/#primaryimage"},"image":{"@id":"https:\/\/www.kunstberatung.de\/newsletter\/blog\/mut-letter-106-ambition\/#primaryimage"},"thumbnailUrl":"https:\/\/i8.cmail1.com\/ti\/r\/81\/238\/686\/224113\/spacer.jpg","datePublished":"2012-04-03T11:31:06+00:00","dateModified":"2018-10-09T11:19:31+00:00","author":{"@id":"https:\/\/www.kunstberatung.de\/newsletter\/#\/schema\/person\/5956216e01d75d6ee2e332111165db0a"},"inLanguage":"de","potentialAction":[{"@type":"ReadAction","target":["https:\/\/www.kunstberatung.de\/newsletter\/blog\/mut-letter-106-ambition\/"]}]},{"@type":"ImageObject","inLanguage":"de","@id":"https:\/\/www.kunstberatung.de\/newsletter\/blog\/mut-letter-106-ambition\/#primaryimage","url":"https:\/\/i8.cmail1.com\/ti\/r\/81\/238\/686\/224113\/spacer.jpg","contentUrl":"https:\/\/i8.cmail1.com\/ti\/r\/81\/238\/686\/224113\/spacer.jpg"},{"@type":"WebSite","@id":"https:\/\/www.kunstberatung.de\/newsletter\/#website","url":"https:\/\/www.kunstberatung.de\/newsletter\/","name":"Eva Muellers Visionary Sunday Post","description":"Eva Mueller Kunstberatung","potentialAction":[{"@type":"SearchAction","target":{"@type":"EntryPoint","urlTemplate":"https:\/\/www.kunstberatung.de\/newsletter\/?s={search_term_string}"},"query-input":{"@type":"PropertyValueSpecification","valueRequired":true,"valueName":"search_term_string"}}],"inLanguage":"de"},{"@type":"Person","@id":"https:\/\/www.kunstberatung.de\/newsletter\/#\/schema\/person\/5956216e01d75d6ee2e332111165db0a","name":"Eva Mueller","sameAs":["https:\/\/www.kunstberatung.de","https:\/\/de.linkedin.com\/in\/eva-mueller-kunstberatung","https:\/\/www.youtube.com\/kunstberatungde"]}]}},"acf":[],"_links":{"self":[{"href":"https:\/\/www.kunstberatung.de\/newsletter\/wp-json\/wp\/v2\/posts\/1739","targetHints":{"allow":["GET"]}}],"collection":[{"href":"https:\/\/www.kunstberatung.de\/newsletter\/wp-json\/wp\/v2\/posts"}],"about":[{"href":"https:\/\/www.kunstberatung.de\/newsletter\/wp-json\/wp\/v2\/types\/post"}],"author":[{"embeddable":true,"href":"https:\/\/www.kunstberatung.de\/newsletter\/wp-json\/wp\/v2\/users\/2"}],"replies":[{"embeddable":true,"href":"https:\/\/www.kunstberatung.de\/newsletter\/wp-json\/wp\/v2\/comments?post=1739"}],"version-history":[{"count":0,"href":"https:\/\/www.kunstberatung.de\/newsletter\/wp-json\/wp\/v2\/posts\/1739\/revisions"}],"wp:attachment":[{"href":"https:\/\/www.kunstberatung.de\/newsletter\/wp-json\/wp\/v2\/media?parent=1739"}],"wp:term":[{"taxonomy":"category","embeddable":true,"href":"https:\/\/www.kunstberatung.de\/newsletter\/wp-json\/wp\/v2\/categories?post=1739"},{"taxonomy":"post_tag","embeddable":true,"href":"https:\/\/www.kunstberatung.de\/newsletter\/wp-json\/wp\/v2\/tags?post=1739"}],"curies":[{"name":"wp","href":"https:\/\/api.w.org\/{rel}","templated":true}]}}