{"id":1734,"date":"2012-04-03T11:14:38","date_gmt":"2012-04-03T11:14:38","guid":{"rendered":"https:\/\/www.kunstberatung.de\/newsletter\/?p=1734"},"modified":"2018-10-09T13:19:58","modified_gmt":"2018-10-09T11:19:58","slug":"mut-letter-105-identitat","status":"publish","type":"post","link":"https:\/\/www.kunstberatung.de\/newsletter\/blog\/mut-letter-105-identitat\/","title":{"rendered":"eva muellers visionary sunday post 105 &#8211;  identit\u00e4t"},"content":{"rendered":"<p><strong><em>Identit\u00e4t<\/em><\/strong><\/p>\n<p>&nbsp;<\/p>\n<div>\n<div>\n<div>\n<div>\n<div>\n<div>\n<div>\n<div>\n<div>\n<div>\n<div>\n<div>\n<div>\n<div>\n<div>\n<div>\n<div>\n<div>\n<p style=\"text-align: left\">Guten Tag,<\/p>\n<p style=\"text-align: left\">die Frage nach der Identit\u00e4t, dem eigenen Profil, den charakteristischen Eigenschaften und F\u00e4higkeiten, besch\u00e4ftigt sowohl Unternehmen als auch Einzelne. Je mehr Sie als Person oder Organisation die Essenz herausgearbeitet und vermittelt haben \u2013 umso einfacher wird es auch f\u00fcr andere, sich mit Ihnen zu identifizieren. Das gilt f\u00fcr Kund\/innen wie f\u00fcr Mitarbeiter\/innen gleichermassen.<\/p>\n<p style=\"text-align: left\">Wenn Sie klar zuordenbar sind, wird Ihr Angebot allerdings auch auf eindeutige Ablehnung stossen, bei jenen eben, die ganz andere Vorstellungen und Ideen haben. Je mehr Sie sich exponieren, umso offensichtlicher k\u00f6nnen sich Menschen zugeh\u00f6rig \u2013 oder fremd f\u00fchlen. Es ist allerdings ein Trugschluss zu meinen, man k\u00f6nnte diesen Ausleseprozess vermeiden. Wer aus der Bef\u00fcrchtung heraus, irgend jemand k\u00f6nnte sich vor den Kopf gestossen f\u00fchlen, alles offen und diffus l\u00e4sst, wirkt auf niemand so richtig attraktiv! In Unternehmen f\u00fchrt der Mangel an Identit\u00e4t nicht selten dazu, dass der Preis im Mittelpunkt steht. Die Identitifizierung beschr\u00e4nkt sich dann darauf, billiger als andere zu sein. Um Qualit\u00e4t und zukunftsweisende Ideen geht es nicht mehr. Im privaten Bereich ist die Folge einer opportunistischen Haltung, dass sich \u00fcberwiegend Menschen angesprochen f\u00fchlen, die gerne dominieren und gar kein selbstbewusstes Gegen\u00fcber w\u00fcnschen.<\/p>\n<p style=\"text-align: left\">Ein erkennbares Profil, eine klare Positionierung, eine deutliche Vision, basieren auf dem weisen Umgang damit, dass man es nicht Allen recht machen kann. Daf\u00fcr gelingt es, diejenigen mit ins Boot zu holen, die sich mit den eigenen Werten und Vorstellungen identifizieren k\u00f6nnen und damit wirklich zugeh\u00f6rig f\u00fchlen!<\/p>\n<p style=\"text-align: left\">Mit ermutigenden Gr\u00fcssen<br \/>\nIhre Eva Mueller<\/p>\n<p style=\"text-align: left\"><img loading=\"lazy\" decoding=\"async\" src=\"https:\/\/i8.cmail1.com\/ti\/r\/81\/238\/686\/224113\/spacer.jpg\" alt=\"\" width=\"800\" height=\"13\" \/><\/p>\n<p>&nbsp;<\/p>\n<p><img loading=\"lazy\" decoding=\"async\" class=\"aligncenter\" src=\"http:\/\/i2.createsend1.com\/ei\/r\/65\/975\/AC0\/csimport\/ardhiundurte.142946.jpg\" alt=\"\" width=\"510\" height=\"96\" \/><\/p>\n<p style=\"text-align: left\"><span style=\"color: #33cccc\">Zum Thema Identit\u00e4t und Profilierung kann ich Ihnen das neue St\u00fcck der genialen K\u00fcnstler\/innen Ardhi Engl und Urte Gudian w\u00e4rmstens empfehlen!<\/span>\u00a0<span style=\"color: #0000ff\">Wie w\u00e4re es mit einem Gesamtkunstwerk f\u00fcr alle Sinne, als Einstieg in Ihre Diskussion im Unternehmen \u2013 oder im privaten Umfeld?<\/span>\u00a0<span style=\"color: #33cccc\">Die Betrachter\/innenrolle kann sehr hilfreich sein, um einmal von aussen auf die Thematik zu sehen!<\/span><\/p>\n<p style=\"text-align: left\"><span style=\"color: #33cccc\">Der Musiker Ardhi Engl und die T\u00e4nzerin Urte Gudian verflechten Bild, Musik, Sprache, Tanz und Theater. Auf einer imagin\u00e4ren Reise nach Sibirien sehen wir, wie die Protagonistin Puzzleteile sucht, verliert und findet, die als identit\u00e4tsstiftend gesehen und dem Profil hinzugef\u00fcgt werden. Geh\u00f6ren sie wirklich zur Identit\u00e4t oder handelt es sich nur leere Symbole, Trugbilder ohne Authentizit\u00e4t? Die faszinierenden Bilder und Kl\u00e4nge beeindrucken und inspirieren. Bei der Premiere blieben die Zuschauer\/inenn nach dem ausgiebigen Applaus einfach noch l\u00e4nger sitzen, ganz gefangen von den stimmungsvollen und vielschichtigen Eindr\u00fccken!<\/span><\/p>\n<p style=\"text-align: left\"><span style=\"color: #ff00ff\">\u201ePuzzleteile im Wind \u2013 Cari Bintag \u2013 eine humorvolle Identit\u00e4tssuche auf der Reise nach Sibirien\u201c<\/span><br \/>\n<span style=\"color: #ff00ff\">ist am 16. und 17. M\u00e4rz im TamS Theater in M\u00fcnchen zu sehen. Kartenvorbestellung: 089-345890<\/span><\/p>\n<p style=\"text-align: left\"><span style=\"color: #0000ff\">Oder Sie buchen die K\u00fcnstler f\u00fcr Ihre interne Unternehmens-Vorstellung, wir vermitteln gerne den Kontakt \u2013<\/span><span class=\"Apple-style-span\" style=\"color: #0000ff\">einfach auf diesen Newsletter antworten!<\/span><\/p>\n<p style=\"text-align: left\"><span style=\"color: #00ff00\"><img decoding=\"async\" src=\"http:\/\/i7.createsend1.com\/ti\/r\/81\/238\/686\/023938\/spacer.jpg\" alt=\"\" \/><\/span><\/p>\n<p style=\"text-align: left\"><span style=\"color: #00ff00\">NOCH FREIE PL\u00c4TZE GIBT ES F\u00dcR FOLGENDE KUNSTF\u00dcHRUNGEN:<\/span><\/p>\n<p style=\"text-align: left\"><span style=\"color: #000000\">Georgia O&#8217;Keefe in der Hypo Kunsthalle M\u00fcnchen am Freitag, 16. M\u00e4rz 2012 um 17.15 Uhr<\/span><\/p>\n<p style=\"text-align: left\"><span style=\"color: #000000\">und &#8222;dOCUMENTA\u00a0(13)&#8220; in Kassel am 8. September 2012 von 10-20 Uhr<\/span><\/p>\n<p style=\"text-align: left\"><span style=\"color: #00ff00\">Wenn Sie uns auf diesen Newsletter antworten, senden wir Ihnen gerne detaillierte Infos zu!<\/span><\/p>\n<\/div>\n<\/div>\n<\/div>\n<\/div>\n<\/div>\n<\/div>\n<\/div>\n<\/div>\n<\/div>\n<\/div>\n<\/div>\n<\/div>\n<\/div>\n<\/div>\n<\/div>\n<\/div>\n<\/div>\n<\/div>\n","protected":false},"excerpt":{"rendered":"<p>Identit\u00e4t &nbsp; Guten Tag, die Frage nach der Identit\u00e4t, dem eigenen Profil, den charakteristischen Eigenschaften und F\u00e4higkeiten, besch\u00e4ftigt sowohl Unternehmen als auch Einzelne. Je mehr Sie als Person oder Organisation die Essenz herausgearbeitet und vermittelt haben \u2013 umso einfacher wird es auch f\u00fcr andere, sich mit Ihnen zu identifizieren. Das gilt f\u00fcr Kund\/innen wie f\u00fcr [&hellip;]<\/p>\n","protected":false},"author":2,"featured_media":0,"comment_status":"closed","ping_status":"open","sticky":false,"template":"","format":"standard","meta":{"_acf_changed":false,"footnotes":""},"categories":[2],"tags":[],"class_list":["post-1734","post","type-post","status-publish","format-standard","hentry","category-blog"],"yoast_head":"<!-- This site is optimized with the Yoast SEO plugin v26.6 - https:\/\/yoast.com\/wordpress\/plugins\/seo\/ -->\n<title>Eva Muellers Visionary Sunday Post 105 - Identit\u00e4t | Eva Muellers Visionary Sunday Post<\/title>\n<meta name=\"robots\" content=\"index, follow, max-snippet:-1, max-image-preview:large, max-video-preview:-1\" \/>\n<link rel=\"canonical\" href=\"https:\/\/www.kunstberatung.de\/newsletter\/blog\/mut-letter-105-identitat\/\" \/>\n<meta property=\"og:locale\" content=\"de_DE\" \/>\n<meta property=\"og:type\" content=\"article\" \/>\n<meta property=\"og:title\" content=\"eva muellers visionary sunday post 105 - identit\u00e4t | Eva Muellers Visionary Sunday Post\" \/>\n<meta property=\"og:description\" content=\"Identit\u00e4t &nbsp; Guten Tag, die Frage nach der Identit\u00e4t, dem eigenen Profil, den charakteristischen Eigenschaften und F\u00e4higkeiten, besch\u00e4ftigt sowohl Unternehmen als auch Einzelne. Je mehr Sie als Person oder Organisation die Essenz herausgearbeitet und vermittelt haben \u2013 umso einfacher wird es auch f\u00fcr andere, sich mit Ihnen zu identifizieren. Das gilt f\u00fcr Kund\/innen wie f\u00fcr [&hellip;]\" \/>\n<meta property=\"og:url\" content=\"https:\/\/www.kunstberatung.de\/newsletter\/blog\/mut-letter-105-identitat\/\" \/>\n<meta property=\"og:site_name\" content=\"Eva Muellers Visionary Sunday Post\" \/>\n<meta property=\"article:published_time\" content=\"2012-04-03T11:14:38+00:00\" \/>\n<meta property=\"article:modified_time\" content=\"2018-10-09T11:19:58+00:00\" \/>\n<meta property=\"og:image\" content=\"https:\/\/i8.cmail1.com\/ti\/r\/81\/238\/686\/224113\/spacer.jpg\" \/>\n<meta name=\"author\" content=\"Eva Mueller\" \/>\n<meta name=\"twitter:card\" content=\"summary_large_image\" \/>\n<meta name=\"twitter:label1\" content=\"Verfasst von\" \/>\n\t<meta name=\"twitter:data1\" content=\"Eva Mueller\" \/>\n\t<meta name=\"twitter:label2\" content=\"Gesch\u00e4tzte Lesezeit\" \/>\n\t<meta name=\"twitter:data2\" content=\"3\u00a0Minuten\" \/>\n<script type=\"application\/ld+json\" class=\"yoast-schema-graph\">{\"@context\":\"https:\/\/schema.org\",\"@graph\":[{\"@type\":\"WebPage\",\"@id\":\"https:\/\/www.kunstberatung.de\/newsletter\/blog\/mut-letter-105-identitat\/\",\"url\":\"https:\/\/www.kunstberatung.de\/newsletter\/blog\/mut-letter-105-identitat\/\",\"name\":\"eva muellers visionary sunday post 105 - identit\u00e4t | Eva Muellers Visionary Sunday Post\",\"isPartOf\":{\"@id\":\"https:\/\/www.kunstberatung.de\/newsletter\/#website\"},\"primaryImageOfPage\":{\"@id\":\"https:\/\/www.kunstberatung.de\/newsletter\/blog\/mut-letter-105-identitat\/#primaryimage\"},\"image\":{\"@id\":\"https:\/\/www.kunstberatung.de\/newsletter\/blog\/mut-letter-105-identitat\/#primaryimage\"},\"thumbnailUrl\":\"https:\/\/i8.cmail1.com\/ti\/r\/81\/238\/686\/224113\/spacer.jpg\",\"datePublished\":\"2012-04-03T11:14:38+00:00\",\"dateModified\":\"2018-10-09T11:19:58+00:00\",\"author\":{\"@id\":\"https:\/\/www.kunstberatung.de\/newsletter\/#\/schema\/person\/5956216e01d75d6ee2e332111165db0a\"},\"inLanguage\":\"de\",\"potentialAction\":[{\"@type\":\"ReadAction\",\"target\":[\"https:\/\/www.kunstberatung.de\/newsletter\/blog\/mut-letter-105-identitat\/\"]}]},{\"@type\":\"ImageObject\",\"inLanguage\":\"de\",\"@id\":\"https:\/\/www.kunstberatung.de\/newsletter\/blog\/mut-letter-105-identitat\/#primaryimage\",\"url\":\"https:\/\/i8.cmail1.com\/ti\/r\/81\/238\/686\/224113\/spacer.jpg\",\"contentUrl\":\"https:\/\/i8.cmail1.com\/ti\/r\/81\/238\/686\/224113\/spacer.jpg\"},{\"@type\":\"WebSite\",\"@id\":\"https:\/\/www.kunstberatung.de\/newsletter\/#website\",\"url\":\"https:\/\/www.kunstberatung.de\/newsletter\/\",\"name\":\"Eva Muellers Visionary Sunday Post\",\"description\":\"Eva Mueller Kunstberatung\",\"potentialAction\":[{\"@type\":\"SearchAction\",\"target\":{\"@type\":\"EntryPoint\",\"urlTemplate\":\"https:\/\/www.kunstberatung.de\/newsletter\/?s={search_term_string}\"},\"query-input\":{\"@type\":\"PropertyValueSpecification\",\"valueRequired\":true,\"valueName\":\"search_term_string\"}}],\"inLanguage\":\"de\"},{\"@type\":\"Person\",\"@id\":\"https:\/\/www.kunstberatung.de\/newsletter\/#\/schema\/person\/5956216e01d75d6ee2e332111165db0a\",\"name\":\"Eva Mueller\",\"sameAs\":[\"https:\/\/www.kunstberatung.de\",\"https:\/\/de.linkedin.com\/in\/eva-mueller-kunstberatung\",\"https:\/\/www.youtube.com\/kunstberatungde\"]}]}<\/script>\n<!-- \/ Yoast SEO plugin. -->","yoast_head_json":{"title":"Eva Muellers Visionary Sunday Post 105 - Identit\u00e4t | Eva Muellers Visionary Sunday Post","robots":{"index":"index","follow":"follow","max-snippet":"max-snippet:-1","max-image-preview":"max-image-preview:large","max-video-preview":"max-video-preview:-1"},"canonical":"https:\/\/www.kunstberatung.de\/newsletter\/blog\/mut-letter-105-identitat\/","og_locale":"de_DE","og_type":"article","og_title":"eva muellers visionary sunday post 105 - identit\u00e4t | Eva Muellers Visionary Sunday Post","og_description":"Identit\u00e4t &nbsp; Guten Tag, die Frage nach der Identit\u00e4t, dem eigenen Profil, den charakteristischen Eigenschaften und F\u00e4higkeiten, besch\u00e4ftigt sowohl Unternehmen als auch Einzelne. Je mehr Sie als Person oder Organisation die Essenz herausgearbeitet und vermittelt haben \u2013 umso einfacher wird es auch f\u00fcr andere, sich mit Ihnen zu identifizieren. Das gilt f\u00fcr Kund\/innen wie f\u00fcr [&hellip;]","og_url":"https:\/\/www.kunstberatung.de\/newsletter\/blog\/mut-letter-105-identitat\/","og_site_name":"Eva Muellers Visionary Sunday Post","article_published_time":"2012-04-03T11:14:38+00:00","article_modified_time":"2018-10-09T11:19:58+00:00","og_image":[{"url":"https:\/\/i8.cmail1.com\/ti\/r\/81\/238\/686\/224113\/spacer.jpg","type":"","width":"","height":""}],"author":"Eva Mueller","twitter_card":"summary_large_image","twitter_misc":{"Verfasst von":"Eva Mueller","Gesch\u00e4tzte Lesezeit":"3\u00a0Minuten"},"schema":{"@context":"https:\/\/schema.org","@graph":[{"@type":"WebPage","@id":"https:\/\/www.kunstberatung.de\/newsletter\/blog\/mut-letter-105-identitat\/","url":"https:\/\/www.kunstberatung.de\/newsletter\/blog\/mut-letter-105-identitat\/","name":"eva muellers visionary sunday post 105 - identit\u00e4t | Eva Muellers Visionary Sunday Post","isPartOf":{"@id":"https:\/\/www.kunstberatung.de\/newsletter\/#website"},"primaryImageOfPage":{"@id":"https:\/\/www.kunstberatung.de\/newsletter\/blog\/mut-letter-105-identitat\/#primaryimage"},"image":{"@id":"https:\/\/www.kunstberatung.de\/newsletter\/blog\/mut-letter-105-identitat\/#primaryimage"},"thumbnailUrl":"https:\/\/i8.cmail1.com\/ti\/r\/81\/238\/686\/224113\/spacer.jpg","datePublished":"2012-04-03T11:14:38+00:00","dateModified":"2018-10-09T11:19:58+00:00","author":{"@id":"https:\/\/www.kunstberatung.de\/newsletter\/#\/schema\/person\/5956216e01d75d6ee2e332111165db0a"},"inLanguage":"de","potentialAction":[{"@type":"ReadAction","target":["https:\/\/www.kunstberatung.de\/newsletter\/blog\/mut-letter-105-identitat\/"]}]},{"@type":"ImageObject","inLanguage":"de","@id":"https:\/\/www.kunstberatung.de\/newsletter\/blog\/mut-letter-105-identitat\/#primaryimage","url":"https:\/\/i8.cmail1.com\/ti\/r\/81\/238\/686\/224113\/spacer.jpg","contentUrl":"https:\/\/i8.cmail1.com\/ti\/r\/81\/238\/686\/224113\/spacer.jpg"},{"@type":"WebSite","@id":"https:\/\/www.kunstberatung.de\/newsletter\/#website","url":"https:\/\/www.kunstberatung.de\/newsletter\/","name":"Eva Muellers Visionary Sunday Post","description":"Eva Mueller Kunstberatung","potentialAction":[{"@type":"SearchAction","target":{"@type":"EntryPoint","urlTemplate":"https:\/\/www.kunstberatung.de\/newsletter\/?s={search_term_string}"},"query-input":{"@type":"PropertyValueSpecification","valueRequired":true,"valueName":"search_term_string"}}],"inLanguage":"de"},{"@type":"Person","@id":"https:\/\/www.kunstberatung.de\/newsletter\/#\/schema\/person\/5956216e01d75d6ee2e332111165db0a","name":"Eva Mueller","sameAs":["https:\/\/www.kunstberatung.de","https:\/\/de.linkedin.com\/in\/eva-mueller-kunstberatung","https:\/\/www.youtube.com\/kunstberatungde"]}]}},"acf":[],"_links":{"self":[{"href":"https:\/\/www.kunstberatung.de\/newsletter\/wp-json\/wp\/v2\/posts\/1734","targetHints":{"allow":["GET"]}}],"collection":[{"href":"https:\/\/www.kunstberatung.de\/newsletter\/wp-json\/wp\/v2\/posts"}],"about":[{"href":"https:\/\/www.kunstberatung.de\/newsletter\/wp-json\/wp\/v2\/types\/post"}],"author":[{"embeddable":true,"href":"https:\/\/www.kunstberatung.de\/newsletter\/wp-json\/wp\/v2\/users\/2"}],"replies":[{"embeddable":true,"href":"https:\/\/www.kunstberatung.de\/newsletter\/wp-json\/wp\/v2\/comments?post=1734"}],"version-history":[{"count":0,"href":"https:\/\/www.kunstberatung.de\/newsletter\/wp-json\/wp\/v2\/posts\/1734\/revisions"}],"wp:attachment":[{"href":"https:\/\/www.kunstberatung.de\/newsletter\/wp-json\/wp\/v2\/media?parent=1734"}],"wp:term":[{"taxonomy":"category","embeddable":true,"href":"https:\/\/www.kunstberatung.de\/newsletter\/wp-json\/wp\/v2\/categories?post=1734"},{"taxonomy":"post_tag","embeddable":true,"href":"https:\/\/www.kunstberatung.de\/newsletter\/wp-json\/wp\/v2\/tags?post=1734"}],"curies":[{"name":"wp","href":"https:\/\/api.w.org\/{rel}","templated":true}]}}