{"id":1514,"date":"2011-11-25T12:15:15","date_gmt":"2011-11-25T12:15:15","guid":{"rendered":"https:\/\/www.kunstberatung.de\/newsletter\/?p=1514"},"modified":"2018-10-09T13:27:45","modified_gmt":"2018-10-09T11:27:45","slug":"mut-letter-85-2","status":"publish","type":"post","link":"https:\/\/www.kunstberatung.de\/newsletter\/blog\/mut-letter-85-2\/","title":{"rendered":"eva muellers visionary sunday post 84 &#8211; operndorf"},"content":{"rendered":"<h4><em>Operndorf<\/em><\/h4>\n<p>&nbsp;<\/p>\n<p>Guten Tag,<\/p>\n<p>an der Berichterstattung zum gerade er\u00f6ffneten Operndorf in Burkina Faso ist zu beobachten, wie mit Visionen h\u00e4ufig umgegangen wird.<\/p>\n<p>Bei unseren F\u00fchrungen durch die diesj\u00e4hrige Biennale in Venedig war der deutsche Pavillon mit Installationen und Filmen von und f\u00fcr Christoph Schlingensief einer der zentralen Orte. Dieses &#8222;enfant terrible&#8220; der deutschen Theater- und Kunstszene sorgte mit seinen Aktionen f\u00fcr gut vermarktbare Beitr\u00e4ge in den Feuilletons, die sich gerne mal mit kontroversen Themen progressiv zeigen.<\/p>\n<p>Nun hatte Christoph Schlingensief unterschiedliche Ideen. Wie ihm nahestehende Menschen sagen, lag ihm eine ganz besonders am Herzen. Sie fiel in die gleiche Zeit, in der er von seiner Krebserkrankung erfuhr und sich mit dem bevorstehenden Tod auseinandersetzen musste: Die Vision ein Operndorf f\u00fcr die Kinder in Burkina Faso zu bauen, in einem der \u00e4rmsten L\u00e4nder der Welt.<\/p>\n<p>Am letzten Wochenende wurde das erste Schulgeb\u00e4ude in Ziniar\u00e9 er\u00f6ffnet, so klug von einem einheimischen Architekten gabaut, dass es bei Aussentemperaturen von 40\u00b0, innen nur noch 25\u00b0 sind, mit einem ungeheuren Engagement von Aino Laberenz, der Frau von Schlingensief und grosser Unterst\u00fctzung des Goethe-Institutes vor Ort. Neben den normalen Schulf\u00e4chern wird es Angebote f\u00fcr Film, Kunst und Musikunterricht geben, eine B\u00fchne f\u00fcr Auff\u00fchrungen, eine Schulkantine, Ausstellungsr\u00e4ume, ein Krankenhaus, Geb\u00e4ude f\u00fcr die Lehrer.<\/p>\n<p>Wieso wohl muss eine seri\u00f6se Tageszeitung die Nachricht mit &#8222;Schwarz(!?)waldklinik f\u00fcr die Seele&#8220; und &#8222;Sehnsuchtsdorf vor allem f\u00fcr Europ\u00e4er&#8220; betiteln und das Gel\u00fcbde Schlingensiefs am Grab seines Vaters l\u00e4cherlich machen? Warum wird dieses Projekt von einer Online Nachricht als eines seiner groteskesten bezeichnet, obwohl der Autor beschreibt, mit welcher Freude getanzt und getrommelt wird? Es wird gar in Frage gestellt, was denn in dieser Region ein Opernhaus soll? Hat es denn dort weniger Berechtigung als bei uns? Gibt es nicht auch in China begeisterte Anh\u00e4nger unserer klassischen Musik?<\/p>\n<p>Solch&#8216; aggressive Kritik und S\u00fcffisanz weist immer auf den\/die Autorin zur\u00fcck. Gl\u00fccklicherweise gab es auch Medien, die einfach nur sachlich von der Einweihung berichteten. Lassen Sie sich also bei Ihren Ideen nicht beirren und erz\u00e4hlen Sie nur den richtigen Leuten davon.<\/p>\n<p>Sie erkennen konstruktive Menschen daran, dass sie neidlos wertsch\u00e4tzen was andere leisten und Sie bei Ihren Ideen und Vorhaben unterst\u00fctzen!<\/p>\n<p>Mit den besten W\u00fcnschen,<br \/>\nIhre Eva Mueller<\/p>\n<p>&nbsp;<\/p>\n<p><span style=\"font-size: small\"><span class=\"Apple-style-span\" style=\"line-height: normal\">\u00a0<\/span><\/span><\/p>\n<h5><img decoding=\"async\" src=\"https:\/\/i8.cmail1.com\/ti\/r\/81\/238\/686\/224113\/spacer.jpg\" alt=\"\" \/><\/h5>\n<p><img loading=\"lazy\" decoding=\"async\" src=\"http:\/\/i1.createsend1.com\/ei\/r\/DE\/A59\/986\/csimport\/operndorf.180341.jpg\" alt=\"\" width=\"567\" height=\"98\" \/><\/p>\n<p>&nbsp;<\/p>\n<p><span style=\"color: #993300\">Ansichten aus dem Operndorf<\/span><\/p>\n<h5><img decoding=\"async\" src=\"https:\/\/i8.cmail1.com\/ti\/r\/81\/238\/686\/224113\/spacer.jpg\" alt=\"\" \/><\/h5>\n<p><img loading=\"lazy\" decoding=\"async\" src=\"http:\/\/i2.createsend1.com\/ei\/r\/DE\/A59\/986\/csimport\/wrede_terrier.180449.jpg\" alt=\"\" width=\"203\" height=\"283\" \/><\/p>\n<p>&nbsp;<\/p>\n<p><span style=\"color: #ff9900\">MOMENT MAL!<\/span><br \/>\nheisst die Ausstellung, zu der wir Sie und Ihre Freund\/innen ganz herzlich einladen!<\/p>\n<p>Erstmalig pr\u00e4sentieren wir Cartoons, Illustrationen, Vignetten und Zeichnungen der K\u00fcnstlerin Barbara Wrede, die in diversen Tageszeitungen wie der Frankfurter Allgemeinen Zeitung oder der Berliner Zeitung ver\u00f6ffentlicht wurden.<\/p>\n<p><span style=\"color: #ff9900\">Unser kleines Fest zur Midissage findet statt am<\/span><br \/>\n<span style=\"color: #ff9900\">20.10.11 von 18.30 bis 21.00 Uhr<\/span><\/p>\n<p>Einf\u00fchrung in das Werk: Eva M\u00fcller<br \/>\nLesung einer kleinen Auswahl von Texten: Barbara Wrede<\/p>\n<p><span style=\"color: #ff9900\">Die international erfolgreiche PR Agentur Wilde &amp; Partner ist unser Gastgeber!<\/span><br \/>\n<span style=\"color: #ff9900\">Nymphenburger Strasse 168<\/span><br \/>\n<span style=\"color: #ff9900\">80634 M\u00fcnchen<\/span><\/p>\n","protected":false},"excerpt":{"rendered":"<p>Operndorf &nbsp; Guten Tag, an der Berichterstattung zum gerade er\u00f6ffneten Operndorf in Burkina Faso ist zu beobachten, wie mit Visionen h\u00e4ufig umgegangen wird. Bei unseren F\u00fchrungen durch die diesj\u00e4hrige Biennale in Venedig war der deutsche Pavillon mit Installationen und Filmen von und f\u00fcr Christoph Schlingensief einer der zentralen Orte. Dieses &#8222;enfant terrible&#8220; der deutschen Theater- [&hellip;]<\/p>\n","protected":false},"author":2,"featured_media":0,"comment_status":"closed","ping_status":"open","sticky":false,"template":"","format":"standard","meta":{"_acf_changed":false,"footnotes":""},"categories":[2],"tags":[],"class_list":["post-1514","post","type-post","status-publish","format-standard","hentry","category-blog"],"yoast_head":"<!-- This site is optimized with the Yoast SEO plugin v26.6 - https:\/\/yoast.com\/wordpress\/plugins\/seo\/ -->\n<title>Eva Muellers Visionary Sunday Post 84 - Operndorf | Eva Muellers Visionary Sunday Post<\/title>\n<meta name=\"robots\" content=\"index, follow, max-snippet:-1, max-image-preview:large, max-video-preview:-1\" \/>\n<link rel=\"canonical\" href=\"https:\/\/www.kunstberatung.de\/newsletter\/blog\/mut-letter-85-2\/\" \/>\n<meta property=\"og:locale\" content=\"de_DE\" \/>\n<meta property=\"og:type\" content=\"article\" \/>\n<meta property=\"og:title\" content=\"eva muellers visionary sunday post 84 - operndorf | Eva Muellers Visionary Sunday Post\" \/>\n<meta property=\"og:description\" content=\"Operndorf &nbsp; Guten Tag, an der Berichterstattung zum gerade er\u00f6ffneten Operndorf in Burkina Faso ist zu beobachten, wie mit Visionen h\u00e4ufig umgegangen wird. Bei unseren F\u00fchrungen durch die diesj\u00e4hrige Biennale in Venedig war der deutsche Pavillon mit Installationen und Filmen von und f\u00fcr Christoph Schlingensief einer der zentralen Orte. Dieses &#8222;enfant terrible&#8220; der deutschen Theater- [&hellip;]\" \/>\n<meta property=\"og:url\" content=\"https:\/\/www.kunstberatung.de\/newsletter\/blog\/mut-letter-85-2\/\" \/>\n<meta property=\"og:site_name\" content=\"Eva Muellers Visionary Sunday Post\" \/>\n<meta property=\"article:published_time\" content=\"2011-11-25T12:15:15+00:00\" \/>\n<meta property=\"article:modified_time\" content=\"2018-10-09T11:27:45+00:00\" \/>\n<meta property=\"og:image\" content=\"https:\/\/i8.cmail1.com\/ti\/r\/81\/238\/686\/224113\/spacer.jpg\" \/>\n<meta name=\"author\" content=\"Eva Mueller\" \/>\n<meta name=\"twitter:card\" content=\"summary_large_image\" \/>\n<meta name=\"twitter:label1\" content=\"Verfasst von\" \/>\n\t<meta name=\"twitter:data1\" content=\"Eva Mueller\" \/>\n\t<meta name=\"twitter:label2\" content=\"Gesch\u00e4tzte Lesezeit\" \/>\n\t<meta name=\"twitter:data2\" content=\"2\u00a0Minuten\" \/>\n<script type=\"application\/ld+json\" class=\"yoast-schema-graph\">{\"@context\":\"https:\/\/schema.org\",\"@graph\":[{\"@type\":\"WebPage\",\"@id\":\"https:\/\/www.kunstberatung.de\/newsletter\/blog\/mut-letter-85-2\/\",\"url\":\"https:\/\/www.kunstberatung.de\/newsletter\/blog\/mut-letter-85-2\/\",\"name\":\"eva muellers visionary sunday post 84 - operndorf | Eva Muellers Visionary Sunday Post\",\"isPartOf\":{\"@id\":\"https:\/\/www.kunstberatung.de\/newsletter\/#website\"},\"primaryImageOfPage\":{\"@id\":\"https:\/\/www.kunstberatung.de\/newsletter\/blog\/mut-letter-85-2\/#primaryimage\"},\"image\":{\"@id\":\"https:\/\/www.kunstberatung.de\/newsletter\/blog\/mut-letter-85-2\/#primaryimage\"},\"thumbnailUrl\":\"https:\/\/i8.cmail1.com\/ti\/r\/81\/238\/686\/224113\/spacer.jpg\",\"datePublished\":\"2011-11-25T12:15:15+00:00\",\"dateModified\":\"2018-10-09T11:27:45+00:00\",\"author\":{\"@id\":\"https:\/\/www.kunstberatung.de\/newsletter\/#\/schema\/person\/5956216e01d75d6ee2e332111165db0a\"},\"inLanguage\":\"de\",\"potentialAction\":[{\"@type\":\"ReadAction\",\"target\":[\"https:\/\/www.kunstberatung.de\/newsletter\/blog\/mut-letter-85-2\/\"]}]},{\"@type\":\"ImageObject\",\"inLanguage\":\"de\",\"@id\":\"https:\/\/www.kunstberatung.de\/newsletter\/blog\/mut-letter-85-2\/#primaryimage\",\"url\":\"https:\/\/i8.cmail1.com\/ti\/r\/81\/238\/686\/224113\/spacer.jpg\",\"contentUrl\":\"https:\/\/i8.cmail1.com\/ti\/r\/81\/238\/686\/224113\/spacer.jpg\"},{\"@type\":\"WebSite\",\"@id\":\"https:\/\/www.kunstberatung.de\/newsletter\/#website\",\"url\":\"https:\/\/www.kunstberatung.de\/newsletter\/\",\"name\":\"Eva Muellers Visionary Sunday Post\",\"description\":\"Eva Mueller Kunstberatung\",\"potentialAction\":[{\"@type\":\"SearchAction\",\"target\":{\"@type\":\"EntryPoint\",\"urlTemplate\":\"https:\/\/www.kunstberatung.de\/newsletter\/?s={search_term_string}\"},\"query-input\":{\"@type\":\"PropertyValueSpecification\",\"valueRequired\":true,\"valueName\":\"search_term_string\"}}],\"inLanguage\":\"de\"},{\"@type\":\"Person\",\"@id\":\"https:\/\/www.kunstberatung.de\/newsletter\/#\/schema\/person\/5956216e01d75d6ee2e332111165db0a\",\"name\":\"Eva Mueller\",\"sameAs\":[\"https:\/\/www.kunstberatung.de\",\"https:\/\/de.linkedin.com\/in\/eva-mueller-kunstberatung\",\"https:\/\/www.youtube.com\/kunstberatungde\"]}]}<\/script>\n<!-- \/ Yoast SEO plugin. -->","yoast_head_json":{"title":"Eva Muellers Visionary Sunday Post 84 - Operndorf | Eva Muellers Visionary Sunday Post","robots":{"index":"index","follow":"follow","max-snippet":"max-snippet:-1","max-image-preview":"max-image-preview:large","max-video-preview":"max-video-preview:-1"},"canonical":"https:\/\/www.kunstberatung.de\/newsletter\/blog\/mut-letter-85-2\/","og_locale":"de_DE","og_type":"article","og_title":"eva muellers visionary sunday post 84 - operndorf | Eva Muellers Visionary Sunday Post","og_description":"Operndorf &nbsp; Guten Tag, an der Berichterstattung zum gerade er\u00f6ffneten Operndorf in Burkina Faso ist zu beobachten, wie mit Visionen h\u00e4ufig umgegangen wird. Bei unseren F\u00fchrungen durch die diesj\u00e4hrige Biennale in Venedig war der deutsche Pavillon mit Installationen und Filmen von und f\u00fcr Christoph Schlingensief einer der zentralen Orte. Dieses &#8222;enfant terrible&#8220; der deutschen Theater- [&hellip;]","og_url":"https:\/\/www.kunstberatung.de\/newsletter\/blog\/mut-letter-85-2\/","og_site_name":"Eva Muellers Visionary Sunday Post","article_published_time":"2011-11-25T12:15:15+00:00","article_modified_time":"2018-10-09T11:27:45+00:00","og_image":[{"url":"https:\/\/i8.cmail1.com\/ti\/r\/81\/238\/686\/224113\/spacer.jpg","type":"","width":"","height":""}],"author":"Eva Mueller","twitter_card":"summary_large_image","twitter_misc":{"Verfasst von":"Eva Mueller","Gesch\u00e4tzte Lesezeit":"2\u00a0Minuten"},"schema":{"@context":"https:\/\/schema.org","@graph":[{"@type":"WebPage","@id":"https:\/\/www.kunstberatung.de\/newsletter\/blog\/mut-letter-85-2\/","url":"https:\/\/www.kunstberatung.de\/newsletter\/blog\/mut-letter-85-2\/","name":"eva muellers visionary sunday post 84 - operndorf | Eva Muellers Visionary Sunday Post","isPartOf":{"@id":"https:\/\/www.kunstberatung.de\/newsletter\/#website"},"primaryImageOfPage":{"@id":"https:\/\/www.kunstberatung.de\/newsletter\/blog\/mut-letter-85-2\/#primaryimage"},"image":{"@id":"https:\/\/www.kunstberatung.de\/newsletter\/blog\/mut-letter-85-2\/#primaryimage"},"thumbnailUrl":"https:\/\/i8.cmail1.com\/ti\/r\/81\/238\/686\/224113\/spacer.jpg","datePublished":"2011-11-25T12:15:15+00:00","dateModified":"2018-10-09T11:27:45+00:00","author":{"@id":"https:\/\/www.kunstberatung.de\/newsletter\/#\/schema\/person\/5956216e01d75d6ee2e332111165db0a"},"inLanguage":"de","potentialAction":[{"@type":"ReadAction","target":["https:\/\/www.kunstberatung.de\/newsletter\/blog\/mut-letter-85-2\/"]}]},{"@type":"ImageObject","inLanguage":"de","@id":"https:\/\/www.kunstberatung.de\/newsletter\/blog\/mut-letter-85-2\/#primaryimage","url":"https:\/\/i8.cmail1.com\/ti\/r\/81\/238\/686\/224113\/spacer.jpg","contentUrl":"https:\/\/i8.cmail1.com\/ti\/r\/81\/238\/686\/224113\/spacer.jpg"},{"@type":"WebSite","@id":"https:\/\/www.kunstberatung.de\/newsletter\/#website","url":"https:\/\/www.kunstberatung.de\/newsletter\/","name":"Eva Muellers Visionary Sunday Post","description":"Eva Mueller Kunstberatung","potentialAction":[{"@type":"SearchAction","target":{"@type":"EntryPoint","urlTemplate":"https:\/\/www.kunstberatung.de\/newsletter\/?s={search_term_string}"},"query-input":{"@type":"PropertyValueSpecification","valueRequired":true,"valueName":"search_term_string"}}],"inLanguage":"de"},{"@type":"Person","@id":"https:\/\/www.kunstberatung.de\/newsletter\/#\/schema\/person\/5956216e01d75d6ee2e332111165db0a","name":"Eva Mueller","sameAs":["https:\/\/www.kunstberatung.de","https:\/\/de.linkedin.com\/in\/eva-mueller-kunstberatung","https:\/\/www.youtube.com\/kunstberatungde"]}]}},"acf":[],"_links":{"self":[{"href":"https:\/\/www.kunstberatung.de\/newsletter\/wp-json\/wp\/v2\/posts\/1514","targetHints":{"allow":["GET"]}}],"collection":[{"href":"https:\/\/www.kunstberatung.de\/newsletter\/wp-json\/wp\/v2\/posts"}],"about":[{"href":"https:\/\/www.kunstberatung.de\/newsletter\/wp-json\/wp\/v2\/types\/post"}],"author":[{"embeddable":true,"href":"https:\/\/www.kunstberatung.de\/newsletter\/wp-json\/wp\/v2\/users\/2"}],"replies":[{"embeddable":true,"href":"https:\/\/www.kunstberatung.de\/newsletter\/wp-json\/wp\/v2\/comments?post=1514"}],"version-history":[{"count":0,"href":"https:\/\/www.kunstberatung.de\/newsletter\/wp-json\/wp\/v2\/posts\/1514\/revisions"}],"wp:attachment":[{"href":"https:\/\/www.kunstberatung.de\/newsletter\/wp-json\/wp\/v2\/media?parent=1514"}],"wp:term":[{"taxonomy":"category","embeddable":true,"href":"https:\/\/www.kunstberatung.de\/newsletter\/wp-json\/wp\/v2\/categories?post=1514"},{"taxonomy":"post_tag","embeddable":true,"href":"https:\/\/www.kunstberatung.de\/newsletter\/wp-json\/wp\/v2\/tags?post=1514"}],"curies":[{"name":"wp","href":"https:\/\/api.w.org\/{rel}","templated":true}]}}